{"id":995,"date":"2012-10-26T17:35:49","date_gmt":"2012-10-26T17:35:49","guid":{"rendered":"http:\/\/www.ardae.ro\/?p=995"},"modified":"2014-11-06T18:20:36","modified_gmt":"2014-11-06T18:20:36","slug":"anamaria-groza","status":"publish","type":"post","link":"http:\/\/www.ardae.ro\/?p=995","title":{"rendered":"Anamaria Groza"},"content":{"rendered":"<p><!--more--><\/p>\n<p>&nbsp;<\/p>\n<p><a href=\"http:\/\/www.ardae.ro\/wp-content\/uploads\/S25C-114072316280-decupata.jpg\"><img loading=\"lazy\" decoding=\"async\" class=\"alignleft size-medium wp-image-996\" alt=\"Anamaria Groza\" src=\"http:\/\/www.ardae.ro\/wp-content\/uploads\/S25C-114072316280-decupata-232x300.jpg\" width=\"232\" height=\"300\" srcset=\"http:\/\/www.ardae.ro\/wp-content\/uploads\/S25C-114072316280-decupata-232x300.jpg 232w, http:\/\/www.ardae.ro\/wp-content\/uploads\/S25C-114072316280-decupata.jpg 554w\" sizes=\"(max-width: 232px) 100vw, 232px\" \/><\/a>\u00a0 \u00a0 \u00a0 \u00a0 \u00a0 \u00a0\u00a0<b style=\"font-size: 13px;\">ANAMARIA GROZA \u2013 <\/b><span style=\"font-size: 13px;\">Lector universitar doctor la Facultatea de Drept\u00a0\u015fi \u015etiin\u0163e Sociale a Universit\u0103\u0163ii din Craiova; membru al Centrului de Studii de Drept European al Institutului de Cercet\u0103ri Juridice &#8220;Acad. Andrei R\u0103dulescu&#8221; al Academiei Rom\u00e2ne; membru\u00a0aderent al <\/span><a style=\"font-size: 13px;\" href=\"http:\/\/www.ardae.ro\/\" target=\"_blank\">ARDAE<\/a>,\u00a0<span style=\"font-size: 13px;\">membru in Comitetul \u015ftiin\u0163ific al <a href=\"http:\/\/www.forumuljudecatorilor.ro\/\" target=\"_blank\">Revistei Forumul Judec\u0103torilor<\/a>\u00a0\u015fi\u00a0membru al echipei redac\u021bionale a revistei <\/span><a style=\"font-size: 13px;\" href=\"http:\/\/iaduer.ro\/\" target=\"_blank\"><i>Afaceri juridice europene<\/i><\/a><span style=\"font-size: 13px;\">. Este judec\u0103tor \u00een cadrul Judec\u0103toriei Strehaia, iar din 2012 exercit\u0103 func\u0163ia de pre\u015fedinte al acestei instan\u0163e. Autor de c\u0103r\u0163i \u015fi articole de specialitate, aria de expertiz\u0103: dreptul Uniunii Europene.<\/span><\/p>\n<p>&nbsp;<\/p>\n","protected":false},"excerpt":{"rendered":"","protected":false},"author":1,"featured_media":0,"comment_status":"closed","ping_status":"open","sticky":false,"template":"","format":"standard","meta":{"footnotes":""},"categories":[8,10],"tags":[],"class_list":["post-995","post","type-post","status-publish","format-standard","hentry","category-despre-noi","category-membri-aderenti"],"_links":{"self":[{"href":"http:\/\/www.ardae.ro\/index.php?rest_route=\/wp\/v2\/posts\/995"}],"collection":[{"href":"http:\/\/www.ardae.ro\/index.php?rest_route=\/wp\/v2\/posts"}],"about":[{"href":"http:\/\/www.ardae.ro\/index.php?rest_route=\/wp\/v2\/types\/post"}],"author":[{"embeddable":true,"href":"http:\/\/www.ardae.ro\/index.php?rest_route=\/wp\/v2\/users\/1"}],"replies":[{"embeddable":true,"href":"http:\/\/www.ardae.ro\/index.php?rest_route=%2Fwp%2Fv2%2Fcomments&post=995"}],"version-history":[{"count":8,"href":"http:\/\/www.ardae.ro\/index.php?rest_route=\/wp\/v2\/posts\/995\/revisions"}],"predecessor-version":[{"id":1104,"href":"http:\/\/www.ardae.ro\/index.php?rest_route=\/wp\/v2\/posts\/995\/revisions\/1104"}],"wp:attachment":[{"href":"http:\/\/www.ardae.ro\/index.php?rest_route=%2Fwp%2Fv2%2Fmedia&parent=995"}],"wp:term":[{"taxonomy":"category","embeddable":true,"href":"http:\/\/www.ardae.ro\/index.php?rest_route=%2Fwp%2Fv2%2Fcategories&post=995"},{"taxonomy":"post_tag","embeddable":true,"href":"http:\/\/www.ardae.ro\/index.php?rest_route=%2Fwp%2Fv2%2Ftags&post=995"}],"curies":[{"name":"wp","href":"https:\/\/api.w.org\/{rel}","templated":true}]}}