{"id":958,"date":"2013-10-14T19:20:19","date_gmt":"2013-10-14T19:20:19","guid":{"rendered":"http:\/\/www.ardae.ro\/?p=958"},"modified":"2014-10-21T12:52:21","modified_gmt":"2014-10-21T12:52:21","slug":"raluca-saftescu","status":"publish","type":"post","link":"http:\/\/www.ardae.ro\/?p=958","title":{"rendered":"Raluca Saftescu"},"content":{"rendered":"<p><!--more--><\/p>\n<p><a href=\"http:\/\/www.ardae.ro\/wp-content\/uploads\/Raluca-Saftescu.jpg\"><img loading=\"lazy\" decoding=\"async\" class=\"alignleft size-thumbnail wp-image-976\" alt=\"Raluca Saftescu\" src=\"http:\/\/www.ardae.ro\/wp-content\/uploads\/Raluca-Saftescu-146x150.jpg\" width=\"146\" height=\"150\" \/><\/a>S\u0103ftescu Raluca Georgiana este masterand\u0103 \u00een cadrul Departamentului de Rela\u0163ii Interna\u0163ionale \u015fi Integrare European\u0103 al \u015ecolii Na\u0163ionale de Studii Politice \u015fi Administrative, specializ\u0103rile \u201eEvaluarea politicilor \u015fi programelor publice europene\u201d \u015fi \u201eDiploma\u0163ie \u015fi Negocieri\u201d. Licen\u0163iat\u0103 \u00een Rela\u0163ii Interna\u0163ionale \u015fi Studii Europene la Facultatea de \u015etiin\u0163e Politice a SNSPA, \u00een iunie 2013 a primit distinc\u0163ia \u201e\u015eef de promo\u0163ie\u201d. Studiile universitare ale domni\u015foarei S\u0103ftescu au fost completate de stagii de practic\u0103 \u00een institu\u0163ii precum: Centrul de Studii De Drept European al Institutului de Cercet\u0103ri Juricide Acad. Andrei R\u0103dulescu din cadrul Academiei Rom\u00e2ne, Ambasada Poloniei- Sec\u0163ia Cultural\u0103- Institutul Polonez, Institutul European din Rom\u00e2nia, Institutul de Studii Latino-Americane \u015fi Asocia\u0163ia Pro Democra\u0163ia.<\/p>\n<p>Domeniile sale \u00a0de expertiz\u0103 sunt: rela\u0163ii interna\u0163ionale \u015fi integrare european\u0103, dreptul Uniunii Europene, evaluarea politicilor publice, \u015ftiin\u0163e politice, diploma\u0163ie.<\/p>\n<p>\u00cen ceea ce prive\u015fte activitatea de cercetare \u015fi publica\u0163iile sunt de men\u0163ionat urm\u0103toarele:<\/p>\n<p><em>&#8211;\u00a0\u00a0\u00a0\u00a0\u00a0\u00a0 <\/em><em>Cercetarea: \u201eImplicarea autorit\u0103\u0163ilor publice \u00een trimiterile preliminare formulate de instan\u0163ele judec\u0103tore\u015fti din Rom\u00e2nia\u201d<\/em> (coordonat\u0103 de dl. p<em>rof<\/em>.\u00a0<em>univ<\/em>.\u00a0<em>dr<\/em>. Daniel &#8211;<em>Mihail \u015eandru, Centrul de Studii de Drept European)<b><\/b><\/em><\/p>\n<p><em>&#8211;\u00a0\u00a0\u00a0\u00a0\u00a0\u00a0 <\/em><em>Traduceri din limba francez\u0103 ale unor articole conexe dreptului european<\/em><\/p>\n<ol>\n<li>\u201eC\u00e2teva considera\u0163ii privitoare la rolul Cur\u0163ii de Justi\u0163ie\u201d, Antonio Tizzano, Revista Rom\u00e2n\u0103 de Drept European 6\/2012\n<ol>\n<li>\u201eCurtea European\u0103 aDrepturilor Omului \u015fi dreptul Uniunii Europene, mai ales Carta drepturilorfundamentale: un management subtil \u00eentre ajust\u0103ri sistemice \u015fi \u00eembog\u0103\u0163iri reciproce\u201d, Marie Luce Paris, Revista Rom\u00e2n\u0103 de Drept European, 2\/2013<\/li>\n<\/ol>\n<\/li>\n<\/ol>\n<p>&nbsp;<\/p>\n<p>&nbsp;<\/p>\n<p><em><b>\u00a0<\/b><\/em><\/p>\n<p>&nbsp;<\/p>\n<p>&nbsp;<\/p>\n<p>&nbsp;<\/p>\n<p>S\u0103ftescu Raluca Georgiana is studying for two Master`s degree in `Evaluation of European Programmes and Public Policies` and `Diplomacy and Negotiation` at the Department of International Relations and European Integration which is part of the National University of Political Studies and Public Administration. Having a Bachelor\u2019s in International Relations and European Studies, she graduated in 2013, with the honour of Valedictorian of the Faculty of Political Science. The education of Ms. S\u0103ftescu also included\u00a0<em>internships<\/em>\u00a0at\u00a0<em>prestigious institutions, like: <\/em><strong>The Legal Research Institute<\/strong>\u00a0\u201e<em>Acad. Andrei R\u0103dulescu<\/em>\u201d\u00a0<strong>of the Romanian Academy &#8211; <\/strong><em>the <\/em>Center for European Legal Studies, the <em>Cultural Service<\/em>\u00a0of the\u00a0<em>Embassy<\/em>\u00a0of the\u00a0<em>Republic<\/em>\u00a0of\u00a0<em>Poland<\/em> in Romania \u2013 the Polish Institute, the European Institute of Romania, Institute of Latin American Studies and the Pro Democracy Association. Her areas of expertise are: international relations and European studies, <a title=\"Permanent link to Conference Preliminary ruling procedure. Principles of European Union law and experiences encountered in the Romanian legal order, 19 June 2013\" href=\"http:\/\/www.csde.ro\/?p=2191\">European Union law<\/a><strong>, <\/strong>evaluation of public policies, political science, diplomacy. In terms of research activity and publications, it is important to mention:<\/p>\n<p><em>&#8211;\u00a0\u00a0\u00a0\u00a0\u00a0\u00a0 <\/em>Research activity :`Preliminary ruling procedure made by the courts in Romania. The involvement of public authorities.` (coordinated by Ph.D <em>Mihai Sandru)<\/em><em><\/em><\/p>\n<p>&#8211;\u00a0\u00a0\u00a0\u00a0\u00a0\u00a0 Translation of some articles relating to the European Law from french to romanian:<\/p>\n<ol>\n<li><em>1.\u00a0\u00a0\u00a0\u00a0\u00a0\u00a0\u00a0\u00a0 <\/em><em>Some Considerations<\/em>\u00a0 about the role of the European Court of Justice, Antonio Tizzano, R<em>omanian Journal of European Law, 6\/2012<\/em><\/li>\n<li>The European Court of Human Rights and the Law of the European Union, Including the Charter: A Subtle Control between Adjustments of Systems and Mutual Influences , Marie Luce Paris, R<em>omanian Journal of European Law<\/em>, 2\/2013<\/li>\n<\/ol>\n<p>&nbsp;<\/p>\n<p>Este membru aderent ARDAE \u00a0din 20.01.2014.<\/p>\n<p>Este secretar e Redactie al Revistei Afaceri Juridice Europene (RAJE), iaduer.ro<\/p>\n<p><a href=\"https:\/\/www.linkedin.com\/pub\/raluca-saftescu\/50\/296\/5\" target=\"_blank\">linkedin<\/a><\/p>\n","protected":false},"excerpt":{"rendered":"","protected":false},"author":1,"featured_media":0,"comment_status":"closed","ping_status":"open","sticky":false,"template":"","format":"standard","meta":{"footnotes":""},"categories":[8,10],"tags":[],"class_list":["post-958","post","type-post","status-publish","format-standard","hentry","category-despre-noi","category-membri-aderenti"],"_links":{"self":[{"href":"http:\/\/www.ardae.ro\/index.php?rest_route=\/wp\/v2\/posts\/958"}],"collection":[{"href":"http:\/\/www.ardae.ro\/index.php?rest_route=\/wp\/v2\/posts"}],"about":[{"href":"http:\/\/www.ardae.ro\/index.php?rest_route=\/wp\/v2\/types\/post"}],"author":[{"embeddable":true,"href":"http:\/\/www.ardae.ro\/index.php?rest_route=\/wp\/v2\/users\/1"}],"replies":[{"embeddable":true,"href":"http:\/\/www.ardae.ro\/index.php?rest_route=%2Fwp%2Fv2%2Fcomments&post=958"}],"version-history":[{"count":8,"href":"http:\/\/www.ardae.ro\/index.php?rest_route=\/wp\/v2\/posts\/958\/revisions"}],"predecessor-version":[{"id":978,"href":"http:\/\/www.ardae.ro\/index.php?rest_route=\/wp\/v2\/posts\/958\/revisions\/978"}],"wp:attachment":[{"href":"http:\/\/www.ardae.ro\/index.php?rest_route=%2Fwp%2Fv2%2Fmedia&parent=958"}],"wp:term":[{"taxonomy":"category","embeddable":true,"href":"http:\/\/www.ardae.ro\/index.php?rest_route=%2Fwp%2Fv2%2Fcategories&post=958"},{"taxonomy":"post_tag","embeddable":true,"href":"http:\/\/www.ardae.ro\/index.php?rest_route=%2Fwp%2Fv2%2Ftags&post=958"}],"curies":[{"name":"wp","href":"https:\/\/api.w.org\/{rel}","templated":true}]}}