{"id":935,"date":"2014-10-04T17:47:32","date_gmt":"2014-10-04T17:47:32","guid":{"rendered":"http:\/\/www.ardae.ro\/?p=935"},"modified":"2015-03-10T07:08:10","modified_gmt":"2015-03-10T07:08:10","slug":"fide-asociatii-nationale","status":"publish","type":"post","link":"http:\/\/www.ardae.ro\/?p=935","title":{"rendered":"FIDE, asociatii nationale"},"content":{"rendered":"<p><!--more--><\/p>\n<p>Lista asociatiilor nationale, <a href=\"http:\/\/www.fide-europe.eu\/index.php\/associations\" target=\"_blank\">FIDE<\/a><\/p>\n<h2>Austria<\/h2>\n<p>Official Name: Austrian Association for European Law<\/p>\n<p>Prof. Dr. Heribert Franz K\u00f6ck, President<\/p>\n<p>E-mail:\u00a0<a href=\"mailto:heribert.koeck@jku.at\">heribert.koeck@jku.at<\/a><\/p>\n<h2>Belgium<\/h2>\n<p>Official Name: Belgian Association for European Law<\/p>\n<p>Hans Gilliams, President<\/p>\n<p>E-mail:\u00a0<a href=\"mailto:hans.gilliams@eubelius.com\">hans.gilliams@eubelius.com<\/a><\/p>\n<h2>Bulgaria<\/h2>\n<p>Official Name: Bulgarian Association for European Law<\/p>\n<p>Alexander Arabadjiev, President, Judge at the ECJ<\/p>\n<p>E-mail:\u00a0<a href=\"mailto:alexander.arabadjiev@curia.europa.eu\">alexander.arabadjiev@curia.europa.eu<\/a><\/p>\n<h2>Croatia<\/h2>\n<p>Official Name: Croatian Society for European Law \u2013 CroSEL<\/p>\n<p>Prof. Dr. Iris Goldner Lang, President<\/p>\n<p>E-mail:\u00a0<a href=\"mailto:igoldner@pravo.hr\">igoldner@pravo.hr<\/a><\/p>\n<h2>Cyprus<\/h2>\n<p>Official Name: Cyprus Association for the European Law<\/p>\n<p>Xenios L. Xenopoulos, President<\/p>\n<p>E-mail:\u00a0<a href=\"mailto:chloexen@logos.cy.net\">chloexen@logos.cy.net<\/a><\/p>\n<h2>Czech Republic<\/h2>\n<p>Official Name: &#8211;<\/p>\n<p>Mr. Jan Passer, President<\/p>\n<p>E-mail:\u00a0<a href=\"mailto:Jan.Passer@nssoud.cz\">Jan.Passer@nssoud.cz<\/a><\/p>\n<h2>Denmark<\/h2>\n<p>Official Name: <a href=\"http:\/\/europaret.dk\/index.php?module=FormExpress&amp;func=display_formlist\" target=\"_blank\">Danish Association for European Law<\/a><\/p>\n<p>Ulla Neergaard, President<\/p>\n<p>E-mail:\u00a0<a href=\"mailto:ulla.neergaard@jur.ku.dk\">ulla.neergaard@jur.ku.dk<\/a><\/p>\n<h2>Estonia<\/h2>\n<p>Official Name: Estonian European Community Studies Association<\/p>\n<p>Julia Laffranque, Dr. iur., President; President of the Estonian Association for European Law, Justice of the Supreme Court of Estonia (as of 1 January 2011, Judge at the European Court of Human Rights), Assistant Professor of EU Law at the University of Tartu<\/p>\n<p>E-mail:\u00a0<a href=\"mailto:Julia.Laffranque@echr.coe.int\">Julia.Laffranque@echr.coe.int<\/a><\/p>\n<h2>Finland<\/h2>\n<p>Official Name: Finnish Association for European Law<\/p>\n<p>Juha Raitio, President; professor of European Law, University of Helsinki<\/p>\n<p>E-mail:\u00a0<a href=\"mailto:juha.raitio@helsinki.fi\">juha.raitio@helsinki.fi<\/a><\/p>\n<h2>France<\/h2>\n<p>Official Name: <a href=\"http:\/\/www.association-des-juristes-europeens.eu\/\" target=\"_blank\">Association des Juristes Europ\u00e9ens \u2013 AJE<\/a><\/p>\n<p>Jean-Luc Sauron, President<\/p>\n<p>E-mail:\u00a0<a href=\"mailto:jean-luc.sauron@conseil-etat.fr\">jean-luc.sauron@conseil-etat.fr<\/a><\/p>\n<h2>Germany<\/h2>\n<p>Official Name: German Association for European Community Law<\/p>\n<p>J\u00fcrgen Schwarze, Prof., Dr., President<\/p>\n<p>E-mail:\u00a0<a href=\"mailto:juergen.schwarze@jura.uni-freiburg.de\">juergen.schwarze@jura.uni-freiburg.de<\/a><\/p>\n<h2>Greece<\/h2>\n<p>Official Name: Hellenic Association for European Law \u2013 HAEL [<a href=\"http:\/\/eeed-fide.blogspot.dk\/\" target=\"_blank\">site<\/a>]<\/p>\n<p>Athanassia Tsambassi, President (Honorary Vice-President of the Hellenic Conseil d&#8217;Etat)<\/p>\n<p>E-mail:\u00a0<a href=\"mailto:iliopoulos.k@gmail.com\">iliopoulos.k@gmail.com<\/a><\/p>\n<h2>Hungary<\/h2>\n<p>Official Name: Hungarian Association for European Law<\/p>\n<p>J\u00e1nos Martonyi, Honorary President<\/p>\n<p>E-mail:\u00a0<a href=\"mailto:janos.martonyi@bakernet.com\">janos.martonyi@bakernet.com<\/a><\/p>\n<h2>Ireland<\/h2>\n<p>Official Name: Irish Society for European Law \u2013 ISEL [<a href=\"https:\/\/www.isel.ie\/\" target=\"_blank\">site<\/a>]<\/p>\n<p>The Honourable Mr. Justice Nial Fennelly, Judge of the Supreme Court of Ireland, President<\/p>\n<p>E-mail:\u00a0<a href=\"mailto:nfennelly@courts.ie\">nfennelly@courts.ie<\/a><\/p>\n<h2>Italy<\/h2>\n<p>Official Name: N.N.<\/p>\n<p>Prof. Giuseppe Tesauro, President<\/p>\n<p>E-mail: &#8211;<\/p>\n<h2>Latvia<\/h2>\n<p>Official Name: Latvian Association for European Union Law<\/p>\n<p>Kristine Drevina, President<\/p>\n<p>E-mail:\u00a0<a href=\"mailto:kristine.drevina@ecb.europa.eu\">kristine.drevina@ecb.europa.eu<\/a><\/p>\n<h2>Luxembourg<\/h2>\n<p>Official Name: OLDE (Observatoire Luxembourgeois de Droit Europ\u00e9en)<\/p>\n<p>Jean Mischo, President; former avocat general at the CJUE<\/p>\n<p>M. Marc Jaeger, Secretary General; President\u00a0of the Court of First Instance<\/p>\n<p>E-mail:\u00a0<a href=\"mailto:marc.jaeger@curia.europa.eu\">marc.jaeger@curia.europa.eu<\/a><\/p>\n<h2>Malta<\/h2>\n<p>Official Name: Asso\u010bjazzjoni Maltija g\u0127all-Istudji tad-Dritt Ewropew (AMSDE)<\/p>\n<p>Professor Peter G Xuereb, President<\/p>\n<p>E-mail:\u00a0<a href=\"mailto:peter.g.xuereb@um.edu.mt\">peter.g.xuereb@um.edu.mt<\/a><\/p>\n<h2>Norway<\/h2>\n<p>Official Name: Norwegian Association for European Law<\/p>\n<p>Professor Mads Andenas, President<\/p>\n<p>E-mail:\u00a0<a href=\"mailto:mads.andenas@jus.uio.no\">mads.andenas@jus.uio.no<\/a><\/p>\n<h2>Poland<\/h2>\n<p>Official Name: Polskie Stowarzyszenie Prawa Europejskiego<\/p>\n<p>Prof. Slawomir Dudzik, President<\/p>\n<p>E-mail:\u00a0<a href=\"mailto:s.dudzik@spcg.pl\">s.dudzik@spcg.pl<\/a><\/p>\n<h2>Portugal<\/h2>\n<p>Official Name: Associa\u00e7\u00e3o Portuguesa de Direito Europeu \u2013 APDE<\/p>\n<p>Jos\u00e9 Lu\u00eds da Cruz Vila\u00e7a, President<\/p>\n<p>E-mail:\u00a0<a href=\"mailto:jcv@plmj.pt\">jcv@plmj.pt<\/a><\/p>\n<p>Website:\u00a0<a title=\"http:\/\/www.apde.org.pt\" href=\"http:\/\/www.apde.org.pt\/\" target=\"_blank\">http:\/\/www.apde.org.pt<\/a>\/<\/p>\n<h2>Slovakia<\/h2>\n<p>Official Name: Slovensk\u00e1 asoci\u00e1cia eur\u00f3pskeho pr\u00e1va<\/p>\n<p>J\u00e1n Klucka, President, Judge ECJ<\/p>\n<p>E-mail:\u00a0<a href=\"mailto:Juliana.Pogacova@curia.europa.eu\">Juliana.Pogacova@curia.europa.eu<\/a><\/p>\n<h2>Slovenia<\/h2>\n<p>Official Name: <a href=\"http:\/\/sdep.si\/\" target=\"_blank\">Slovensko Dru\u0161tvo za Evropsko Pravo<\/a><\/p>\n<p>Verica Trstenjak, President; Advocate General, ECJ<\/p>\n<p>E-mail:\u00a0<a href=\"mailto:verica.trstenjak@curia.europa.eu\">verica.trstenjak@curia.europa.eu<\/a><\/p>\n<h2>Spain<\/h2>\n<p>Official Name: Asociaci\u00f3n Espa\u00f1ola para el Estudio de Derecho Europeo<\/p>\n<p>Gil Carlos Rodr\u00edguez Iglesias, Prof., President; former President of the ECJ<\/p>\n<p>E-mail:\u00a0<a href=\"mailto:gilcrodrigueziglesias@telefonica.net\">gilcrodrigueziglesias@telefonica.net<\/a><\/p>\n<p>Web:\u00a0<a href=\"http:\/\/www.aedeur.es\/\">http:\/\/www.aedeur.es<\/a><\/p>\n<h2>Sweden<\/h2>\n<p>Official Name: Swedish Association for European Law<\/p>\n<p>Ulf Bernitz, President<\/p>\n<p>E-mail:\u00a0<a href=\"mailto:ulf.bernitz@juridicum.su.se\">ulf.bernitz@juridicum.su.se<\/a><\/p>\n<h2>Switzerland<\/h2>\n<p>Official Name: Association suisse pour le droit europ\u00e9en \u2013 ASDE<\/p>\n<p>Claude-Alain Margelisch, President<\/p>\n<p>E-mail:\u00a0<a href=\"mailto:claude.margelisch@sba.ch\">claude.margelisch@sba.ch<\/a><\/p>\n<h2>The Netherlands<\/h2>\n<p>Official Name: Dutch Association for European Law<\/p>\n<p>Prof.dr. Annetje T. Ottow, President<\/p>\n<p>E-mail:\u00a0<a href=\"mailto:nver@nver.nl\">nver@nver.nl<\/a><\/p>\n<h2>United Kingdom<\/h2>\n<p>Official Name: <a href=\"http:\/\/ukael.org\/\" target=\"_blank\">United Kingdom Association for European Law \u2013 UKAEL<\/a><\/p>\n<p>Professor Sir Francis Jacobs KCMG PC QC, President<\/p>\n<p>E-mail:\u00a0<a href=\"mailto:francis.jacobs@kcl.ac.uk\">francis.jacobs@kcl.ac.uk<\/a><\/p>\n<p><a href=\"http:\/\/www.fide-europe.eu\/index.php\/associations\" target=\"_blank\">SURSA<\/a><\/p>\n","protected":false},"excerpt":{"rendered":"","protected":false},"author":1,"featured_media":0,"comment_status":"closed","ping_status":"open","sticky":false,"template":"","format":"standard","meta":{"footnotes":""},"categories":[74],"tags":[89,88],"class_list":["post-935","post","type-post","status-publish","format-standard","hentry","category-parteneriate","tag-ukael","tag-united-kingdom-association-for-european-law-ukael"],"_links":{"self":[{"href":"http:\/\/www.ardae.ro\/index.php?rest_route=\/wp\/v2\/posts\/935"}],"collection":[{"href":"http:\/\/www.ardae.ro\/index.php?rest_route=\/wp\/v2\/posts"}],"about":[{"href":"http:\/\/www.ardae.ro\/index.php?rest_route=\/wp\/v2\/types\/post"}],"author":[{"embeddable":true,"href":"http:\/\/www.ardae.ro\/index.php?rest_route=\/wp\/v2\/users\/1"}],"replies":[{"embeddable":true,"href":"http:\/\/www.ardae.ro\/index.php?rest_route=%2Fwp%2Fv2%2Fcomments&post=935"}],"version-history":[{"count":13,"href":"http:\/\/www.ardae.ro\/index.php?rest_route=\/wp\/v2\/posts\/935\/revisions"}],"predecessor-version":[{"id":1862,"href":"http:\/\/www.ardae.ro\/index.php?rest_route=\/wp\/v2\/posts\/935\/revisions\/1862"}],"wp:attachment":[{"href":"http:\/\/www.ardae.ro\/index.php?rest_route=%2Fwp%2Fv2%2Fmedia&parent=935"}],"wp:term":[{"taxonomy":"category","embeddable":true,"href":"http:\/\/www.ardae.ro\/index.php?rest_route=%2Fwp%2Fv2%2Fcategories&post=935"},{"taxonomy":"post_tag","embeddable":true,"href":"http:\/\/www.ardae.ro\/index.php?rest_route=%2Fwp%2Fv2%2Ftags&post=935"}],"curies":[{"name":"wp","href":"https:\/\/api.w.org\/{rel}","templated":true}]}}