{"id":928,"date":"2014-09-29T08:19:04","date_gmt":"2014-09-29T08:19:04","guid":{"rendered":"http:\/\/www.ardae.ro\/?p=928"},"modified":"2014-12-04T19:14:35","modified_gmt":"2014-12-04T19:14:35","slug":"conferinta-internationala-constitutia-si-societatea-contemporana-5-decembrie-2014","status":"publish","type":"post","link":"http:\/\/www.ardae.ro\/?p=928","title":{"rendered":"Conferin\u0163a interna\u0163ional\u0103 \u201cConstitu\u0163ia \u015fi societatea contemporan\u0103\u201d, 5 decembrie 2014"},"content":{"rendered":"<p><!--more--><\/p>\n<p style=\"text-align: center;\"><strong>Universitatea Petrol-Gaze din Ploie\u015fti<\/strong><br \/>\n<strong>Centrul de Studii \u015fi Cercet\u0103ri Juridice \u015fi Socio-Administrative<\/strong><br \/>\n\u015fi<br \/>\n<strong>Asocia\u0163ia Rom\u00e2n\u0103 de Drept \u015fi Afaceri Europene (ARDAE)<\/strong><br \/>\norganizeaz\u0103<\/p>\n<h2 style=\"text-align: center;\">Conferin\u0163a interna\u0163ional\u0103<br \/>\n\u201cConstitu\u0163ia \u015fi societatea contemporan\u0103\u201d<\/h2>\n<p style=\"text-align: center;\">[<a href=\"http:\/\/se.upg-ploiesti.ro\/index.php\/ro\/cercetare\/manifestari-stiintifice\/conferinta-internationala-the-constitution-and-the-contemporary-society\" target=\"_blank\"><strong>pagina oficiala a conferintei<\/strong><\/a>]<\/p>\n<p style=\"text-align: center;\">Universitatea Petrol-Gaze din Ploie\u015fti, sala AP10<br \/>\n5 decembrie 2014<\/p>\n<p><strong>Partener media<\/strong>: JURIDICE.ro<\/p>\n<p>Data limit\u0103 pentru \u00eenscriere la conferin\u0163\u0103 \u015fi pentru trimirea lucr\u0103rii \u00een extenso: 15 noiembrie 2014. \u00censcrierea se face la adresa de email: upg.conferinta@gmail.com, conform<a href=\"http:\/\/evenimente.juridice.ro\/wp-content\/uploads\/2014\/10\/Formular-de-%C3%AEnscriere-la-Conferin%C5%A3a-interna%C5%A3ional%C4%83.pdf\" target=\"_blank\">formularului de \u00eenscriere<\/a>.<\/p>\n<p><strong>Organizatorii nu percep tax\u0103 de participare<\/strong>.<\/p>\n<p>Toate lucr\u0103rile conferin\u0163ei vor fi publicate \u00een volumul colectiv (cu ISBN) al conferin\u0163ei, editat de Editura Universitar\u0103 \u2013 editur\u0103 cu prestigiu recunoscut. Dup\u0103 publicare, volumul poate fi procurat, contra cost, de la Editura Universitar\u0103.<br \/>\nLimbile \u00een care se vor desf\u0103\u015fura lucr\u0103rile conferin\u0163ei vor fi limba rom\u00e2n\u0103 \u015fi limba englez\u0103. Lucr\u0103rile vor fi redactate \u00een limba rom\u00e2n\u0103 \u015fi limba englez\u0103 \u015fi vor respecta regulile de redactare indicate de organizatori.<\/p>\n<p><strong>Cerin\u0163e de redactare<\/strong><br \/>\nCerin\u0163e minime de redactare: FORMATUL DE TIPAR AL LUCR\u0102RII \u015eTIIN\u0162IFICE: Word, cu caractere de 12, la un r\u00e2nd, font Times New Roman; dimensiunile paginii: format A4; marginile paginii \u2013 sus, jos, dreapta \u2013 2 cm, st\u00e2nga \u2013 2,5 cm. Lucr\u0103rile trebuie s\u0103 aib\u0103 rezumat, cuvinte-cheie, introducere, sec\u021biuni, concluzii, bibliografie. Lucr\u0103rile nu trebuie s\u0103 dep\u0103\u015feasc\u0103 8 pagini.<\/p>\n<p>Potrivit deciziei Comitetului \u015ftiin\u0163ific, un participant poate \u00eenscrie numai o lucrare \u015ftiin\u0163ific\u0103, ca unic autor sau \u00een coautorat.<\/p>\n<p><strong>Comitet \u015ftiin\u0163ific<\/strong>:<br \/>\n<strong>Pre\u015fedinte<\/strong>:<br \/>\nProf. univ. dr.\u00a0<strong>Verginia Vedina\u015f<\/strong>, Universitatea din Bucure\u015fti<br \/>\n<strong>Vicepre\u015fedin\u0163i<\/strong>:<br \/>\nProf. univ. dr.\u00a0<strong>Daniel Mihail \u015eandru<\/strong>, Universitatea Cre\u015ftin\u0103 \u201cDimitrie Cantemir\u201d, Bucure\u015fti<br \/>\nProf. univ. dr.\u00a0<strong>Constan\u0163a C\u0103linoiu<\/strong>, Universitatea Cre\u015ftin\u0103 \u201cDimitrie Cantemir\u201d, Bucure\u015fti<br \/>\nProf. univ. dr.<strong>\u00a0Nicoleta Diaconu<\/strong>, Academia de Poli\u0163ie \u201cAlexandru I. Cuza\u201d<br \/>\n<strong>Membri<\/strong>:<br \/>\nProf. univ. dr.\u00a0<strong>Atanas Semov<\/strong>, Bulgaria<br \/>\nProf. univ. dr.\u00a0<strong>Alexander B. Djuric<\/strong>, Serbia<br \/>\nProf. extraordinar. dr.\u00a0<strong>Zoran Jerotijevic<\/strong>, Serbia<br \/>\nProf. dr.\u00a0<strong>Serghei Hakman<\/strong>, Ucraina<br \/>\nProf. univ. dr.\u00a0<strong>Nicolae Osmochescu<\/strong>, Republica Moldova<br \/>\nConf. univ. dr.\u00a0<strong>Maria Orlov<\/strong>, Republica Moldova<br \/>\nConf. univ. dr.\u00a0<strong>Aurel S\u00eemboteanu<\/strong>, Republica Moldova<br \/>\nProf. univ. dr.\u00a0<strong>Laz\u0103r Cornel<\/strong>, Universitatea Petrol-Gaze din Ploie\u015fti<br \/>\nProf. univ. dr.\u00a0<strong>Gheorghe Calcan,<\/strong>\u00a0Universitatea Petrol-Gaze din Ploie\u015fti<br \/>\nConf. univ. dr.\u00a0<strong>Gabriela Vasilescu<\/strong>, Universitatea Petrol-Gaze din Ploie\u015fti<br \/>\nJudec\u0103tor dr.\u00a0<strong>Adrian Ghiculescu<\/strong>, Curtea de Apel Ploie\u015fti<br \/>\nJudec\u0103tor dr.\u00a0<strong>Cristina Pigui<\/strong>, Curtea de Apel Ploie\u015fti<br \/>\n<strong>Comitetul de organizare<\/strong>:<br \/>\nProf. univ. dr.\u00a0<strong>Laz\u0103r Cornel<\/strong><br \/>\nConf. univ. dr.\u00a0<strong>Adrian Stancu<\/strong><br \/>\nLector univ. dr.\u00a0<strong>Mihaela Adina Apostolache<\/strong><br \/>\nLector univ. dr.\u00a0<strong>Eufemia Vieriu<\/strong><br \/>\nLector univ. dr.\u00a0<strong>Mihai Cristian Apostolache<\/strong><br \/>\nLector univ. dr.\u00a0<strong>C\u0103t\u0103lina Szekely<\/strong><br \/>\nDr.\u00a0<strong>Vasile Muscalu.<\/strong><\/p>\n<p><strong>Persoana de contact<\/strong><br \/>\nLector univ. dr. Mihai Cristian Apostolache<br \/>\ne-mail: mihaiapostolache5@yahoo.com<\/p>\n<p><a href=\"http:\/\/evenimente.juridice.ro\/2014\/10\/conferinta-internationala-constitutia-si-societatea-contemporana-5-decembrie-2014-ploiesti.html\" target=\"_blank\">SURSA: JURIDICE.ro<\/a><\/p>\n","protected":false},"excerpt":{"rendered":"","protected":false},"author":1,"featured_media":0,"comment_status":"closed","ping_status":"open","sticky":false,"template":"","format":"standard","meta":{"footnotes":""},"categories":[48],"tags":[],"class_list":["post-928","post","type-post","status-publish","format-standard","hentry","category-evenimente"],"_links":{"self":[{"href":"http:\/\/www.ardae.ro\/index.php?rest_route=\/wp\/v2\/posts\/928"}],"collection":[{"href":"http:\/\/www.ardae.ro\/index.php?rest_route=\/wp\/v2\/posts"}],"about":[{"href":"http:\/\/www.ardae.ro\/index.php?rest_route=\/wp\/v2\/types\/post"}],"author":[{"embeddable":true,"href":"http:\/\/www.ardae.ro\/index.php?rest_route=\/wp\/v2\/users\/1"}],"replies":[{"embeddable":true,"href":"http:\/\/www.ardae.ro\/index.php?rest_route=%2Fwp%2Fv2%2Fcomments&post=928"}],"version-history":[{"count":7,"href":"http:\/\/www.ardae.ro\/index.php?rest_route=\/wp\/v2\/posts\/928\/revisions"}],"predecessor-version":[{"id":1410,"href":"http:\/\/www.ardae.ro\/index.php?rest_route=\/wp\/v2\/posts\/928\/revisions\/1410"}],"wp:attachment":[{"href":"http:\/\/www.ardae.ro\/index.php?rest_route=%2Fwp%2Fv2%2Fmedia&parent=928"}],"wp:term":[{"taxonomy":"category","embeddable":true,"href":"http:\/\/www.ardae.ro\/index.php?rest_route=%2Fwp%2Fv2%2Fcategories&post=928"},{"taxonomy":"post_tag","embeddable":true,"href":"http:\/\/www.ardae.ro\/index.php?rest_route=%2Fwp%2Fv2%2Ftags&post=928"}],"curies":[{"name":"wp","href":"https:\/\/api.w.org\/{rel}","templated":true}]}}