{"id":921,"date":"2014-09-17T14:49:46","date_gmt":"2014-09-17T14:49:46","guid":{"rendered":"http:\/\/www.ardae.ro\/?p=921"},"modified":"2014-09-17T14:49:46","modified_gmt":"2014-09-17T14:49:46","slug":"protocol-de-colaborare-intre-anspdcp-si-ardae","status":"publish","type":"post","link":"http:\/\/www.ardae.ro\/?p=921","title":{"rendered":"Protocol de colaborare \u00eentre ANSPDCP \u015fi ARDAE"},"content":{"rendered":"<p><!--more--><\/p>\n<p>Autoritatea Na\u0163ional\u0103 de Supraveghere a Prelucr\u0103rii Datelor cu Caracter Personal a semnat miercuri, 27 august 2014, prin pre\u0219edintele Anca Opre, Protocolul de colaborare cu Asocia\u0163ia Rom\u00e2n\u0103 de Drept \u015fi Afaceri Europene (ARDAE), potrivit unui\u00a0<a href=\"http:\/\/www.juridice.ro\/wp-content\/uploads\/2014\/08\/COMUNICAT-DE-PRES%C4%82.pdf\" target=\"_blank\">comunicat<\/a>.<\/p>\n<p>Parteneriatul urm\u0103re\u0219te cooperarea dintre cele dou\u0103 p\u0103r\u0163i \u00een domeniul juridic \u015fi informarea publicului cu privire la activit\u0103\u0163ile specifice derulate de ambele p\u0103r\u0163i.<\/p>\n<p>ANSPDCP \u015fi ARDAE au convenit asupra urm\u0103toarelor activit\u0103\u0163i:<br \/>\na) cooperarea pentru organizarea de manifest\u0103ri \u015ftiin\u0163ifice \u2013 \u00een principal, colaborarea \u00een privin\u0163a organiz\u0103rii de dezbateri publice, seminarii, conferin\u0163e, mese rotunde, cursuri de perfec\u0163ionare sau specializare, \u00een realizarea de studii, analize, sondaje de opinie, inform\u0103ri publice \u015fi orice alte materiale privind domeniul drepturilor omului;<br \/>\nb) ini\u0163ierea \u015fi desf\u0103\u015furarea unor proiecte privind promovarea activit\u0103\u0163ii fiec\u0103reia dintre p\u0103r\u0163i;<br \/>\nc) realizarea unor lucr\u0103ri, studii \u015fi cercet\u0103ri \u015ftiin\u0163ifice, \u00een comun, sau la solicitarea unuia dintre parteneri;<br \/>\nd) participarea la manifest\u0103rile institu\u0163iei-partener;<br \/>\nf) orice alte activit\u0103\u0163i pe care p\u0103r\u0163ile vor considera utile \u015fi necesare \u00een vederea realiz\u0103rii scopurilor lor.<\/p>\n<p>ANSPDCP \u00ee\u015fi manifest\u0103 astfel deplina deschidere pentru colaborare cu asocia\u0163iile \u015fi organiza\u0163iile interesate de domeniul protec\u0163iei datelor cu caracter personal.<\/p>\n<p><a href=\"http:\/\/www.juridice.ro\/335059\/protocol-de-colaborare-intre-anspdcp-si-ardae.html\" target=\"_blank\">JURIDICE.ro<\/a><\/p>\n","protected":false},"excerpt":{"rendered":"","protected":false},"author":1,"featured_media":0,"comment_status":"closed","ping_status":"open","sticky":false,"template":"","format":"standard","meta":{"footnotes":""},"categories":[74],"tags":[],"class_list":["post-921","post","type-post","status-publish","format-standard","hentry","category-parteneriate"],"_links":{"self":[{"href":"http:\/\/www.ardae.ro\/index.php?rest_route=\/wp\/v2\/posts\/921"}],"collection":[{"href":"http:\/\/www.ardae.ro\/index.php?rest_route=\/wp\/v2\/posts"}],"about":[{"href":"http:\/\/www.ardae.ro\/index.php?rest_route=\/wp\/v2\/types\/post"}],"author":[{"embeddable":true,"href":"http:\/\/www.ardae.ro\/index.php?rest_route=\/wp\/v2\/users\/1"}],"replies":[{"embeddable":true,"href":"http:\/\/www.ardae.ro\/index.php?rest_route=%2Fwp%2Fv2%2Fcomments&post=921"}],"version-history":[{"count":2,"href":"http:\/\/www.ardae.ro\/index.php?rest_route=\/wp\/v2\/posts\/921\/revisions"}],"predecessor-version":[{"id":923,"href":"http:\/\/www.ardae.ro\/index.php?rest_route=\/wp\/v2\/posts\/921\/revisions\/923"}],"wp:attachment":[{"href":"http:\/\/www.ardae.ro\/index.php?rest_route=%2Fwp%2Fv2%2Fmedia&parent=921"}],"wp:term":[{"taxonomy":"category","embeddable":true,"href":"http:\/\/www.ardae.ro\/index.php?rest_route=%2Fwp%2Fv2%2Fcategories&post=921"},{"taxonomy":"post_tag","embeddable":true,"href":"http:\/\/www.ardae.ro\/index.php?rest_route=%2Fwp%2Fv2%2Ftags&post=921"}],"curies":[{"name":"wp","href":"https:\/\/api.w.org\/{rel}","templated":true}]}}