{"id":889,"date":"2012-08-28T09:28:45","date_gmt":"2012-08-28T09:28:45","guid":{"rendered":"http:\/\/www.ardae.ro\/?p=889"},"modified":"2014-11-06T18:21:21","modified_gmt":"2014-11-06T18:21:21","slug":"luminita-tuleasca","status":"publish","type":"post","link":"http:\/\/www.ardae.ro\/?p=889","title":{"rendered":"Luminita Tuleasca"},"content":{"rendered":"<p style=\"text-align: justify;\"><!--more--><\/p>\n<p><b><a href=\"http:\/\/www.ardae.ro\/wp-content\/uploads\/Luminita-TULEASCA.jpg\"><img loading=\"lazy\" decoding=\"async\" class=\"alignleft size-thumbnail wp-image-890\" alt=\"Luminita TULEASCA\" src=\"http:\/\/www.ardae.ro\/wp-content\/uploads\/Luminita-TULEASCA-150x150.jpg\" width=\"150\" height=\"150\" srcset=\"http:\/\/www.ardae.ro\/wp-content\/uploads\/Luminita-TULEASCA-150x150.jpg 150w, http:\/\/www.ardae.ro\/wp-content\/uploads\/Luminita-TULEASCA.jpg 266w\" sizes=\"(max-width: 150px) 100vw, 150px\" \/><\/a>Lumini\u021ba TULEA\u0218C\u0102<\/b><\/p>\n<p>&nbsp;<\/p>\n<p>A absolvit, ca \u0219ef\u0103 de promo\u021bie, Facultatea de Drept a Universit\u0103\u021bii Rom\u00e2no-Americane \u0219i este licen\u021biat\u0103 \u00een Drept a Facult\u0103\u021bii de Drept a Universit\u0103\u021bii din Bucure\u0219ti. A urmat cursuri postuniversitare \u0219i de specializare la Universitatea din Bucure\u0219ti (Drept Privat), University of Oxford (Trust Law), The Hague Academy of International Law (Private International Law).<\/p>\n<p>Lumini\u021ba Tulea\u0219c\u0103 este Doctor \u00een Drept al Universit\u0103\u021bii din Bucure\u0219ti, cu specializare \u00een Drept Privat &#8211; Drept Comercial.<\/p>\n<p>Este avocat pledant \u0219i fondator al Tulea\u0219c\u0103 Law Firm, cadru didactic universitar, lector universitar, la Facultatea de Drept a Universit\u0103\u021bii Rom\u00e2no-Americane, titular al disciplinelor Drept Comercial \u0219i Dreptul Comer\u021bului Interna\u021bional.<\/p>\n<p>Coordoneaz\u0103 programul de master pe Dreptul Afacerilor al Universit\u0103\u021bii Rom\u00e2no-Americane.<\/p>\n<p>Lumini\u021ba Tulea\u0219c\u0103 este arbitru al Cur\u021bii de Arbitraj Comercial Interna\u021bional de pe l\u00e2ng\u0103 Camera de Comer\u021b \u0219i Industrie a Rom\u00e2niei.<\/p>\n<p>Ca avocat pledant are o vast\u0103 \u0219i reputat\u0103 experien\u021b\u0103 \u00een\u00a0 cauze av\u00e2nd ca obiect litigii corporatiste, fiscale, achizi\u021bii publice, contracte comerciale, insolven\u021b\u0103, contencios administrativ, fonduri europene (pentru detalii: <a href=\"http:\/\/www.tuleasca.ro\/\">http:\/\/www.tuleasca.ro<\/a> ).<\/p>\n<p>Implic\u00e2ndu-se activ \u00een via\u0163a Universit\u0103\u0163ii Rom\u00e2no-Americane este membru al Funda\u021biei Rom\u00e2no-American\u0103 pentru Promovarea Educa\u021biei \u0219i Culturii \u0219i a de\u0163inut, de-a lungul timpului, calitatea de membru \u00een Senatul Universit\u0103\u0163ii, membru \u00een Consiliul Facult\u0103\u0163ii de Drept, secretar \u015ftiin\u0163ific al Facult\u0103\u0163ii de Drept, membru \u00een Comisia de Etic\u0103 Universitar\u0103, s.a.<b><\/b><\/p>\n<p>Este implicat\u0103 \u00een cercetarea juridic\u0103\u00a0 \u00een calitate de coordonator \u0219i membru \u00een granturi de cercetare \u0219i, mai ales, ca autor a numeroase studii, articole \u0219i \u00a0c\u0103r\u021bi de specialitate (pentru detalii: <a href=\"https:\/\/romano.academia.edu\/LUMINITATULEASCA\">https:\/\/romano.academia.edu\/LUMINITATULEASCA<\/a> ).<\/p>\n<p>A ini\u021biat \u0219i organizat conferin\u021be na\u021bionale \u0219i intena\u021bionale, este promotorul \u0219i coordonatorul proiectului \u201dMoot Court Competition -Commercial Law\u201d al Universit\u0103\u021bii Rom\u00e2no-Americane,\u00a0 este promotorul \u0219i project managerul \u0218colii de var\u0103 \u0219i Conferin\u021bei pe Dreptul Afacerilor ale Universit\u0103\u021bii Rom\u00e2no-Americane, si este promotor \u0219i coordonator al programului universitar \u201eCurs aprofundat de Drept Civil\u201d al Facult\u0103tii de Drept a Universit\u0103\u021bii Rom\u00e2no-Americane, s.a.<\/p>\n<p>Lumini\u021ba este fondator \u0219i managing editor al Romanian American Law Review, associate editors al revistei interna\u021bionale Romanian Economic and Business Review, scientific reviewer la numeroase reviste interna\u021bionale, \u0219i membru \u00a0a unor prestigioase asocia\u021bii profesionale interna\u021bionale: British Institute of International and Comparative Law<b>, <\/b>International Association of Restructuring, Insolvency &amp; Bankruptcy Professionals, The Professional Association for European Restructuring and Insolvency Specialists, INSOL International Academics\u2019Group.<\/p>\n<p><a href=\"http:\/\/www.tuleasca.ro\/\" target=\"_blank\">Luminita Tuleasca<\/a>; \u00a0<a href=\"mailto:luminita.tuleasca@tuleasca.com\">luminita.tuleasca@tuleasca.com<\/a><\/p>\n<p>&nbsp;<\/p>\n<p style=\"text-align: justify;\">***<\/p>\n<p style=\"text-align: justify;\">Lumini\u021ba TULEA\u0218C\u0102<\/p>\n<p style=\"text-align: justify;\">She had graduated, as valedictorian, the Faculty of Law of the Romanian-American University and she is a bachelor of Law of the Faculty of Law of the Bucharest University. She has followed post-graduation classes and specialization classes organized by the Bucharest University (Private Law), University of Oxford (Trust Law), and The Hague Academy of International Law (Private International Law).<\/p>\n<p style=\"text-align: justify;\">Lumini\u021ba Tulea\u0219c\u0103 has a PhD in Law granted by the Bucharest University, with specialty in Private Law \u2013 Commercial Law.<\/p>\n<p style=\"text-align: justify;\">She is a barrister-at-law and a founder of Tulea\u0219c\u0103 Law Firm, she is part of the University teaching staff, i.e. University lector with the Faculty of Law of the Romanian-American University, full professor of Commercial Law and International Commercial Law.<\/p>\n<p style=\"text-align: justify;\">She coordinates the Business Law master studies program of the Romanian-American University.<\/p>\n<p style=\"text-align: justify;\">Lumini\u021ba Tulea\u0219c\u0103 is an arbitrator of the International Commercial Court of Arbitration attached to the Chamber of Commerce and Industry of Romania.<\/p>\n<p style=\"text-align: justify;\">As a barrister she has a vast experience and reputation in cases involving litigations on corporate, fiscal, public procurement, commercial contracts, insolvency, administrative law, and European funds (detailes at: <a href=\"http:\/\/www.tuleasca.ro\/\">http:\/\/www.tuleasca.ro<\/a>).<\/p>\n<p style=\"text-align: justify;\">Being actively involved in the Romanian-American University\u00a0 she is a member of the Romanian-American Foundation for Promoting the Education and Culture and she has been a member of the University Senate, member in the Faculty of Law Council, scientific secretary of the Faculty of Law, member of the University Ethics Commission.<b><\/b><\/p>\n<p style=\"text-align: justify;\">She is involved in legal research as coordinator and member in research grants and, especially, as author of various papers, articles and specialized books (detailes at: <a href=\"https:\/\/romano.academia.edu\/LUMINITATULEASCA\">https:\/\/romano.academia.edu\/LUMINITATULEASCA<\/a> ).<\/p>\n<p style=\"text-align: justify;\">She has initiated and organized national and international conferences, she is the promoter and coordinator of the project called \u201cMoot Court Competition-Commercial Law\u201d of the Romanian \u2013American University, she is the promoter and the project manager of the Romanian \u2013American University Summer School and Conference on Business Law, and she is the promoter and coordinator of the university program \u201eIntensive in-depth Civil Law Course\u201d of the Faculty of Law of the Romanian \u2013American University.<\/p>\n<p style=\"text-align: justify;\">Lumini\u021ba is a founder and a managing editor of the Romanian American Law Review, associate editor of the international magazine Romanian Economic and Business Review, scientific reviewer for numerous international magazine, and member of prestigious international professional associations: British Institute of International and Comparative Law<b>, <\/b>International Association of Restructuring, Insolvency &amp; Bankruptcy Professionals, The Professional Association for European Restructuring and Insolvency Specialists, INSOL International Academics\u2019 Group.<\/p>\n<p style=\"text-align: justify;\"><a style=\"font-size: 13px;\" href=\"http:\/\/www.ardae.ro\/?cat=10 \" target=\"_blank\">Luminita Tuleasca<\/a>;\u00a0<a href=\"mailto:luminita.tuleasca@tuleasca.com\">luminita.tuleasca@tuleasca.com<\/a><\/p>\n","protected":false},"excerpt":{"rendered":"","protected":false},"author":1,"featured_media":0,"comment_status":"closed","ping_status":"open","sticky":false,"template":"","format":"standard","meta":{"footnotes":""},"categories":[10],"tags":[],"class_list":["post-889","post","type-post","status-publish","format-standard","hentry","category-membri-aderenti"],"_links":{"self":[{"href":"http:\/\/www.ardae.ro\/index.php?rest_route=\/wp\/v2\/posts\/889"}],"collection":[{"href":"http:\/\/www.ardae.ro\/index.php?rest_route=\/wp\/v2\/posts"}],"about":[{"href":"http:\/\/www.ardae.ro\/index.php?rest_route=\/wp\/v2\/types\/post"}],"author":[{"embeddable":true,"href":"http:\/\/www.ardae.ro\/index.php?rest_route=\/wp\/v2\/users\/1"}],"replies":[{"embeddable":true,"href":"http:\/\/www.ardae.ro\/index.php?rest_route=%2Fwp%2Fv2%2Fcomments&post=889"}],"version-history":[{"count":2,"href":"http:\/\/www.ardae.ro\/index.php?rest_route=\/wp\/v2\/posts\/889\/revisions"}],"predecessor-version":[{"id":1106,"href":"http:\/\/www.ardae.ro\/index.php?rest_route=\/wp\/v2\/posts\/889\/revisions\/1106"}],"wp:attachment":[{"href":"http:\/\/www.ardae.ro\/index.php?rest_route=%2Fwp%2Fv2%2Fmedia&parent=889"}],"wp:term":[{"taxonomy":"category","embeddable":true,"href":"http:\/\/www.ardae.ro\/index.php?rest_route=%2Fwp%2Fv2%2Fcategories&post=889"},{"taxonomy":"post_tag","embeddable":true,"href":"http:\/\/www.ardae.ro\/index.php?rest_route=%2Fwp%2Fv2%2Ftags&post=889"}],"curies":[{"name":"wp","href":"https:\/\/api.w.org\/{rel}","templated":true}]}}