{"id":869,"date":"2014-07-08T18:12:10","date_gmt":"2014-07-08T18:12:10","guid":{"rendered":"http:\/\/www.ardae.ro\/?p=869"},"modified":"2014-08-30T07:47:05","modified_gmt":"2014-08-30T07:47:05","slug":"procesul-civil-si-executarea-silita-experienta-unui-nou-inceput-28-30-august-2014-targu-mures","status":"publish","type":"post","link":"http:\/\/www.ardae.ro\/?p=869","title":{"rendered":"Procesul civil \u0219i executarea silit\u0103, experien\u021ba unui nou \u00eenceput &#8211; 28-30 august 2014, T\u00e2rgu-Mure\u0219"},"content":{"rendered":"<p><!--more--><\/p>\n<p>Camera Executorilor Judec\u0103tore\u0219ti T\u00eergu Mure\u0219<br \/>\nFacultatea de \u0218tiin\u021be Economice Juridice \u0219i Administrative<br \/>\nCentrul de Cercetare pentru Drept \u0219i \u0218tiin\u021be Umaniste din cadrul Universit\u0103\u021bii \u201ePetru Maior\u201d din T\u00eergu Mure\u0219<br \/>\nUniunea Na\u021bional\u0103 a Executorilor Judec\u0103tore\u0219ti din Republica Moldova<br \/>\nUniversitatea Alecu Russo din B\u0103l\u021bi, Republica Moldova<\/p>\n<p>organizeaz\u0103 conferin\u021ba interna\u021bional\u0103<\/p>\n<h2>Procesul civil \u0219i executarea silit\u0103, experien\u021ba unui nou \u00eenceput<\/h2>\n<p>Hotel Grand<br \/>\nT\u00e2rgu-Mure\u0219<br \/>\n28-30 august 2014<\/p>\n<p>Conferin\u021ba se dore\u0219te a fi un forum de analiz\u0103 a normelor juridice aplicabile \u00een procedura civil\u0103 reglementat\u0103 de noul Cod de procedur\u0103 civil\u0103, de unele legi speciale, precum \u0219i de legisla\u021bia Republicii Moldova. \u00cen cadrul conferin\u021bei participan\u021bii vor putea interac\u021biona pe tema conferin\u021bei ridic\u00e2nd probleme practice.<\/p>\n<p>Lucr\u0103rile \u00eenscrise p\u00e2n\u0103 \u00een data de 28 iulie 2014 \u0219i acceptate de comitetul \u0219tiin\u021bific p\u00e2n\u0103 \u00een data de 31 iulie 2014 vor fi publicate \u00een volumul conferin\u0163ei, realizat de editura \u201eUniversul Juridic\u201d, acreditat\u0103 C.N.C.S.I.S. Cele mai valoroase lucr\u0103ri vor fi publicate \u0219i \u00een Revista Rom\u00e2n\u0103 de Executare Silit\u0103.<\/p>\n<p>Lucr\u0103rile in extenso vor fi trimise \u00een format electronic pe adresa de e-mail a conferin\u021bei, pan\u0103 la data de 10 august 2014. Lucrarea trebuie s\u0103 fie conceput\u0103 \u00eentr-o form\u0103 original\u0103, s\u0103 nu fi fost publicat\u0103 sau prezentat\u0103 anterior la alte evenimente \u015fi s\u0103 respecte integral condi\u0163iile de form\u0103 solicitate.<\/p>\n<p><strong>\u00censcrierile \u0219i rezerv\u0103rile se fac on-line, prin completarea\u00a0<a href=\"http:\/\/www.cameramures.com\/conferinte\/pcesei\/\" target=\"_blank\">formularelor<\/a>\u00a0p\u00e2n\u0103 la data de 28 iulie 2014.<\/strong><br \/>\nPre\u021b cazare: 45 \u20ac\/zi single, 55 \u20ac\/zi camera dubl\u0103. (Tarifele includ: mic dejun bufet suedez, TVA, taxa hotelier\u0103).<\/p>\n<p><strong>Termene:<\/strong><br \/>\n<strong>Pentru participare:<\/strong><br \/>\n&#8211; \u00censcriere: 28 iulie 2014<\/p>\n<p><strong>Pentru sus\u021binere de comunicare \u0219tiin\u021bific\u0103:<\/strong><br \/>\n&#8211; \u00censcriere (titlu \u0219i rezumatul lucr\u0103rii): 28 iulie 2014<br \/>\n&#8211; Confirmarea \u00eenscrierii: 31 iulie 2014<br \/>\n&#8211; Trimiterea lucr\u0103rii in extenso: 10 august 2014<\/p>\n<p><strong>Condi\u021bii de redactare \u0219i publicare<\/strong><br \/>\n\u00cen vederea public\u0103rii \u00een volumul conferin\u0163ei, materialele trebuie transmise electronic la adresa de e-mail conferinta@ccdsu.ro. La elaborarea materialelor este necesar s\u0103 fie luate \u00een considerare urm\u0103toarele condi\u0163ii:<br \/>\n&#8211; textele vor fi tehnoredactate \u00een limba rom\u00e2n\u0103, \u00een Microsoft Word (cel pu\u0163in versiunea 7.0) numai cu Times New Roman, varianta standard, folosindu-se \u00een mod obligatoriu diacritice. Dimensiunea caracterelor va fi de 12 pentru text \u015fi 10 pentru notele de subsol (la 1,5 r\u00e2nduri distan\u0163\u0103), iar marginile vor avea toate 2 cm. Dimensiunea paginii este A4. Paragrafele trebuie marcate \u00een text prin alineat sau spa\u0163iere mai mare \u00eentre r\u00e2nduri. Num\u0103r maxim de pagini: 50;<br \/>\n&#8211; fiecare material trebuie s\u0103 con\u0163in\u0103, pe prima pagin\u0103, titlul complet al lucr\u0103rii, numele \u015fi prenumele autorului\/autorilor, profesia, titlul didactic sau \u015ftiin\u0163ific, institu\u0163ia \u00een care \u00ee\u015fi desf\u0103\u015foar\u0103 activitatea, datele de contact: adresa complet\u0103, adresa de e-mail, num\u0103r de telefon;<br \/>\n&#8211; fiecare material va fi prev\u0103zut la \u00eenceput cu un rezumat redactat \u00een limba rom\u00e2n\u0103, care nu trebuie s\u0103 dep\u0103\u015feasc\u0103 1.000 de caractere \u015fi, de asemenea, un num\u0103r de cinci cuvinte cheie \u00een limba roman\u0103;<br \/>\n&#8211; titlul fiec\u0103rui material trimis trebuie s\u0103 fie scris \u00een limba rom\u00e2n\u0103;<br \/>\n&#8211; \u00een cazul \u00een care se folosesc abrevieri, cuv\u00e2ntul abreviat trebuie s\u0103 apar\u0103 mai \u00eent\u00e2i \u00een \u00eentregime cu abrevierea precizat\u0103 \u00eentre paranteze.<\/p>\n<p>Este recomandat s\u0103 se fac\u0103 distinc\u0163ie \u00eentre literele mici \u015fi literele mari, \u00eentre litera o \u015fi cifra 0, \u00eentre litera l \u015fi num\u0103rul unu, precum \u015fi \u00eentre litera K \u015fi simbolul grecesc Kappa.<\/p>\n<p><strong>Referin\u0163e bibliografice<\/strong>:<br \/>\n&#8211; notele bibliografice, cuprinse \u00een subsolul paginilor, trebuie realizate \u00een mod complet, cu indicarea prenumelui \u015fi numelui de familie al autorilor, titlul \u00eentreg al lucr\u0103rii, eventual edi\u0163ia \u015fi\/sau volumul, editura, anul \u015fi locul edit\u0103rii, pagina\/paginile la care se face trimitere. \u00cen situa\u0163ia \u00een care se fac trimiteri la lucr\u0103ri<br \/>\nnepublicate, acestea pot fi citate cu precizarea modului \u00een care autorul a luat cuno\u015ftin\u0163\u0103 de respectivele documente.<br \/>\n&#8211; documentele disponibile doar pe internet pot fi citate cu denumirea complet\u0103 a site-ului, care trebuie s\u0103 aib\u0103 URL fix, \u015fi cu precizarea link-ului, \u00eentre paranteze, precum \u015fi a ultimei date de consultare. Autorii sunt ruga\u0163i s\u0103 verifice accesibilitatea linkului \u00eenainte de citare.<\/p>\n<p><strong>Program<\/strong><br \/>\n<strong>Joi, 28 august 2014<\/strong><br \/>\n14:00-19:00\u00a0<em>Sosirea \u0219i cazarea participan\u0163ilor<\/em><br \/>\n19:00-22:00\u00a0<em>Dineu de bun venit<\/em><\/p>\n<p>Vineri, 29 august 2014<br \/>\n7:30\u20139:00\u00a0<em>Mic dejun<\/em><br \/>\n9:00-9:30\u00a0<em>\u00cenregistrarea participan\u021bilor<\/em><br \/>\n9:30-10:00<em>\u00a0Cuv\u00e2nt de deschidere<\/em><br \/>\n10:00-11:15\u00a0<em>Comunic\u0103ri \u0219tiin\u021bifice<\/em><br \/>\n11:15-11:30\u00a0<em>Coffee-break<\/em><br \/>\n11:30-13:00\u00a0<em>Comunic\u0103ri \u0219tiin\u021bifice<\/em><br \/>\n13:00-14:30\u00a0<em>Mas\u0103 de pr\u00e2nz<\/em><br \/>\n15:00-17:00\u00a0<em>Comunic\u0103ri \u0219tiin\u021bifice<\/em><br \/>\n17:00-20:00\u00a0<em>Program liber<\/em><br \/>\n20:00-22:00\u00a0<em>Dineu festiv<\/em><\/p>\n<p><strong>S\u00e2mb\u0103t\u0103, 30 august 2014<\/strong><br \/>\n8:00\u201310:00\u00a0<em>Mic dejun<\/em><br \/>\n10:00-11:00\u00a0<em>Comunic\u0103ri \u0219tiin\u021bifice<\/em><br \/>\n11:00-11:15\u00a0<em>Coffee-break<\/em><br \/>\n11:15-12:30\u00a0<em>Prezentarea raportului \u0219i a concluziilor conferin\u021bei<\/em><br \/>\n12:30-14:00\u00a0<em>Mas\u0103 de pr\u00e2nz<\/em><br \/>\n14:00-20:00\u00a0<em>Excursie (op\u021bional)<\/em><\/p>\n<p><strong>Comitetul \u0219tiin\u021bific<\/strong><br \/>\n<strong>Radu CATAN\u0102<\/strong><br \/>\nUniversitatea \u201eBabes-Bolyai\u201d din Cluj-Napoca, Rom\u00e2nia<br \/>\n<strong>Lucian CHIRIAC<\/strong><br \/>\nUniversitatea \u201ePetru Maior\u201d din Tg. Mure\u015f, Rom\u00e2nia<br \/>\n<strong>Romulus GIDRO<\/strong><br \/>\nUniversitatea \u201ePetru Maior\u201d din Tg. Mure\u015f, Rom\u00e2nia<br \/>\n<strong>Ioan G\u00c2NF\u0102LEAN<\/strong><br \/>\nUniversitatea \u201e1 Decembrie 1918\u201d, Alba Iulia, Rom\u00e2nia<br \/>\n<strong>Ioan LE\u0218<\/strong><br \/>\nUniversitatea \u201eLucian Blaga\u201d din Sibiu, Rom\u00e2nia<br \/>\n<strong>Florea M\u0102GUREANU<\/strong><br \/>\nUniversitatea Rom\u00e2no-American\u0103, Bucure\u0219ti, Rom\u00e2nia<br \/>\n<strong>Cristian MIHE\u0218<\/strong><br \/>\nUniversitatea din Oradea, Rom\u00e2nia<br \/>\n<strong>Valentin MIRI\u0218AN<\/strong><br \/>\nUniversitatea din Oradea, Rom\u00e2nia<br \/>\n<strong>Gheorghe NEAGU<\/strong><br \/>\nUniversitatea de Stat\u201eAlecu Russo\u201ddin B\u0103l\u0163i, Republica Moldova<br \/>\n<strong>Evelina OPRINA<\/strong><br \/>\nUniversitatea Cre\u0219tin\u0103 \u201eDimitrie Cantemir\u201d din Bucure\u0219ti<br \/>\n<strong>Veaceslav P\u00ceNZARI<\/strong><br \/>\nUniversitatea de Stat \u201eAlecu Russo\u201d din B\u0103l\u0163i, Republica Moldova<br \/>\n<strong>Dan POPESCU<\/strong><br \/>\nUniversitatea \u201eBabes-Bolyai\u201d din Cluj-Napoca, Rom\u00e2nia<br \/>\n<strong>Ioan SAB\u0102U \u2013 POP<\/strong><br \/>\nUniversitatea \u201ePetru Maior\u201ddin Tg. Mure\u015f, Rom\u00e2nia<br \/>\n<strong>Gyorgy STOIKA<\/strong><br \/>\nUniversity of Miskolc, Ungaria<br \/>\n<strong>Daniel \u2013 Mihail \u0218ANDRU<\/strong><br \/>\nInstitutul de Cercet\u0103ri Juridice \u201eAcad. Andrei R\u0103dulescu\u201d al Academiei Rom\u00e2ne<br \/>\nUniversitatea Cre\u0219tin\u0103 \u201eDimitrie Cantemir\u201d din Bucure\u0219ti<br \/>\n<strong>Csaba VARGA<\/strong><br \/>\n\u201eP\u00e0zm\u00e0ny P\u00e9ter\u201d Catholic University, Budapesta, Ungaria<br \/>\n<strong>Barbu VLAD<\/strong><br \/>\nAcademia de Poli\u021bie \u201eAlexandru Ioan Cuza\u201d din Bucure\u0219ti<\/p>\n<p><strong>Comitetul de organizare<\/strong><br \/>\nPre\u0219edinte:\u00a0<strong>Dr. Eugen HURUB\u0102<\/strong><br \/>\nSecretari:\u00a0<strong>Andrea KAJCSA, Maria Cristina GIUNCA<\/strong><br \/>\nMembri:<br \/>\n<strong>Adrian Vasile BOANT\u0102<\/strong><br \/>\n<strong>Marin Cornel COTFAS<\/strong><br \/>\n<strong>Ioan LAZ\u0102R<\/strong><br \/>\n<strong>Br\u00eendu\u0219a MARIAN<\/strong><br \/>\n<strong>Radu OLTEANU<\/strong><br \/>\n<strong>Roxana Maria ROBA<\/strong><br \/>\n<strong>Vladimir RUSU<\/strong><br \/>\n<strong>Olimpiu A. SAB\u0102U-POP<\/strong><br \/>\n<strong>Attila SARIG<\/strong><br \/>\n<strong>Szabolcs SZEKELY<\/strong><br \/>\n<strong>Daniela VALEA<\/strong><\/p>\n","protected":false},"excerpt":{"rendered":"","protected":false},"author":1,"featured_media":0,"comment_status":"closed","ping_status":"open","sticky":false,"template":"","format":"standard","meta":{"footnotes":""},"categories":[48],"tags":[],"class_list":["post-869","post","type-post","status-publish","format-standard","hentry","category-evenimente"],"_links":{"self":[{"href":"http:\/\/www.ardae.ro\/index.php?rest_route=\/wp\/v2\/posts\/869"}],"collection":[{"href":"http:\/\/www.ardae.ro\/index.php?rest_route=\/wp\/v2\/posts"}],"about":[{"href":"http:\/\/www.ardae.ro\/index.php?rest_route=\/wp\/v2\/types\/post"}],"author":[{"embeddable":true,"href":"http:\/\/www.ardae.ro\/index.php?rest_route=\/wp\/v2\/users\/1"}],"replies":[{"embeddable":true,"href":"http:\/\/www.ardae.ro\/index.php?rest_route=%2Fwp%2Fv2%2Fcomments&post=869"}],"version-history":[{"count":4,"href":"http:\/\/www.ardae.ro\/index.php?rest_route=\/wp\/v2\/posts\/869\/revisions"}],"predecessor-version":[{"id":897,"href":"http:\/\/www.ardae.ro\/index.php?rest_route=\/wp\/v2\/posts\/869\/revisions\/897"}],"wp:attachment":[{"href":"http:\/\/www.ardae.ro\/index.php?rest_route=%2Fwp%2Fv2%2Fmedia&parent=869"}],"wp:term":[{"taxonomy":"category","embeddable":true,"href":"http:\/\/www.ardae.ro\/index.php?rest_route=%2Fwp%2Fv2%2Fcategories&post=869"},{"taxonomy":"post_tag","embeddable":true,"href":"http:\/\/www.ardae.ro\/index.php?rest_route=%2Fwp%2Fv2%2Ftags&post=869"}],"curies":[{"name":"wp","href":"https:\/\/api.w.org\/{rel}","templated":true}]}}