{"id":733,"date":"2014-04-29T09:29:10","date_gmt":"2014-04-29T09:29:10","guid":{"rendered":"http:\/\/www.ardae.ro\/?p=733"},"modified":"2014-11-30T08:04:28","modified_gmt":"2014-11-30T08:04:28","slug":"ceremonia-de-acordare-a-titlului-de-doctor-honoris-causa-domnului-profesor-norbert-reich-9-mai-2014","status":"publish","type":"post","link":"http:\/\/www.ardae.ro\/?p=733","title":{"rendered":"Ceremonia de acordare a titlului de doctor honoris causa domnului profesor Norbert Reich, 9 mai 2014"},"content":{"rendered":"<p><strong><!--more--><a href=\"http:\/\/www.ardae.ro\/wp-content\/uploads\/Principii_generale_ale_dreptului...Norbert_Reich_7_cm.jpg\"><img loading=\"lazy\" decoding=\"async\" class=\"alignleft size-medium wp-image-732\" alt=\"Principii_generale_ale_dreptului...Norbert_Reich_7_cm\" src=\"http:\/\/www.ardae.ro\/wp-content\/uploads\/Principii_generale_ale_dreptului...Norbert_Reich_7_cm-208x300.jpg\" width=\"208\" height=\"300\" srcset=\"http:\/\/www.ardae.ro\/wp-content\/uploads\/Principii_generale_ale_dreptului...Norbert_Reich_7_cm-208x300.jpg 208w, http:\/\/www.ardae.ro\/wp-content\/uploads\/Principii_generale_ale_dreptului...Norbert_Reich_7_cm-712x1024.jpg 712w, http:\/\/www.ardae.ro\/wp-content\/uploads\/Principii_generale_ale_dreptului...Norbert_Reich_7_cm.jpg 900w\" sizes=\"(max-width: 208px) 100vw, 208px\" \/><\/a><\/strong><\/p>\n<p style=\"text-align: justify;\"><strong>Ceremonia de acordare a titlului de doctor honoris causa domnului profesor Norbert Reich, 9 mai 2014<\/strong><\/p>\n<p style=\"text-align: justify;\"><strong>Dl Profesor Norbert Reich\u00a0<\/strong>va participa la\u00a0<a href=\"http:\/\/www.utm.ro\/facultatea-de-drept-bucuresti\/conferinta-internationala-rolul-europei-intr-o-societate-polarizata\/\" target=\"_blank\">Conferin\u0163a interna\u0163ionala \u201cRolul Europei \u00eentr-o societate polarizat\u0103\u201d<\/a>organizat\u0103 de Universitatea Titu Maiorescu, in parteneriat cu Asociatia romana de drept si afaceri europene (ARDAE). Universitatea Titu Maiorescu va organiza ceremonia decern\u0103rii titlului\u00a0de doctor honoris causa la\u00a0data de 9 mai 2014, ora 12, \u00een Aula Magna. Cu aceast\u0103 ocazie va fi lansat volumul \u00a0&#8220;Principii generale ale dreptului civil al Uniunii Europene\u201d, [General Principles of EU Civil Law,\u00a0<a href=\"http:\/\/www.intersentia.com\/searchDetail.aspx?back=reeks&amp;reeksCode=&amp;bookid=102668&amp;author=Norbert%20Reich&amp;title=General%20Principles%20of%20EU%20Civil%20Law\" target=\"_blank\">Intersentia, 2013<\/a>]\u00a0tradus de Mihai Banu \u015fi publicat de\u00a0<a href=\"http:\/\/www.editurauniversitara.ro\/carte\/carti_in_curs_de_aparitie\/principii_generale_ale_dreptului_civil_al_uniunii_europene\/10878\" target=\"_blank\">Editura Universitar\u0103<\/a>\u00a0(traducere sponsorizata de\u00a0bpv\u00a0GRIGORESCU STEFANICA).<\/p>\n<p style=\"text-align: justify;\">Norbert Reich\u00a0a participat cu un interviu la volumul \u201c<a href=\"http:\/\/www.editurauniversitara.ro\/carte\/carti_in_curs_de_aparitie\/interviewing_european_union_wilhelm_meister_in_eu_law\/10468\" target=\"_blank\">Interviewing European Union. Wilhelm Meister in EU law<\/a>\u201c, Editura Universitar\u0103, 2013; interviul a ap\u0103rut, \u00een traducere, \u00een Revista\u00a0rom\u00e2n\u0103 de drept european, nr. 4\/2012.<\/p>\n<p style=\"text-align: justify;\">Ceremonia decern\u0103rii titlului\u00a0de doctor honoris causa va incepe la 12.<\/p>\n<p style=\"text-align: justify;\">La 12.45 va incepe dezbaterea pe marginea lansarii de carte\u00a0&#8211;\u00a0\u201cPrincipii generale ale dreptului civil al Uniunii Europene&#8221;;\u00a0dezbaterea va fi moderata de prof. univ. dr. Valerius Ciuca si prof. univ. dr. Mihai Sandru.<\/p>\n<p style=\"text-align: justify;\">Volum recomandat de:<\/p>\n<p style=\"text-align: justify;\"><a href=\"http:\/\/www.ardae.ro\/\" target=\"_blank\">Asociatia romana de drept si afaceri europene (ARDAE)<\/a><\/p>\n<p style=\"text-align: justify;\"><a href=\"http:\/\/www.csde.ro\/\" target=\"_blank\">Centrul de Studii de Drept European (CSDE) al Institutului de Cercetari Juridice al Academiei Romane<\/a><\/p>\n<p style=\"text-align: justify;\"><strong>\u00a0<\/strong><\/p>\n<p>&nbsp;<\/p>\n","protected":false},"excerpt":{"rendered":"","protected":false},"author":1,"featured_media":0,"comment_status":"closed","ping_status":"open","sticky":false,"template":"","format":"standard","meta":{"footnotes":""},"categories":[48,3,80],"tags":[],"class_list":["post-733","post","type-post","status-publish","format-standard","hentry","category-evenimente","category-proiecteprojects","category-traduceri-europene"],"_links":{"self":[{"href":"http:\/\/www.ardae.ro\/index.php?rest_route=\/wp\/v2\/posts\/733"}],"collection":[{"href":"http:\/\/www.ardae.ro\/index.php?rest_route=\/wp\/v2\/posts"}],"about":[{"href":"http:\/\/www.ardae.ro\/index.php?rest_route=\/wp\/v2\/types\/post"}],"author":[{"embeddable":true,"href":"http:\/\/www.ardae.ro\/index.php?rest_route=\/wp\/v2\/users\/1"}],"replies":[{"embeddable":true,"href":"http:\/\/www.ardae.ro\/index.php?rest_route=%2Fwp%2Fv2%2Fcomments&post=733"}],"version-history":[{"count":13,"href":"http:\/\/www.ardae.ro\/index.php?rest_route=\/wp\/v2\/posts\/733\/revisions"}],"predecessor-version":[{"id":1309,"href":"http:\/\/www.ardae.ro\/index.php?rest_route=\/wp\/v2\/posts\/733\/revisions\/1309"}],"wp:attachment":[{"href":"http:\/\/www.ardae.ro\/index.php?rest_route=%2Fwp%2Fv2%2Fmedia&parent=733"}],"wp:term":[{"taxonomy":"category","embeddable":true,"href":"http:\/\/www.ardae.ro\/index.php?rest_route=%2Fwp%2Fv2%2Fcategories&post=733"},{"taxonomy":"post_tag","embeddable":true,"href":"http:\/\/www.ardae.ro\/index.php?rest_route=%2Fwp%2Fv2%2Ftags&post=733"}],"curies":[{"name":"wp","href":"https:\/\/api.w.org\/{rel}","templated":true}]}}