{"id":685,"date":"2013-03-29T15:29:06","date_gmt":"2013-03-29T15:29:06","guid":{"rendered":"http:\/\/www.ardae.ro\/?p=685"},"modified":"2014-03-29T15:34:50","modified_gmt":"2014-03-29T15:34:50","slug":"valentin-mircea","status":"publish","type":"post","link":"http:\/\/www.ardae.ro\/?p=685","title":{"rendered":"Valentin Mircea"},"content":{"rendered":"<p><!--more--><\/p>\n<p>Valentin Mircea<\/p>\n<p style=\"text-align: justify;\">Domnul Valentin Mircea este expert \u00een dreptul concuren\u0163ei \u015fi Partener Senior la firma de avocatur\u0103 Mircea \u015fi Asocia\u0163ii. \u00centre mai 2009 \u015fi octombrie 2013 Dl.Mircea a fost membru al Plenului \u015fi Vice-Pre\u015fedinte al Consiliului Concuren\u0163ei. Din aceast\u0103 pozi\u0163ie, printre alte activit\u0103\u0163i, Dl.Mircea a coordonat \u00een 2010-2011 ampla modificare a Legii concuren\u0163ei \u015fi a regulamentelor \u015fi instruc\u0163iunilor de aplicare a acesteia. De asemenea, a fost implicat \u00een redactarea noii legi a concuren\u0163ei din Republica Moldova. Dl.Mircea este \u00een mod frecvent lector la conferin\u0163e de afaceri \u015fi cu caracter profesional \u00een Rom\u00e2nia \u015fi \u00een str\u0103in\u0103tate. El este autor \u015fi co-autor al unor c\u0103r\u0163i de specialitate \u00een domeniul concuren\u0163ei \u015fi a numeroase articole de specialitate \u00een publica\u0163ii din Rom\u00e2nia \u015fi din str\u0103in\u0103tate.<\/p>\n<p style=\"text-align: justify;\">\u00a0\u00cenainte de func\u0163ia public\u0103 la Consiliul Concuren\u0163ei Dl.Mircea a fost Avocat Senior specializat \u00een dreptul afacerilor la KPMG Rom\u00e2nia \u015fi, ulterior, la firma britanic\u0103 de avocatur\u0103 Sinclair Roche &amp; Temperley. \u00cen 2003 a \u00eenfiin\u0163at propria firm\u0103 de avocatur\u0103, specializat\u0103 \u00een dreptul concuren\u0163ei, dreptul muncii, dreptul energiei \u015fi dreptul telecomunica\u0163iilor.<\/p>\n<p style=\"text-align: justify;\">\u00a0Valentin Mircea este licen\u0163iat al Facult\u0103\u0163ii de Drept a Universit\u0103\u0163ii Bucure\u015fti (1996) \u015fi de\u0163ine o diploma de studii generale \u00een drept francez a Universit\u0103\u0163ii Pantehon-Assas (Sorbona). \u00cen toamna lui 2013 a absolvit \u015ecoala Doctoral\u0103 a Universit\u0103\u0163ii Bucure\u015fti iar la finalul lunii martie 2014 va ap\u0103ra public teza sa de doctorat cu o tem\u0103 aflat\u0103 la congruen\u0163a dintre dreptul civil \u015fi dreptul concuren\u0163ei.<\/p>\n<p style=\"text-align: justify;\">Este memebru aderent al ARDAE &#8211; Asociatia romana de drept si afaceri europene din 21.02.2014.<\/p>\n<p style=\"text-align: justify;\"><a href=\"http:\/\/www.ardae.ro\/?p=436\" target=\"_blank\">Lista membrilor aderenti ARDAE<\/a><\/p>\n","protected":false},"excerpt":{"rendered":"","protected":false},"author":1,"featured_media":0,"comment_status":"closed","ping_status":"open","sticky":false,"template":"","format":"standard","meta":{"footnotes":""},"categories":[8,10],"tags":[],"class_list":["post-685","post","type-post","status-publish","format-standard","hentry","category-despre-noi","category-membri-aderenti"],"_links":{"self":[{"href":"http:\/\/www.ardae.ro\/index.php?rest_route=\/wp\/v2\/posts\/685"}],"collection":[{"href":"http:\/\/www.ardae.ro\/index.php?rest_route=\/wp\/v2\/posts"}],"about":[{"href":"http:\/\/www.ardae.ro\/index.php?rest_route=\/wp\/v2\/types\/post"}],"author":[{"embeddable":true,"href":"http:\/\/www.ardae.ro\/index.php?rest_route=\/wp\/v2\/users\/1"}],"replies":[{"embeddable":true,"href":"http:\/\/www.ardae.ro\/index.php?rest_route=%2Fwp%2Fv2%2Fcomments&post=685"}],"version-history":[{"count":2,"href":"http:\/\/www.ardae.ro\/index.php?rest_route=\/wp\/v2\/posts\/685\/revisions"}],"predecessor-version":[{"id":695,"href":"http:\/\/www.ardae.ro\/index.php?rest_route=\/wp\/v2\/posts\/685\/revisions\/695"}],"wp:attachment":[{"href":"http:\/\/www.ardae.ro\/index.php?rest_route=%2Fwp%2Fv2%2Fmedia&parent=685"}],"wp:term":[{"taxonomy":"category","embeddable":true,"href":"http:\/\/www.ardae.ro\/index.php?rest_route=%2Fwp%2Fv2%2Fcategories&post=685"},{"taxonomy":"post_tag","embeddable":true,"href":"http:\/\/www.ardae.ro\/index.php?rest_route=%2Fwp%2Fv2%2Ftags&post=685"}],"curies":[{"name":"wp","href":"https:\/\/api.w.org\/{rel}","templated":true}]}}