{"id":505,"date":"2014-01-17T13:59:31","date_gmt":"2014-01-17T13:59:31","guid":{"rendered":"http:\/\/www.ardae.ro\/?p=505"},"modified":"2014-01-29T07:47:52","modified_gmt":"2014-01-29T07:47:52","slug":"lansare-dictionar-de-drepturile-omului-23-01-2014","status":"publish","type":"post","link":"http:\/\/www.ardae.ro\/?p=505","title":{"rendered":"Lansare Dic\u0163ionar de Drepturile Omului, 23.01.2014"},"content":{"rendered":"<p><strong><!--more-->Editura CH Beck<\/strong>\u00a0\u00een parteneriat cu\u00a0<strong>Ministerul Afacerilor Externe<\/strong>, v\u0103 adreseaz\u0103 invita\u0163ia, de a participa, joi, 23 ianuarie 2014 , orele 11:00,la lansarea volumului:\u201d<em><strong>Dic\u0163ionar de Drepturile Omului<\/strong><\/em>\u201c. Evenimentul se \u00eenscrie \u00een cadrul programului\u00a0<strong><em>Cartea lunii<\/em><\/strong>\u00a0la MAE \u015fi va avea loc la Sala Grigore Gafencu (Aleea Alexandru nr. 33, sector 1).<\/p>\n<p><strong>Invita\u0163i \u00een cadrul evenimentului de lansare<\/strong>: Titus Corl\u0103\u0163ean \u00a0(ministrul afacerilor externe), R\u0103zvan Hora\u0163iu-Radu (subsecretar de stat AGCJ-UE), Cristina Tarcea ( vicepre\u015fedinte ICCJ), Simina T\u0103n\u0103sescu (profesor de drept constitu\u0163ional, Universitatea Bucure\u015fti), Cornel Gabriel Caian (judec\u0103tor deta\u015fat la Agentul Guvernamental al Rom\u00e2niei pentru CEDO).<br \/>\n<strong>Moderatorul evenimentului:<\/strong>\u00a0Br\u00e2ndu\u015fa Predescu (purt\u0103tor de cuv\u00e2nt).<\/p>\n<p><strong>Dic\u0163ionarul de Drepturile Omului<\/strong>\u00a0reprezint\u0103 o lucrare de baz\u0103 pentru \u00eensu\u015firea terminologiei, principiilor, dispozi\u0163iilor \u015fi a mecanismelor Conven\u0163iei europene a drepturilor omului, prin dubla sa natur\u0103, teoretic\u0103 \u015fi practic\u0103.<\/p>\n<p>Conceput \u015fi redactat de profesioni\u015fti ai dreptului, magistra\u0163i \u015fi diploma\u0163i, aceast\u0103 lucrare reprezint\u0103 un ghid de referin\u0163\u0103 pentru to\u0163i cei interesa\u0163i de protec\u0163ia european\u0103 a drepturilor omului, deopotriv\u0103 magistra\u0163i, avoca\u0163i, notari, executori judec\u0103tore\u015fti, profesori \u015fi studen\u0163i, dar \u015fi justi\u0163iabili, atra\u015fi de mirajul Cur\u0163ii Europene a Drepturilor Omului, considerat\u0103 nu de pu\u0163ine ori drept singura cale \u201eserioas\u0103\u201d pentru solu\u0163ionarea unui litigiu.<\/p>\n<p><a href=\"http:\/\/www.beck.ro\/2014\/01\/16\/lansare-dictionar-de-drepturile-omului\/#.Utk1zdK1Zqx\" target=\"_blank\">Detalii<\/a><\/p>\n<p style=\"text-align: center;\"><strong><a href=\"http:\/\/www.csde.ro\/wp-content\/uploads\/Dictionar_CEDO.jpg\"><img loading=\"lazy\" decoding=\"async\" title=\"Dictionar_CEDO\" alt=\"\" src=\"http:\/\/www.csde.ro\/wp-content\/uploads\/Dictionar_CEDO-300x212.jpg\" width=\"300\" height=\"212\" \/><\/a><\/strong><\/p>\n","protected":false},"excerpt":{"rendered":"","protected":false},"author":1,"featured_media":0,"comment_status":"open","ping_status":"open","sticky":false,"template":"","format":"standard","meta":{"footnotes":""},"categories":[48],"tags":[],"class_list":["post-505","post","type-post","status-publish","format-standard","hentry","category-evenimente"],"_links":{"self":[{"href":"http:\/\/www.ardae.ro\/index.php?rest_route=\/wp\/v2\/posts\/505"}],"collection":[{"href":"http:\/\/www.ardae.ro\/index.php?rest_route=\/wp\/v2\/posts"}],"about":[{"href":"http:\/\/www.ardae.ro\/index.php?rest_route=\/wp\/v2\/types\/post"}],"author":[{"embeddable":true,"href":"http:\/\/www.ardae.ro\/index.php?rest_route=\/wp\/v2\/users\/1"}],"replies":[{"embeddable":true,"href":"http:\/\/www.ardae.ro\/index.php?rest_route=%2Fwp%2Fv2%2Fcomments&post=505"}],"version-history":[{"count":2,"href":"http:\/\/www.ardae.ro\/index.php?rest_route=\/wp\/v2\/posts\/505\/revisions"}],"predecessor-version":[{"id":522,"href":"http:\/\/www.ardae.ro\/index.php?rest_route=\/wp\/v2\/posts\/505\/revisions\/522"}],"wp:attachment":[{"href":"http:\/\/www.ardae.ro\/index.php?rest_route=%2Fwp%2Fv2%2Fmedia&parent=505"}],"wp:term":[{"taxonomy":"category","embeddable":true,"href":"http:\/\/www.ardae.ro\/index.php?rest_route=%2Fwp%2Fv2%2Fcategories&post=505"},{"taxonomy":"post_tag","embeddable":true,"href":"http:\/\/www.ardae.ro\/index.php?rest_route=%2Fwp%2Fv2%2Ftags&post=505"}],"curies":[{"name":"wp","href":"https:\/\/api.w.org\/{rel}","templated":true}]}}