{"id":501,"date":"2014-01-15T11:00:44","date_gmt":"2014-01-15T11:00:44","guid":{"rendered":"http:\/\/www.ardae.ro\/?p=501"},"modified":"2015-08-03T16:24:16","modified_gmt":"2015-08-03T16:24:16","slug":"manole-ciprian-popa","status":"publish","type":"post","link":"http:\/\/www.ardae.ro\/?p=501","title":{"rendered":"Manole Ciprian Popa"},"content":{"rendered":"<p><!--more--><br \/>\n<a href=\"http:\/\/www.ardae.ro\/wp-content\/uploads\/Manole-Ciprian-Popa.jpg\"><img loading=\"lazy\" decoding=\"async\" class=\"alignleft size-medium wp-image-1332\" alt=\"Manole Ciprian Popa\" src=\"http:\/\/www.ardae.ro\/wp-content\/uploads\/Manole-Ciprian-Popa-199x300.jpg\" width=\"199\" height=\"300\" srcset=\"http:\/\/www.ardae.ro\/wp-content\/uploads\/Manole-Ciprian-Popa-199x300.jpg 199w, http:\/\/www.ardae.ro\/wp-content\/uploads\/Manole-Ciprian-Popa-682x1024.jpg 682w, http:\/\/www.ardae.ro\/wp-content\/uploads\/Manole-Ciprian-Popa.jpg 709w\" sizes=\"(max-width: 199px) 100vw, 199px\" \/><\/a>Lector univ. dr. Manole Ciprian Popa<\/p>\n<p>Manole Ciprian Popa are o considerabil\u0103 experien\u0163\u0103 practic\u0103 \u015fi academic\u0103 \u00een materia dreptului comercial (<a href=\"http:\/\/drept.unibuc.ro\/Lector-univ.-dr.-Manole-Ciprian-Popa-s17-a818-ro.htm\" target=\"_blank\">UB<\/a>).<\/p>\n<p>Este autor al mai multor lucr\u0103ri de specialitate, cea mai important\u0103 fiind monografia <a href=\"http:\/\/www.beckshop.ro\/grupurile_de_societati-p5660.html\" target=\"_blank\">\u201eGrupurile de societ\u0103\u0163i\u201d, Ed. C.H. Beck, Bucure\u015fti, 2011<\/a>, singura pe acest subiect din literatura juridic\u0103 rom\u00e2n\u0103.<\/p>\n<p><b>\u00a0<\/b><\/p>\n<p><b>Articole care abordeaz\u0103 \u015fi subiecte de drept comparat:<\/b><\/p>\n<p>&nbsp;<\/p>\n<p>\u201eScurt\u0103 prezentare a grupurilor de societ\u0103\u0163i \u00een dreptul comercial francez\u201d, Analele Universit\u0103\u0163ii din Bucure\u015fti, Seria Drept nr. 2010-IV, Ed. C.H. Beck, Bucure\u015fti, p. 105-117;<\/p>\n<p>&nbsp;<\/p>\n<p>\u201eGrupurile de societ\u0103\u0163i \u00een dreptul comercial italian. Scurte considera\u0163ii de drept comparat\u201d,<i> <\/i>Revista Rom\u00e2n\u0103 de Drept al Afacerilor nr. 3\/2013, Ed. Wolters Kluwer, Bucure\u015fti, p. 65-77;<\/p>\n<p>&nbsp;<\/p>\n<p>\u201ePractic\u0103 judiciar\u0103 inedit\u0103 \u00een materia insolven\u0163ei societ\u0103\u0163ilor care fac parte dintr-un grup\u201d,<i> <\/i>Revista Rom\u00e2n\u0103 de Drept Privat nr. 1\/2013, Ed. Universul Juridic, Bucure\u015fti, p. 173-180;<\/p>\n<p>&nbsp;<\/p>\n<p>\u201eNoua reglementare a grupurilor de societ\u0103\u0163i \u00een dreptul ceh, o tem\u0103 de reflec\u0163ie\u201d,<i> <\/i>Revista Rom\u00e2n\u0103 de Drept Privat nr. 5\/2013, Ed. Universul Juridic, Bucure\u015fti, p. 189-206.<\/p>\n<p>&nbsp;<\/p>\n<p><b>Particip\u0103ri la conferin\u0163ele cu tematic\u0103 european\u0103:<\/b><\/p>\n<p>&nbsp;<\/p>\n<p>Oraganizator &#8211; Centrul de Studii de Drept European al Institutului de Cercet\u0103ri Juridice \u201eAcad. Andrei R\u0103dulescu\u201d din cadrul Academiei Rom\u00e2ne<\/p>\n<p>&nbsp;<\/p>\n<p>Conferin\u0163a &#8211; \u201eSociet\u0103\u0163ile comerciale \u00een Uniunea European\u0103\u201d, 18.11.2011<\/p>\n<p>Manole Ciprian Popa &#8211; \u201eImportan\u0163a grupurilor de societ\u0103\u0163i \u00een context european\u201d<\/p>\n<p>&nbsp;<\/p>\n<p>Conferin\u0163a &#8211; \u201eSociet\u0103\u0163ile comerciale \u00een Uniunea European\u0103\u201d, edi\u0163ia a II-a, 27.11.2012<\/p>\n<p>Manole Ciprian Popa &#8211; \u201eGrupurile de societ\u0103\u0163i \u00een dreptul italian\u201d<\/p>\n<p>&nbsp;<\/p>\n<p>Conferin\u0163a &#8211; \u201eDreptul societar \u00een Rom\u00e2nia \u015fi \u00een Uniunea European\u0103\u201d, edi\u0163ia a III-a, 21.11.2013<\/p>\n<p>Manole Ciprian Popa &#8211; \u201eAspecte recente privind reglementarea grupurilor de societ\u0103\u0163i \u00een dreptul comparat\u201d<\/p>\n<p>&nbsp;<\/p>\n<p>Organizator &#8211; Forschungsinstitut f\u00fcr mittel-und osteurop\u00e4isches Wirtschaftsrecht, Wirtschaft Universit\u00e4t Wien<\/p>\n<p>Conferin\u0163a \u015fi prezentarea c\u0103r\u0163ii &#8211; \u201cHaftungsrisiken f\u00fcr die Konzernmutter in Mittel-und Osteuropa\u201d, 25.06.2013<\/p>\n<p>Manole Ciprian Popa &#8211; \u201cGroup liability in the Romanian legal system\u201d<\/p>\n<p>Contact:\u00a0manole.popa @ gmail.com<\/p>\n<p>***<\/p>\n<p><a href=\"http:\/\/www.ardae.ro\/?p=436\" target=\"_blank\"><strong>Lista membri aderenti ARDAE &#8211; Asociatia romana de drept si afaceri europene<\/strong><\/a><\/p>\n<p><strong>Revista ARDAE<\/strong>\u00a0\u2013\u00a0<a href=\"http:\/\/iaduer.ro\/\"><em>Afaceri juridice europene<\/em><\/a><a href=\"http:\/\/iaduer.ro\/?p=1285\" target=\"_blank\"><br \/>\n<\/a><\/p>\n<p><strong>PROIECTUL IADUER<\/strong>\u00a0\u2013 interpretarea si aplicarea dreptului Uniunii Europene in Romania \u2013\u00a0<a href=\"http:\/\/iaduer.ro\/?p=162\" target=\"_blank\">Lista trimiterilor preliminare din Romania, inregistrate la CJUE<\/a><\/p>\n<p><a href=\"https:\/\/eubusinesslaw.wordpress.com\/2015\/08\/03\/dialog-forum-drept-si-afaceri-europene-in-romania\/\" target=\"_blank\">Dialog &amp; forum Drept si afaceri europene in Romania<\/a><\/p>\n<p>&nbsp;<\/p>\n","protected":false},"excerpt":{"rendered":"","protected":false},"author":1,"featured_media":0,"comment_status":"open","ping_status":"open","sticky":false,"template":"","format":"standard","meta":{"footnotes":""},"categories":[8,10],"tags":[],"class_list":["post-501","post","type-post","status-publish","format-standard","hentry","category-despre-noi","category-membri-aderenti"],"_links":{"self":[{"href":"http:\/\/www.ardae.ro\/index.php?rest_route=\/wp\/v2\/posts\/501"}],"collection":[{"href":"http:\/\/www.ardae.ro\/index.php?rest_route=\/wp\/v2\/posts"}],"about":[{"href":"http:\/\/www.ardae.ro\/index.php?rest_route=\/wp\/v2\/types\/post"}],"author":[{"embeddable":true,"href":"http:\/\/www.ardae.ro\/index.php?rest_route=\/wp\/v2\/users\/1"}],"replies":[{"embeddable":true,"href":"http:\/\/www.ardae.ro\/index.php?rest_route=%2Fwp%2Fv2%2Fcomments&post=501"}],"version-history":[{"count":8,"href":"http:\/\/www.ardae.ro\/index.php?rest_route=\/wp\/v2\/posts\/501\/revisions"}],"predecessor-version":[{"id":2179,"href":"http:\/\/www.ardae.ro\/index.php?rest_route=\/wp\/v2\/posts\/501\/revisions\/2179"}],"wp:attachment":[{"href":"http:\/\/www.ardae.ro\/index.php?rest_route=%2Fwp%2Fv2%2Fmedia&parent=501"}],"wp:term":[{"taxonomy":"category","embeddable":true,"href":"http:\/\/www.ardae.ro\/index.php?rest_route=%2Fwp%2Fv2%2Fcategories&post=501"},{"taxonomy":"post_tag","embeddable":true,"href":"http:\/\/www.ardae.ro\/index.php?rest_route=%2Fwp%2Fv2%2Ftags&post=501"}],"curies":[{"name":"wp","href":"https:\/\/api.w.org\/{rel}","templated":true}]}}