{"id":474,"date":"2014-01-10T17:51:13","date_gmt":"2014-01-10T17:51:13","guid":{"rendered":"http:\/\/www.ardae.ro\/?p=474"},"modified":"2016-02-27T03:26:05","modified_gmt":"2016-02-27T03:26:05","slug":"valerius-m-ciuca","status":"publish","type":"post","link":"http:\/\/www.ardae.ro\/?p=474","title":{"rendered":"Valerius M. Ciuc\u0103"},"content":{"rendered":"<p style=\"text-align: justify;\"><b><a href=\"http:\/\/www.ardae.ro\/wp-content\/uploads\/Clipboard01.jpg\"><img loading=\"lazy\" decoding=\"async\" class=\"alignleft size-thumbnail wp-image-475\" alt=\"Clipboard01\" src=\"http:\/\/www.ardae.ro\/wp-content\/uploads\/Clipboard01-150x150.jpg\" width=\"150\" height=\"150\" srcset=\"http:\/\/www.ardae.ro\/wp-content\/uploads\/Clipboard01-150x150.jpg 150w, http:\/\/www.ardae.ro\/wp-content\/uploads\/Clipboard01.jpg 164w\" sizes=\"(max-width: 150px) 100vw, 150px\" \/><\/a>Valerius M. Ciuc\u0103 <\/b>(n.1960) este profesor dr.\u00a0 la Facultatea de Drept a Universit\u0103\u021bii \u201cAl.I.Cuza\u201d din Ia\u0219i, professor asociat la ULCO, Lab.RII, Fran\u021ba, profesor invitat la <i>University of Ottawa<\/i>, Canada, 2013, ex-judec\u0103tor al Tribunalului Uniunii Europene, membru fondator al Funda\u021biei Academice \u201dPetre Andrei\u201d din Ia\u0219i, al Centrului \u201dRobertianum\u201d de Drept Privat al Universit\u0103\u021bii \u201dAl. I. Cuza\u201d din Ia\u0219i, al Cercului de hermeneutic\u0103 juridic\u0103 \u201d\u0218coala dreptului organic\u201d, al Centrului de cercet\u0103ri juridice \u201d\u0218coala exegetic\u0103 dup\u0103 metoda postglosatorilor\u201d; fost bursier al Guvernului Fran\u021bei,\u00a0 al <i>American Bar Association<\/i> \u0219i al <i>Jagellonian University<\/i> din Cracovia, al Consiliului Europei \u0219i al Academiei de Drept European din Floren\u021ba, al Institutului de Drept Interna\u021bional, pendinte de <i>Georgetown University<\/i>, Washington etc. pentru diverse stagii de cercetare; membru \u00een diverse societ\u0103\u021bi academice, de cercetare \u0219i filantropice din Rom\u00e2nia \u0219i din str\u0103in\u0103tate. \u00a0Este membru aderent al Asociatiei romane de drept si afaceri europene &#8211; ARDAE.<\/p>\n<p style=\"text-align: justify;\">\u00a0\u00a0\u00a0\u00a0\u00a0\u00a0\u00a0\u00a0\u00a0 Discipol spiritual, prieten \u0219i colaborator al unor renumite personalit\u0103\u021bi precum: judec\u0103torul Mircea H\u00e2ncu, prof. dr. doc. Mar\u021bian Cotr\u0103u, profesor <i>emeritus<\/i> Jean Carbonnier, prof. dr. Petru P. Andrei \u0219i prof. dr. Gheorghe Scripcaru, asistent al profesorului emerit Mihai Vasile Jacot\u0103, a participat la numeroase congrese, conferin\u021be \u0219i reuniuni \u0219tiin\u021bifice \u00een Rom\u00e2nia \u0219i \u00een str\u0103in\u0103tate.<\/p>\n<p style=\"text-align: justify;\">\u00a0\u00a0\u00a0\u00a0\u00a0\u00a0\u00a0\u00a0\u00a0 Este autor al unor studii \u0219i c\u0103r\u021bi, precum:\u00a0 <b><i>Procedura partajului succesoral<\/i><\/b>, (tez\u0103 de doctorat, sub conducerea Prof. Dr. Dumitru Radu), Ed. Polirom, 1997, <b><i>Lec<\/i><\/b><b><i>\u021b<\/i><\/b><b><i>ii de sociologia dreptului<\/i><\/b>, Ed. Polirom,1998, <b><i>Lec<\/i><\/b><b><i>\u021b<\/i><\/b><b><i>ii de drept roman<\/i><\/b><b>, <\/b>vol. I-IV, Ed. Polirom, 2001\u00a0; <b><i>Lec<\/i><\/b><b><i>\u021b<\/i><\/b><b><i>ii de hermeneutic\u0103 juridic\u0103<\/i><\/b>, Ed. Funda\u021biei Academice AXIS, 2003\u00a0; <b><i>Lec<\/i><\/b><b><i>\u021b<\/i><\/b><b><i>ii de drept privat comparat<\/i><\/b><b>, <\/b>(vol. I-III, colectiv), 2005\u00a0; <b><i>Patografia Mihai Eminescu<\/i><\/b> (cu Ghe. Scripcaru), Ed. Junimea, 2004\u00a0; <b><i>Psihanaliz\u0103 <\/i><\/b><b><i>\u0219<\/i><\/b><b><i>i hermeneutic\u0103 juridic\u0103.<\/i><\/b><i> Pledoarie pentru iubirea necondi<\/i><i>\u021b<\/i><i>ionat\u0103<\/i> (cu Ghe. Scripcaru <i>et al<\/i>.), 2005\u00a0; <b><i>Individul radical<\/i> <\/b>(cu Ghe. Scripcaru), 2006\u00a0; <b><i>Deontologie judiciar\u0103. <\/i><\/b><i>Syllabus <\/i>(cu Ghe Scripcaru et al.), Ed. Sedcom Libris, 2010\u00a0; <b><i>Vagant prin ideea european\u0103. <\/i><\/b><i>Fulgura<\/i><i>\u021b<\/i><i>ii juridico-filosofice<\/i>, 2011; <b><i>Itinerarii prin pretoriile europene<\/i><\/b><i>. Selec<\/i><i>\u021b<\/i><i>ie subiectiv\u0103 de cazuistic\u0103 european\u0103,<\/i> 2011; <b><i>Euronomosofia<\/i>.<\/b> <i>Periplu filozofic prin dreptul european organic. Lec<\/i><i>\u021b<\/i><i>iuni, <\/i>Vol. I., <b><i>Prolegomene la o oper\u0103 \u00een e<\/i><\/b><b><i>\u0219<\/i><\/b><b><i>afodaj<\/i><\/b>, 2012 etc.<\/p>\n<p style=\"text-align: justify;\"><a href=\"http:\/\/www.ardae.ro\/?p=436\" target=\"_blank\">Lista membrilor aderenti ARDAE<\/a><\/p>\n<p><a href=\"http:\/\/www.ardae.ro\/?p=2451\" target=\"_blank\"><strong>Prof. univ.dr. Valerius\u00a0Ciuca,\u00a0<\/strong><em>Prelectiuni. Forma primara a umanismului juridic european. \u201eRevitalizand\u201d opus-ul lui Tony Honor\u00e9, Ulpian Pioneer of Human Rights,\u00a0<\/em>Univerisitatea Petru Maior, Aula Magna, 11 martie 2016, ora 13.<\/a><\/p>\n","protected":false},"excerpt":{"rendered":"<p>Valerius M. Ciuc\u0103 (n.1960) este profesor dr.\u00a0 la Facultatea de Drept a Universit\u0103\u021bii \u201cAl.I.Cuza\u201d din Ia\u0219i, professor asociat la ULCO, Lab.RII, Fran\u021ba, profesor invitat la University of Ottawa, Canada, 2013, ex-judec\u0103tor al Tribunalului Uniunii Europene, membru fondator al Funda\u021biei Academice \u201dPetre Andrei\u201d din Ia\u0219i, al Centrului \u201dRobertianum\u201d de Drept Privat al Universit\u0103\u021bii \u201dAl. I. Cuza\u201d [&hellip;]<\/p>\n","protected":false},"author":1,"featured_media":0,"comment_status":"open","ping_status":"open","sticky":false,"template":"","format":"standard","meta":{"footnotes":""},"categories":[8,10],"tags":[],"class_list":["post-474","post","type-post","status-publish","format-standard","hentry","category-despre-noi","category-membri-aderenti"],"_links":{"self":[{"href":"http:\/\/www.ardae.ro\/index.php?rest_route=\/wp\/v2\/posts\/474"}],"collection":[{"href":"http:\/\/www.ardae.ro\/index.php?rest_route=\/wp\/v2\/posts"}],"about":[{"href":"http:\/\/www.ardae.ro\/index.php?rest_route=\/wp\/v2\/types\/post"}],"author":[{"embeddable":true,"href":"http:\/\/www.ardae.ro\/index.php?rest_route=\/wp\/v2\/users\/1"}],"replies":[{"embeddable":true,"href":"http:\/\/www.ardae.ro\/index.php?rest_route=%2Fwp%2Fv2%2Fcomments&post=474"}],"version-history":[{"count":4,"href":"http:\/\/www.ardae.ro\/index.php?rest_route=\/wp\/v2\/posts\/474\/revisions"}],"predecessor-version":[{"id":2453,"href":"http:\/\/www.ardae.ro\/index.php?rest_route=\/wp\/v2\/posts\/474\/revisions\/2453"}],"wp:attachment":[{"href":"http:\/\/www.ardae.ro\/index.php?rest_route=%2Fwp%2Fv2%2Fmedia&parent=474"}],"wp:term":[{"taxonomy":"category","embeddable":true,"href":"http:\/\/www.ardae.ro\/index.php?rest_route=%2Fwp%2Fv2%2Fcategories&post=474"},{"taxonomy":"post_tag","embeddable":true,"href":"http:\/\/www.ardae.ro\/index.php?rest_route=%2Fwp%2Fv2%2Ftags&post=474"}],"curies":[{"name":"wp","href":"https:\/\/api.w.org\/{rel}","templated":true}]}}