{"id":471,"date":"2014-01-09T11:15:59","date_gmt":"2014-01-09T11:15:59","guid":{"rendered":"http:\/\/www.ardae.ro\/?p=471"},"modified":"2014-01-09T11:15:59","modified_gmt":"2014-01-09T11:15:59","slug":"rrde-revista-romana-de-drept-european-nr-42013","status":"publish","type":"post","link":"http:\/\/www.ardae.ro\/?p=471","title":{"rendered":"RRDE &#8211; Revista rom\u00e2n\u0103 de drept european, nr. 4\/2013"},"content":{"rendered":"<p><!--more--><a href=\"http:\/\/www.ardae.ro\/wp-content\/uploads\/wolters-kluwer-revista-romana-de-drept-european-nr-4-2013-759.jpeg\"><br \/>\n<\/a><a href=\"http:\/\/www.ardae.ro\/wp-content\/uploads\/wolters-kluwer-revista-romana-de-drept-european-nr-4-2013-759.jpeg\"><img loading=\"lazy\" decoding=\"async\" class=\"alignleft size-thumbnail wp-image-472\" alt=\"wolters-kluwer-revista-romana-de-drept-european-nr-4-2013-759\" src=\"http:\/\/www.ardae.ro\/wp-content\/uploads\/wolters-kluwer-revista-romana-de-drept-european-nr-4-2013-759-150x150.jpeg\" width=\"150\" height=\"150\" \/><\/a>A ap\u0103rut\u00a0<a href=\"http:\/\/www.wolterskluwer.ro\/revista-romana-de-drept-european-2013\/wolters-kluwer\/revista-romana-de-drept-european-nr-4-2013\/\" target=\"_blank\">RRDE &#8211; Revsita rom\u00e2n\u0103 de drept european, nr. 4\/2013<\/a><\/p>\n<p>INTERVIU<br \/>\nMarie-Luce PARIS, University College Dublin<\/p>\n<p>DOSAR \u2013 Drepturile omului \u015fi Uniunea European\u0103<br \/>\nSimona \u015eANDRU. Scurte considera\u0163ii privind monitorizarea datelor de trafic \u015fi drepturile de proprietate intelectual\u0103. Abord\u0103ri europene<br \/>\nMihaela VRABIE. Domeniul de aplicare a Cartei drepturilor fundamentale a Uniunii Europene<\/p>\n<p>DREPT PRIVAT EUROPEAN<br \/>\nGina ORGA-DUMITRIU. Europenizarea dreptului contractual. Contribu\u0163ia libert\u0103\u0163ilor de circula\u0163ie<br \/>\nFlavius Alexandru BOAR. Cadrul normativ european al circula\u0163iei contractelor imobiliare<br \/>\nManuel GU\u0162AN. Rolul dreptului comparat \u00een construc\u0163ia dreptului Uniunii Europene<\/p>\n<p>DREPTUL UNIUNII EUROPENE \u015eI INSTAN\u0162ELE STATELOR MEMBRE<br \/>\nEmanuela MATEI. The sanction regime applicable to an illegal direct award initiated before the Remedies Directive has taken full effect<\/p>\n<p>OPINII<br \/>\nFilippo FONTANELLI. Reflec\u0163ii privind alegerile f\u0103cute de Curtea European\u0103 de Justi\u0163ie \u00een hot\u0103r\u00e2rea K\u00fcc\u00fckdeveci<br \/>\nValerius M. CIUC\u0102. Filosofia comunic\u0103rilor juridice interpretative ale Comisiei Europene sau caduceul dezaripat al lui Hermes-Mercurius, desenat cu cerneal\u0103 simpatic\u0103. Marginalii la o recent\u0103 hot\u0103r\u00e2re a Tribunalului Uniunii Europene<br \/>\nJulia LAFFRANQUE. FIDE \u2013 Unind min\u0163i remarcabile ale dreptului european: cei 50 de ani ai Federa\u0163iei Interna\u0163ionale de Drept European<\/p>\n<p>JURISPRUDEN\u021aA INSTAN\u021aELOR UNIUNII EUROPENE. Mihai BANU, selec\u021bie<br \/>\nCJ, Camera a patra, hot\u0103r\u00e2rea din 24 mai 2012, cauza C-97\/11, Amia SpA, nepublicat\u0103 \u00eenc\u0103 \u00een Rep.<br \/>\nCJ, Marea Camer\u0103, hot\u0103r\u00e2rea din 5 iunie 2012, cauza C-489\/10, Bonda, nepublicat\u0103 \u00eenc\u0103 \u00een Rep.<br \/>\nCJ, Camera a treia, hot\u0103r\u00e2rea din 12 iulie 2012, cauza C-138\/11, Compass-Datenbank GmbH, nepublicat\u0103 \u00eenc\u0103 \u00een Rep.<br \/>\nCJ, Camera a patra, hot\u0103r\u00e2rea din 12 iulie 2012, cauza C-171\/11, Fra.bo SpA\/DVGW, nepublicat\u0103 \u00een Rep.<br \/>\nCJ, Camera a doua, hot\u0103r\u00e2rea din 12 iulie 2012, cauza C-146\/11, AS Pimix, nepublicat\u0103 \u00eenc\u0103 \u00een Rep.<br \/>\nCJ, Camera a treia, ordonan\u0163a din 12 iulie 2012, cauza C-466\/11, Curr\u00e0 \u015fi al\u0163ii, nepublicat\u0103 \u00eenc\u0103 \u00een Rep.<br \/>\nCJ, Marea Camer\u0103, hot\u0103r\u00e2rea din 19 iulie 2012, cauza C-130\/10, Parlamentul European\/Consiliul, nepublicat\u0103 \u00eenc\u0103 \u00een Rep.<br \/>\nCJ, Marea Camer\u0103, hot\u0103r\u00e2rea din 5 septembrie 2012, cauza C-83\/11, Rahman \u015fi al\u0163ii, nepublicat\u0103 \u00eenc\u0103 \u00een Rep.<br \/>\nCJ, Marea Camer\u0103, hot\u0103r\u00e2rea din 5 septembrie 2012, cauza C-355\/10, Parlamentul European\/Consiliul, nepublicat\u0103 \u00eenc\u0103 \u00een Rep.<br \/>\nCJ, Camera a doua, hot\u0103r\u00e2rea 6 septembrie 2012, cauza C-490\/10, Parlamentul European\/Consiliul, nepublicat\u0103 \u00eenc\u0103 \u00een Rep.<br \/>\nCJ, Camera a treia, hot\u0103r\u00e2rea din 6 septembrie 2012, cauzele conexate C-147\/11 \u015fi C-148\/11, Czop \u015fi Punakova, nepublicat\u0103 \u00eenc\u0103 \u00een Rep.<br \/>\nCJ, Camera a treia, hot\u0103r\u00e2rea din 6 septembrie 2012, cauza C-544\/10, Deutsches Weintor, nepublicat\u0103 \u00eenc\u0103 \u00een Rep.<br \/>\nCJ, Camera a opta, hot\u0103r\u00e2rea din 6 septembrie 2012, cauzele conexate C-422\/11 P \u015fi C-423\/11 P, PUKE \u015fi Republica Polon\u0103\/Comisia European\u0103, nepublicat\u0103 \u00eenc\u0103 \u00een Rep.<br \/>\nCJ, Marea Camer\u0103, hot\u0103r\u00e2rea din 16 octombrie 2012, cauza C-614\/10, Comisia European\u0103\/Republica Austria, nepublicat\u0103 \u00eenc\u0103 \u00een Rep.<\/p>\n<p>AGORA<br \/>\nMihai BANU. The European Court of Justice and the Autonomy of the Member States. Hans-W. MICKLITZ \u015fi Bruno DE WITTE (ed.)<\/p>\n<p>Redactor sef,<\/p>\n<p>Prof. univ. dr. Mihai \u015eandru<\/p>\n","protected":false},"excerpt":{"rendered":"","protected":false},"author":1,"featured_media":0,"comment_status":"open","ping_status":"open","sticky":false,"template":"","format":"standard","meta":{"footnotes":""},"categories":[48],"tags":[],"class_list":["post-471","post","type-post","status-publish","format-standard","hentry","category-evenimente"],"_links":{"self":[{"href":"http:\/\/www.ardae.ro\/index.php?rest_route=\/wp\/v2\/posts\/471"}],"collection":[{"href":"http:\/\/www.ardae.ro\/index.php?rest_route=\/wp\/v2\/posts"}],"about":[{"href":"http:\/\/www.ardae.ro\/index.php?rest_route=\/wp\/v2\/types\/post"}],"author":[{"embeddable":true,"href":"http:\/\/www.ardae.ro\/index.php?rest_route=\/wp\/v2\/users\/1"}],"replies":[{"embeddable":true,"href":"http:\/\/www.ardae.ro\/index.php?rest_route=%2Fwp%2Fv2%2Fcomments&post=471"}],"version-history":[{"count":1,"href":"http:\/\/www.ardae.ro\/index.php?rest_route=\/wp\/v2\/posts\/471\/revisions"}],"predecessor-version":[{"id":473,"href":"http:\/\/www.ardae.ro\/index.php?rest_route=\/wp\/v2\/posts\/471\/revisions\/473"}],"wp:attachment":[{"href":"http:\/\/www.ardae.ro\/index.php?rest_route=%2Fwp%2Fv2%2Fmedia&parent=471"}],"wp:term":[{"taxonomy":"category","embeddable":true,"href":"http:\/\/www.ardae.ro\/index.php?rest_route=%2Fwp%2Fv2%2Fcategories&post=471"},{"taxonomy":"post_tag","embeddable":true,"href":"http:\/\/www.ardae.ro\/index.php?rest_route=%2Fwp%2Fv2%2Ftags&post=471"}],"curies":[{"name":"wp","href":"https:\/\/api.w.org\/{rel}","templated":true}]}}