{"id":436,"date":"2013-12-18T13:10:01","date_gmt":"2013-12-18T13:10:01","guid":{"rendered":"http:\/\/www.ardae.ro\/?p=436"},"modified":"2023-11-27T08:35:25","modified_gmt":"2023-11-27T08:35:25","slug":"membrii-aderenti-ardae","status":"publish","type":"post","link":"http:\/\/www.ardae.ro\/?p=436","title":{"rendered":"Membri aderenti ARDAE"},"content":{"rendered":"<p><b><!--more-->Membrii aderenti ARDAE:<\/b><\/p>\n<p>Marius Andreescu, Judec\u0103tor Curtea de Apel Pite\u015fti;\u00a0Conf. univ. dr.<\/p>\n<p>Constantin Anechitoae, prof. univ. dr., Universitatea Ovidius Constanta [<a href=\"http:\/\/www.ardae.ro\/?p=2748\" target=\"_blank\" rel=\"noopener\">RO<\/a>]<\/p>\n<p>Mihai Cristian Apostolache, lector dr. Director Centru de Studii \u015fi Cercet\u0103ri Juridice \u015fi Socio-Administrative, Universitatea de Petrol \u015fi Gaze, Ploie\u015fti [<a href=\"http:\/\/www.ardae.ro\/?p=2400\" target=\"_blank\" rel=\"noopener\">RO<\/a>]<\/p>\n<p>Mihaela Adina Apostolache, lector univ. dr. Universitatea de Petrol Gaze Ploiesti<\/p>\n<p>Irina Apostolescu,\u00a0Notar public [<a href=\"https:\/\/www.linkedin.com\/in\/irinaapostolescu\/\" target=\"_blank\" rel=\"noopener\">RO<\/a>]<\/p>\n<p>Anca-Monica Ardeleanu, lector univ. dr. Universitatea din Bucuresti [<a href=\"http:\/\/www.ardae.ro\/?p=3004\" target=\"_blank\" rel=\"noopener\">RO<\/a>]<\/p>\n<p>Tudor Avrigeanu, CS II,\u00a0Institutul de Cercetari Juridice al Academiei Rom\u00e2ne [<a href=\"http:\/\/www.ardae.ro\/?p=2821\" target=\"_blank\" rel=\"noopener\">RO<\/a>]<\/p>\n<p>Angela Mata Baciu, prof. univ. dr. [<a href=\"https:\/\/angelamitabaciu.wordpress.com\/about\/\" target=\"_blank\" rel=\"noopener\">RO<\/a>]<\/p>\n<p>Constantin Mihai Banu, cercetator stiintific asociat Institutul de Cercetari Juridice al Academiei Romane [RO]<\/p>\n<p>George Badea, licentiat in Drept la Universitatea din Bucuresti\u00a0[<a href=\"http:\/\/www.ardae.ro\/?p=2215\" target=\"_blank\" rel=\"noopener\">RO<\/a>]<\/p>\n<p>Valentin Stelian Badescu, lector univ. dr., avocat [<a href=\"http:\/\/www.ardae.ro\/?p=1427\" target=\"_blank\" rel=\"noopener\">RO<\/a>]<\/p>\n<p>Cristina Bacaintan, \u00a0de 10 de ani de activitate juridica in administratia publica centrala si in domeniul nuclear\u00a0[<a href=\"http:\/\/www.ardae.ro\/?p=2738\" target=\"_blank\" rel=\"noopener\">RO<\/a>]<\/p>\n<p>Cristina Balaceanu, conf. univ. dr. UCDC [<a href=\"https:\/\/www.linkedin.com\/in\/balaceanu-cristina-939b5558\/\" target=\"_blank\" rel=\"noopener\">linkedin<\/a>]<\/p>\n<p>George Dian B\u0103lan, jurist;<\/p>\n<p>Lidia Lenuta Balan, consilier juridic [<a href=\"http:\/\/www.ardae.ro\/?p=2767\" target=\"_blank\" rel=\"noopener\">RO<\/a>]<\/p>\n<p>Vlad Vasile Barbat,\u00a0doctorand al Facult\u0103\u021bii de Drept, Universitatea de Vest \u0219i Consilier juridic<\/p>\n<p>Iordan Gheorghe B\u0103rbulescu,\u00a0Prof. univ. dr., \u0218coala Na\u021bional\u0103 de Studii Politice \u0219i Administrative (SNSPA)<\/p>\n<p>Raluca Bercea, prof. univ. dr.\u00a0Facult\u0103\u021bii de Drept, Universitatea de Vest Timisoara<\/p>\n<p>Lucian Bercea, prof.\u00a0univ. dr.\u00a0Facult\u0103\u021bii de Drept, Universitatea de Vest Timisoara [<a href=\"https:\/\/www.juridice.ro\/lucian-bercea\" target=\"_blank\" rel=\"noopener\">RO<\/a>]<\/p>\n<p>Adrian Boant\u0103, lector univ.dr. Universitatea Petru Maior, T\u00e2rgu Mure\u0219 [<a href=\"http:\/\/www.ardae.ro\/?p=655\">RO<\/a>]<\/p>\n<p>Flavius-Alexandru Boar, notar public, dr.<\/p>\n<p>Ioan Boca, consilier juridic;<\/p>\n<p>Radu Bogdan, avocat, Baroul Bucuresti [<a href=\"http:\/\/www.ardae.ro\/?p=2893\" target=\"_blank\" rel=\"noopener\">RO<\/a>]<\/p>\n<p>Mihaela Boja, procuror la Tribunalul Teleorman cu grad ICCJ;<\/p>\n<p>Lucian Bojin, avocat, Conf. univ. dr. Universitatea de Vest Timisoara\u00a0[<a href=\"http:\/\/www.ardae.ro\/?p=2274\" target=\"_blank\" rel=\"noopener\">RO<\/a>]<\/p>\n<p>Mihaela (Buzila) Bondoc, avocat, Partener la Bondoc si Asociatii SCA in alliance with White &amp; Case[<a href=\"https:\/\/www.linkedin.com\/in\/mihaela-bondoc-6580327\/\" target=\"_blank\" rel=\"noopener\">linkedin<\/a>]<\/p>\n<p>Alexandra Aurelia Borcos, avocat, Baroul Bucuresti<\/p>\n<p>M\u0103d\u0103lina Botina, avocat, lector univ. dr., Universitatea Ovidius Constanta;<\/p>\n<p>Ioana Bratuleanu,\u00a0consilier juridic \u00een cadrul Biroului de Avocatur\u0103 \u201dS\u00e2rbu Abogados\u201d din Madrid, Spania [<a href=\"http:\/\/www.ardae.ro\/?p=1460\" target=\"_blank\" rel=\"noopener\">RO<\/a>]<\/p>\n<p>Cornelia Bucin, notar public, Reghin, Jud. Mures;<\/p>\n<p>Andrei Bulboaca, avocat, Baroul Bucuresti;<\/p>\n<p>Mihaela Bunaiasu, judecator, Judecatoria Slatina,<\/p>\n<p>Danut Ioan Bugnariu, avocat [<a href=\"http:\/\/www.ardae.ro\/?p=1950\" target=\"_blank\" rel=\"noopener\">RO<\/a>]<\/p>\n<p>Diana Bulancea, <a href=\"http:\/\/www.ardae.ro\/?p=746\">judecator, deta\u0219at la Tribunalul Uniunii Europene\u00a0<\/a><\/p>\n<p>Marilena Buna-Ziua, Inspector de concurenta, Consiliul Concurentei din Romania<\/p>\n<p>Alexandra Buricea, jurist [<a href=\"https:\/\/www.linkedin.com\/in\/buricea-alexandra-75740449\/\" target=\"_blank\" rel=\"noopener\">linkedin<\/a>]<\/p>\n<p>Gheorghe Buta, CSI Institutul de Cercetari Juridice al Academiei Romane, avocat, fost judec\u0103tor la \u00cenalta Curte de Casa\u0163ie \u015fi Justi\u0163ie<\/p>\n<p>Nicoleta Buzatu, conf. univ. dr., Universitatea Crestina Dimitrie Cantemir\u00a0[<a href=\"http:\/\/www.ardae.ro\/?p=2085\" target=\"_blank\" rel=\"noopener\">RO<\/a>]<\/p>\n<p>Drago\u015f C\u0103lin, consilier juridic; drd. [<a href=\"http:\/\/www.ardae.ro\/?p=1119\" target=\"_blank\" rel=\"noopener\">RO<\/a>]<\/p>\n<p>Dragos Alin Calin, judecator Curtea de Apel Bucuresti [<a href=\"http:\/\/www.csde.ro\/?p=1897\" target=\"_blank\" rel=\"noopener\">RO<\/a>]<\/p>\n<p>Adrian Ceparu, avocat, Baroul Bucuresti;<\/p>\n<p>Sevastian Cercel, prof, univ. dr., Decanul Facultatii de Drept, Universitatea din Craiova [<a href=\"https:\/\/www.juridice.ro\/sevastian-cercel\" target=\"_blank\" rel=\"noopener\">RO<\/a>]<\/p>\n<p>Diana Chibulcu\u0163ean, jurist, Targu-Mures;<\/p>\n<p>Amelia Paula Chirte\u015f, jurist, Consilier pentru afaceri europene [<a href=\"http:\/\/www.ardae.ro\/?p=1729\" target=\"_blank\" rel=\"noopener\">RO<\/a>]<\/p>\n<p>Ruxandra Chiru, asistent arbitral, Curtea de Arbitraj Comercial International de pe langa CCIR, drd. in drept [<a href=\"https:\/\/www.linkedin.com\/in\/ruxandra-ileana-chiru-88191312a\/\" target=\"_blank\" rel=\"noopener\">RO-linkedin<\/a>]<\/p>\n<p>Constanta Chitiba, prof. univ. dr. UCDC [<a href=\"http:\/\/www.ucdc.info\/cd\/cd_profil.php?cid=1052\" target=\"_blank\" rel=\"noopener\">RO<\/a>]<\/p>\n<p>Dan Cimpoeru, Avocat, Lector univ. dr.\u00a0Universitatea din Bucure\u015fti;<\/p>\n<p>Emilian Ciongaru, Dr. in drept, Cercet\u0103tor \u015ftiin\u0163ific asociat \u2013 Institutul de Cercet\u0103ri Juridice \u201eAcad. Andrei R\u0103dulescu\u201d al Academiei Rom\u00e2ne;\u00a0[<a href=\"http:\/\/www.ardae.ro\/?p=706\">RO<\/a>]<\/p>\n<p>Stefan Ciubotaru, student al facult\u0103\u021bii Dickson Poon School of Law din cadrul universit\u0103\u021bii King\u2019s College London [<a href=\"http:\/\/www.ardae.ro\/?p=3255\" target=\"_blank\" rel=\"noopener\">RO<\/a>]<\/p>\n<p>Valerius Ciuc\u0103,<a href=\"http:\/\/www.ardae.ro\/?p=474\" target=\"_blank\" rel=\"noopener\"> fost judec\u0103tor, Tribunalul Uniunii Europene<\/a>,\u00a0Prof. univ. dr. , Universitatea Al. I. Cuza, Iasi;<\/p>\n<p>Florin Ciutacu, avocat, Prof. univ. dr. UCDC;<\/p>\n<p>Ionu\u0163 Ciutacu, Lector univ. dr., Universiatatea Crestina Dimitrie Cantemir;<\/p>\n<p>George Coca, avocat, Baroul Bucuresti, conf. univ. dr. Universitatea Spiru Haret [<a href=\"http:\/\/www.avocat-coca-george.ro\/\" target=\"_blank\" rel=\"noopener\">RO<\/a>];<\/p>\n<p>Codrin Codrea, Dr. in drept, Universitatea Alexandru Ioan Cuza\u00a0[<a href=\"http:\/\/www.ardae.ro\/?p=2839\" target=\"_blank\" rel=\"noopener\">RO<\/a>]<\/p>\n<p>Monica-Madalina Coman, consilier juridic la Birou executor judecatoresc<\/p>\n<p>Ana Maria Constantinescu, masterand Managementul Fondurilor Europene<\/p>\n<p>Andrei Constantin, avocat CS II, Institutul de Cercetari Juridice al Academiei Romane<\/p>\n<p>Gabriela Constantin, avocat [<a href=\"http:\/\/www.ardae.ro\/?p=1437\" target=\"_blank\" rel=\"noopener\">RO<\/a>]<\/p>\n<p>Oana Constantin, masterand [<a href=\"http:\/\/www.ardae.ro\/?p=2975\" target=\"_blank\" rel=\"noopener\">RO<\/a>]<\/p>\n<p>Bogdan Tudor Constantinov, avocat, masterand;<\/p>\n<p>Anamaria Corca &#8211; [<a href=\"https:\/\/www.ardae.ro\/?p=3812\">RO\/EN<\/a>]<\/p>\n<p>Cristian Corleciuc, consilier juridic<\/p>\n<p>Cosmin Flavius Costa\u015f, Lector drd. Universitatea Babes Bolyai,\u00a0avocat<\/p>\n<p>Bogdan Costache, avocat [<a href=\"http:\/\/www.ardae.ro\/?p=2884\" target=\"_blank\" rel=\"noopener\">RO<\/a>]<\/p>\n<p>Anca Costea-Dun\u0103rin\u0163u, lectoruniv. dr. [<a href=\"https:\/\/www.linkedin.com\/in\/anca-costea-dun%C4%83rin%C5%A3u-94563a42\/\" target=\"_blank\" rel=\"noopener\">RO<\/a>]<\/p>\n<p>Andra Cotiga-Raccah,\u00a0Lecturer in European economic law, Universitatea Lille 2[<a href=\"http:\/\/www.ardae.ro\/?p=1835\" target=\"_blank\" rel=\"noopener\">EN<\/a>];<\/p>\n<p>Cezar Cozmaciuc, avocat, Baroul Bucuresti;[<a href=\"http:\/\/www.cpo.ro\/team.php?lang=ro\" target=\"_blank\" rel=\"noopener\">RO<\/a>]<\/p>\n<p>Mihaela Cozmanciuc, arbitru Curtea de Arbitraj Comercial International de pe langa CCIR [<a href=\"linkedin.com\/in\/mihaela-cozmanciuc-61b82890\" target=\"_blank\" rel=\"noopener\">RO &#8211; linkedin<\/a>]<\/p>\n<p>Ion Craiovan, prof, univ. dr. [<a href=\"http:\/\/www.ardae.ro\/?p=3124\" target=\"_blank\" rel=\"noopener\">RO<\/a>]<\/p>\n<p>Olimpiu Crauciuc, prof. univ. dr.\u00a0Academia de Studii Economice; cercetator emerit ICJ; cercet\u0103tor asociat CSDE;<\/p>\n<p>Laura Maria Cr\u0103ciunean, Lector univ. dr. \u00a0Universitatea Lucian Blaga din Sibiu, Facultatea de Drept; avocat Baroul Sibiu<\/p>\n<p>Liviu Damsa, [<a href=\"https:\/\/www.researchgate.net\/profile\/Liviu_Damsa\" target=\"_blank\" rel=\"noopener\">researchgate<\/a>]<\/p>\n<p>Evelina Florina Dan, masterand drept UE \u00a0<a href=\"http:\/\/www.ardae.ro\/?p=2472\" target=\"_blank\" rel=\"noopener\">RO<\/a><\/p>\n<p>Iulia Diana David, masterand, Universitatea Petru Maior;<\/p>\n<p>\u015etefan Deaconu,\u00a0Prof. univ. dr.\u00a0Universitatea din Bucure\u015fti [<a href=\"http:\/\/drept.unibuc.ro\/Prof.-univ.-dr.-Stefan-Deaconu-s16-a19-ro.htm\" target=\"_blank\" rel=\"noopener\">RO<\/a>]<\/p>\n<p>Oana Dimitriu, drd. \u2013 dreptul Uniunii Europene; redactor \u015fef C. H. Beck;<\/p>\n<p>Sandra Dinescu, avocat, baroul Bucuresti, doctor in drept, Universitatea din Bucuresti [<a href=\"https:\/\/www.linkedin.com\/in\/sandradinescu\/?locale=ro_RO\" target=\"_blank\" rel=\"noopener\">linkedin<\/a>]<\/p>\n<p>Ana Dinu, lector univ. dr. Universitatea Crestina Dimitrie Cantemir<\/p>\n<p>Mariana Dobrin, judecator Tribunalul Teleorman;<\/p>\n<p>Natalia Dobrogeanu-Cubis [<a href=\"https:\/\/www.ardae.ro\/?p=3773\">RO<\/a>]<\/p>\n<p>Adrian-Stelian Dumitru,\u00a0consilier pentru afaceri europene la Ministerul S\u0103n\u0103t\u0103\u0163ii \u2013 Direc\u0163ia Politica Medicamentului \u015fi a Dispozitivelor Medicale [<a href=\"http:\/\/www.ardae.ro\/?p=2627\" target=\"_blank\" rel=\"noopener\">RO<\/a>]<\/p>\n<p>Dacian Drago\u015f, Prof. univ. dr.,\u00a0Universitatea Babe\u015f-Bolyai;<\/p>\n<p>Dumitru Dobrev, avocat, redactor \u015fef RRDA; CS II Institutul de Cercetari Juridice al Academiei Romane\u00a0[<a href=\"http:\/\/www.ardae.ro\/?p=1255\">RO<\/a>];<\/p>\n<p>Mirela Carmen Dobrila, Asistent univ. dr. \u00een cadrul Facult\u0103\u021bii de Drept, Universitatea Alexandru Ioan Cuza din Ia\u0219i\u00a0[<a href=\"http:\/\/www.ardae.ro\/?p=3026\" target=\"_blank\" rel=\"noopener\">RO<\/a>]<\/p>\n<p>Horia Dolhan, consilier juridic, LL.M., Ed.M., Mediator\u00a0[<a href=\"http:\/\/www.ardae.ro\/?p=2182\" target=\"_blank\" rel=\"noopener\">RO<\/a>]<\/p>\n<p>Dorin Domu\u0163a, Dr. \u00a0in drept,\u00a0expert [<a href=\"http:\/\/www.ardae.ro\/?p=2013\" target=\"_blank\" rel=\"noopener\">RO<\/a>];<\/p>\n<p>Arina Dragodan, dr. \u00a0in drept,\u00a0consilier juridic [<a href=\"http:\/\/www.ardae.ro\/?p=3142\" target=\"_blank\" rel=\"noopener\">RO<\/a>]<\/p>\n<p>Ramona Duminica, Lector univ. dr., Universitatea din Pitesti\u00a0\u00a0[<a href=\"http:\/\/www.ardae.ro\/?p=3051\" target=\"_blank\" rel=\"noopener\">RO<\/a>]<\/p>\n<p>Andreia Dumitrica,\u00a0Lector univ. dr. Universitatea Crestina Dimitrie Cantemir<\/p>\n<p>Gabriela Dunca, judecator, vicepresedinte judecatoria Sectorului 3, Bucuresti;<\/p>\n<p>Robert Dunca, procuror, Parchetul de pe langa Curtea de Apel Bucuresti;<\/p>\n<p>Oana Duta, doctor in drept, conf. univ. dr., consilier adminsitratia prezientiala [<a href=\"http:\/\/www.ardae.ro\/?p=2868\" target=\"_blank\" rel=\"noopener\">RO<\/a>]<\/p>\n<p>Gianina Dzitac, avocat [<a href=\"https:\/\/www.ardae.ro\/?p=3747\">RO<\/a>]<\/p>\n<p>Dragos Efrim, Avocat, membru al Barului Bucure\u0219ti\u00a0[<a href=\"http:\/\/www.ardae.ro\/?p=2865\" target=\"_blank\" rel=\"noopener\">RO<\/a>]<\/p>\n<p>Raul Fantana, Lector univ. dr.\u00a0\u00a0[<a href=\"http:\/\/www.ardae.ro\/?p=802\" target=\"_blank\" rel=\"noopener\">RO<\/a>]<\/p>\n<p>Laura Farca, avocat [<a href=\"http:\/\/www.ardae.ro\/?p=3315\" target=\"_blank\" rel=\"noopener\">RO<\/a>]<\/p>\n<p>Ion Flamanzeanu, CS III, Institutul de Cercetari Juridice al Academiei Romane [<a href=\"http:\/\/www.ardae.ro\/?p=3020\" target=\"_blank\" rel=\"noopener\">RO<\/a>]<\/p>\n<p>Cristina Florescu, lector univ. dr, avocat, arbitru \u2013 CCIR, dr in drept; [<a href=\"http:\/\/www.ardae.ro\/?p=1742\" target=\"_blank\" rel=\"noopener\">RO<\/a>];<\/p>\n<p>Iosif Friedmann-Nicolescu, avocat, Baroul Bucuresti<\/p>\n<p>Lumini\u0163a Gabura, masterand, Universitatea Petru Maior;<\/p>\n<p>Nicolae Gament, avocat, Baroul Bucuresti; conf. univ. dr. Universitatea Romano-Americana;<\/p>\n<p>Catalina Gavrila-Anghel, mediator [<a href=\"http:\/\/www.ardae.ro\/?p=2793\" target=\"_blank\" rel=\"noopener\">RO<\/a>]<\/p>\n<p>Avocat Alexandru Georgescu, consilier juridic [<a href=\"http:\/\/www.ardae.ro\/?p=3548\" target=\"_blank\" rel=\"noopener\">RO<\/a>]<\/p>\n<p>Adrian Gheorghe, avocat Baroul Bucuresti<\/p>\n<p>Maria Ramona Gheorge, avocat,\u00a0Baroul Bucuresti<\/p>\n<p>Raluca Adriana Gheorghe, masterdand;<\/p>\n<p>Aurel Catalin Giulescu,\u00a0Data Protection Officer \/ Responsabil cu protectia datelor personale in Ministerul Afacerilor<\/p>\n<p>Juanita Goicovici, Lector univ. dr. , Universitatea Babes-Bolyai, Cluj Napoca\u00a0[<a href=\"http:\/\/www.ardae.ro\/?p=2481\" target=\"_blank\" rel=\"noopener\">RO<\/a>]<\/p>\n<p>Cristina Gon\u0163a,\u00a0Drd. in\u00a0Drept European la Universitatea din Berna (Elve\u021bia)<\/p>\n<p>Andreea Gorgan, avocat [<a href=\"linkedin.com\/in\/andreea-gorgan-40240913\" target=\"_blank\" rel=\"noopener\">RO linkedin<\/a>]<\/p>\n<p>Nicolae Grofu,\u00a0Lector univ. dr.,\u00a0Academia de Politie \u201cAl. I. Cuza\u201d, Bucure\u015fti [<a href=\"http:\/\/www.ujmag.ro\/autori\/grofu-nicolae\" target=\"_blank\" rel=\"noopener\">RO<\/a>]<\/p>\n<p>Anamaria Groza, judec\u0103tor;\u00a0Lector univ. dr.,\u00a0cercet\u0103tor asociat Centrul de Studii de Drept European al Institutului de Cercetari Juridice al Academiei Rom\u00e2ne; [<a href=\"http:\/\/www.ardae.ro\/?p=995\" target=\"_blank\" rel=\"noopener\">RO<\/a>]<\/p>\n<p>Manuel Gu\u0163an, Prof. univ. dr.\u00a0Universitatea Lucian Blaga Sibiu;<\/p>\n<p>Ciprian Grumaz, student UBB [<a href=\"http:\/\/www.ardae.ro\/?p=3163\" target=\"_blank\" rel=\"noopener\">RO<\/a>]<\/p>\n<p>Marius Harosa, Avocat, lector univ. dr. Universitatea Babes Bolyai<\/p>\n<p>Raul\u00a0Felix Hodos, avocat, lector univ. dr. Universitatea Petru Maior Targu Mures [<a href=\"http:\/\/www.ardae.ro\/?p=860\" target=\"_blank\" rel=\"noopener\">RO<\/a>]<\/p>\n<p>Eugen Hurub\u0103, executor judec\u0103toresc, Lector dr.\u00a0Universitatea Petru Maior, T\u00e2rgu Mure\u015f;<\/p>\n<p>Anca Iablonschi, avocat, NNDK, Baroul Bucuresti<\/p>\n<p>Alexandru Iavorschi, avocat [<a href=\"http:\/\/www.ardae.ro\/?p=2861\" target=\"_blank\" rel=\"noopener\">RO<\/a>;\u00a0<a href=\"https:\/\/www.juridice.ro\/tag\/alexandru-iavorschi\" target=\"_blank\" rel=\"noopener\">JURIDICE.ro<\/a>]<\/p>\n<p>Ion Ifrim, CS III,\u00a0Institutul de Cercet\u0103ri Juridice al Academiei Rom\u00e2ne;<\/p>\n<p>Gina Ignat, judec\u0103tor, Curtea de Apel Galati [<a href=\"http:\/\/www.ardae.ro\/?p=1705\" target=\"_blank\" rel=\"noopener\">RO<\/a>];<\/p>\n<p>Cristian Ionescu,\u00a0Prof. univ. dr. , Redactor sef Revista Dreptul<\/p>\n<p>Ana Alina Ionescu Dumitrache, Lect. univ. dr. \u00a0Universitatea Danubius\u00a0[<a href=\"http:\/\/www.ardae.ro\/?p=2897\" target=\"_blank\" rel=\"noopener\">RO<\/a>]<\/p>\n<p>Iulian Gh. Ionita, avocat, baroul Bucuresti,<\/p>\n<p>George Irimescu, consilier juridic, masterand drept european\u00a0[<a href=\"http:\/\/www.ardae.ro\/?p=844\" target=\"_blank\" rel=\"noopener\">RO<\/a>]<\/p>\n<p>Carmen-Ionela Irimia [<a href=\"http:\/\/www.ardae.ro\/?p=3434\" target=\"_blank\" rel=\"noopener\">RO<\/a>]<\/p>\n<p>Florin Irimia, avocat, Baroul Bucuresti [<a href=\"http:\/\/www.ardae.ro\/?p=1065\" target=\"_blank\" rel=\"noopener\">RO<\/a>];<\/p>\n<p>Oana Irimia, masterand drept european [<a href=\"http:\/\/www.ardae.ro\/?p=1035\" target=\"_blank\" rel=\"noopener\">RO<\/a>]<\/p>\n<p>Petru\u0163a Ispas, Lector univ. dr.\u00a0Universitatea Titu Maiorescu;\u00a0avocat, Baroul Bucuresti.<\/p>\n<p>Anamaria Jinaru,\u00a0Associate at Heuking K\u00fchn L\u00fcer Wojtek\u00a0\u00a0[<a href=\"http:\/\/www.ardae.ro\/?p=899\" target=\"_blank\" rel=\"noopener\">RO<\/a>\/ <a href=\"http:\/\/www.ardae.ro\/?p=899\" target=\"_blank\" rel=\"noopener\">linkedin<\/a>]<\/p>\n<p>Cristian Jora, conf univ. dr. Universitatea Cre\u015ftin\u0103 Dimitrie Cantemir;<\/p>\n<p>Cristian Jura, prof. univ. dr., membru Consiliul National pentru Combaterea Discriminarii<\/p>\n<p>Andreea Al Kabbani, consilier juridic, Bucuresti;<\/p>\n<p>Cristina Kassai [<a href=\"http:\/\/www.ardae.ro\/?p=3363\" target=\"_blank\" rel=\"noopener\">RO<\/a>]<\/p>\n<p>Zsolt Kokoly, avocat, lector univ. dr. Universitatea Sapientia [<a href=\"http:\/\/www.ardae.ro\/?p=2238\" target=\"_blank\" rel=\"noopener\">RO<\/a>]<\/p>\n<p>Ioan Laz\u0103r, conf. univ. dr. Universitatea 1 Decembrie, Alba Iulia; avocat Baroul Alba [<a href=\"http:\/\/www.ardae.ro\/?p=784\" target=\"_blank\" rel=\"noopener\">RO<\/a>]<\/p>\n<p>Laura Lazar, lector univ. dr. Universitatea Babes-Bolyai, avocat Baroul Cluj [<a href=\"http:\/\/www.ardae.ro\/?p=765\" target=\"_blank\" rel=\"noopener\">RO<\/a>]<\/p>\n<p>Andreea Lisievici, avocat Baroul Bucuresti,<\/p>\n<p>Verginel Lozneanu, prof. univ. dr. comisar \u0219ef [<a href=\"http:\/\/www.ardae.ro\/?p=648\" target=\"_blank\" rel=\"noopener\">RO<\/a>]<\/p>\n<p>Ioana Luca, masterand,\u00a0University of Westminster;<\/p>\n<p>Roxana Lulciuc, consilier Juridic, Bucuresti;<\/p>\n<p>Bianca Lacrima Luntraru, avocat, Baroul Mures, asitent univ. \u00a0Universitatea Petru Maior, Targu Mures [<a href=\"http:\/\/www.ardae.ro\/?p=3106\" target=\"_blank\" rel=\"noopener\">RO<\/a>]<\/p>\n<p>Andrei Razvan Lupu, doctorand drept european, avocat Baroul Bucuresti, [<a href=\"http:\/\/www.ardae.ro\/?p=2774\" target=\"_blank\" rel=\"noopener\">RO<\/a>]<\/p>\n<p>Jana Maftei, prof. univ. dr. Universitatea Danubius\u00a0[<a href=\"http:\/\/www.ardae.ro\/?p=2516\" target=\"_blank\" rel=\"noopener\">RO<\/a>]<\/p>\n<p>Andreea Mares\u00a0 &#8211; consilier juridic[<a href=\"http:\/\/www.ardae.ro\/?p=3656\" target=\"_blank\" rel=\"noopener\">RO]<\/a><\/p>\n<p>Emanuela Matei,\u00a0Jurismaster | Of Counsel | Legal research [<a href=\"https:\/\/www.linkedin.com\/in\/emanuelamatei\/\" target=\"_blank\" rel=\"noopener\">linkedin<\/a>]<\/p>\n<p>Georgeta Maxim, avocat, Baroul Bucuresti<\/p>\n<p>Camelia Maximciuc, jurist, Camera de Comert si Industrie a Romaniei<\/p>\n<p>Bucura Mihaescu Evans,\u00a0Research Associate in European Union law \/ Collaborateur scientifique [<a href=\"https:\/\/www.linkedin.com\/in\/bucura-mihaescu-evans-932799bb\/\" target=\"_blank\" rel=\"noopener\">linkedin<\/a>]<\/p>\n<p>Augustin Mihalache, avocat, Baroul Bucuresti [<a href=\"http:\/\/www.ardae.ro\/?p=2486\" target=\"_blank\" rel=\"noopener\">RO<\/a>]<\/p>\n<p>Simona Mihalcea, consilier juridic, Bucuresti;<\/p>\n<p>Cezar Militaru, conf univ. dr. UCDC [<a href=\"http:\/\/www.ucdc.info\/cd\/cd_profil.php?cid=1152\" target=\"_blank\" rel=\"noopener\">RO<\/a>]<\/p>\n<p>Ionu\u0163 Militaru, judec\u0103tor, Tribunalul Bucure\u015fti; pre\u015fedinte AMEDO &#8211;\u00a0Asocia\u0163ia Magistra\u0163ilor Europeni pentru Drepturile Omului;<\/p>\n<p>Valentin Mircea, avocat, doctor \u00een drept [<a href=\"http:\/\/www.ardae.ro\/?p=685\" target=\"_blank\" rel=\"noopener\">RO<\/a>]<\/p>\n<p>Raul Miron, avocat, baroul Mures; drd in drept; asist. univ. dr. Universitatea Petru Maior [<a href=\"http:\/\/www.ardae.ro\/?p=645\">RO<\/a>];<\/p>\n<p>Marius C\u0103t\u0103lin Mitrea, Masterat in afaceri europene [<a href=\"http:\/\/www.ardae.ro\/?p=1516\" target=\"_blank\" rel=\"noopener\">RO<\/a>]<\/p>\n<p>Mihaela Mocanu, avocat, Baroul Bucuresti; [RO <a href=\"linkedin.com\/in\/03021979\" target=\"_blank\" rel=\"noopener\">linkedin<\/a>]<\/p>\n<p>Georgeta Modiga, prof. univ. dr. Universitatea Danubius [<a href=\"http:\/\/www.ardae.ro\/?p=2905\" target=\"_blank\" rel=\"noopener\">RO<\/a>]<\/p>\n<p>Andreea Moldovan, Secretar General ELSA Targu Mures;<\/p>\n<p>Carmen Moldovan, avocat Baroul Iasi, asit. univ. dr. Univ. Al. I. Cuza[<a href=\"http:\/\/www.ardae.ro\/?p=637\">RO<\/a>]<\/p>\n<p>Geanina Munteanu, Jurist, experinta CEDO, CE\u00a0[<a href=\"http:\/\/www.ardae.ro\/?p=2986\" target=\"_blank\" rel=\"noopener\">RO<\/a>]<\/p>\n<p>Vasile Muscalu,\u00a0Dr. \u00a0in drept; Directorul Editurii Universitare.<\/p>\n<p>Adina Musetescu, \u00a0Prof. univ. dr. Facultatea de Marketing, Universitatea Crestina Dimitrie Cantemie; [<a href=\"http:\/\/www.prouniversitaria.ro\/autor\/Adina-Musetescu\" target=\"_blank\" rel=\"noopener\">RO<\/a>]<\/p>\n<p>Nicoleta Mirela Nastasie, judecator Tribunalul Bucuresti, membru INSOL EUROPE\u00a0[<a href=\"http:\/\/www.ardae.ro\/?p=2104\" target=\"_blank\" rel=\"noopener\">RO<\/a>]<\/p>\n<p>Speran\u0163a Liliana Neagu, consilier afaceri europene, Grupul de lucru pentru coordonarea elaborarii pozitiilor MADR<\/p>\n<p>Luiza Neagu, avocat &#8211; Baroul Bucuresti; dr. in drept [<a href=\"http:\/\/www.ardae.ro\/?p=1511\" target=\"_blank\" rel=\"noopener\">RO<\/a>]<\/p>\n<p>Norel Neagu, Conf. univ. dr.\u00a0<a href=\"http:\/\/www.ardae.ro\/?p=328\" target=\"_blank\" rel=\"noopener\">Universitatea Nicolae Titulescu<\/a>;<\/p>\n<p>Raluca Nechimis, avocat, Baroul Bucuresti [<a href=\"http:\/\/www.ardae.ro\/?p=2874\" target=\"_blank\" rel=\"noopener\">RO<\/a> &#8211; <a href=\"linkedin.com\/in\/raluca-nechimis-1952aa10\" target=\"_blank\" rel=\"noopener\">linkedin<\/a>]<\/p>\n<p>Vasile Nester [<a href=\"http:\/\/www.ardae.ro\/?p=3283\" target=\"_blank\" rel=\"noopener\">RO<\/a>]<\/p>\n<p>Fabian Nicolae, magistrat asistent Curtea Constitutional\u0103 a Rom\u00e2niei;\u00a0Dr. \u00a0in drept.<\/p>\n<p>Irina Nicolau, lector univ. dr. UCDC [<a href=\"https:\/\/www.linkedin.com\/in\/irina-nicolau-a0962a22\/\" target=\"_blank\" rel=\"noopener\">RO<\/a>]<\/p>\n<p>Ionica Ninu, judec\u0103tor Tribunalul Bucure\u015fti; formator \u2013 dreptul Uniunii Europene, INM \u2013 Institutul Na\u0163ional al Magistratuirii;<\/p>\n<p>Bazil Oglinda, conf. univ. dr. Universitatea Romano-Americana; avocat, Baroul Bucuresti, [<a href=\"http:\/\/www.ardae.ro\/?p=2426\" target=\"_blank\" rel=\"noopener\">RO<\/a>]<\/p>\n<p>Adela Ognean, avocat; doctorand, Universitatea din Maastricht;<\/p>\n<p>Alina On\u0163anu,\u00a0PhD Researcher &#8211; Lawyer &#8211; Researcher [<a href=\"https:\/\/www.linkedin.com\/in\/alina-ontanu-90933711\/\" target=\"_blank\" rel=\"noopener\">linkedin<\/a>]<\/p>\n<p>Ancuta Opre<strong>,\u00a0<\/strong>Conf. univ. dr. Universitatea Crestina Dimitrie Cantemir [<a href=\"http:\/\/www.ardae.ro\/?p=839\" target=\"_blank\" rel=\"noopener\">RO<\/a>]<\/p>\n<p>Alina Oprea, lector univ. dr. Universitatea Babes Bolyai, Cluj-Napoca [<a href=\"http:\/\/www.ardae.ro\/?p=2799\" target=\"_blank\" rel=\"noopener\">RO<\/a>]<\/p>\n<p>Evelina Oprina, Prof. univ. dr. , Judecator, membru Consiliul Superior al Magistraturii\u00a0[<a href=\"http:\/\/www.ardae.ro\/?p=1131\">RO<\/a>]<\/p>\n<p>Gina Orga-Dimitriu, Conf. univ. dr.\u00a0Universitatea Lucian Blaga Sibiu [<a href=\"http:\/\/www.ardae.ro\/?p=1324\" target=\"_blank\" rel=\"noopener\">RO<\/a>];<\/p>\n<p>Andrei Palade, diplomat, Ministerul Afacerilor Externe<\/p>\n<p>Nicolae Pan\u0103, jurist; Drd. \u00a0Universitatea Carlos III, Madrid;\u00a0[<a href=\"http:\/\/www.ardae.ro\/?p=2416\" target=\"_blank\" rel=\"noopener\">RO<\/a>];<\/p>\n<p>Dan Virgil Pascu, avocat, Dr. in dreptul concurentei europene, Universitatea din Tubingen;\u00a0[<a href=\"http:\/\/www.ardae.ro\/?p=2437\" target=\"_blank\" rel=\"noopener\">RO\/EN<\/a>];<\/p>\n<p>Ioana-Cornelia Petruse [<a href=\"https:\/\/www.ardae.ro\/?p=3803\">RO<\/a>]<\/p>\n<p>Carmen Patrut, consilier pentru afaceri europene\u00a0[<a href=\"http:\/\/www.ardae.ro\/?p=2758\" target=\"_blank\" rel=\"noopener\">RO<\/a>]<\/p>\n<p>Ciprian Paun, conf. univ. dr. Universitatea Babes Bolyai, Cluj Napoca, avocat Baroul Cluj [<a href=\"https:\/\/www.linkedin.com\/in\/ciprianpaun\/\" target=\"_blank\" rel=\"noopener\">linkedin<\/a>]<\/p>\n<p>Oana M\u0103riuca Petrescu, Dr., Universitatea Nicolae Titulescu\u00a0[<a href=\"http:\/\/www.ardae.ro\/?p=1190\" target=\"_blank\" rel=\"noopener\">RO<\/a>]<\/p>\n<p>Adriana P\u00eervu, lect. univ. dr.\u00a0Universitatea din Pitesti[<a href=\"http:\/\/www.ardae.ro\/?p=3055\" target=\"_blank\" rel=\"noopener\">RO<\/a>]<\/p>\n<p>M\u0103d\u0103lina Pleniceanu [<a href=\"http:\/\/www.ardae.ro\/?p=3715\">RO<\/a>]<\/p>\n<p>Nicolae Ploe\u015fteanu, Conf. univ. dr.\u00a0Universitatea Petru Maior, Targu Mure\u015f [<a href=\"http:\/\/www.ardae.ro\/?p=1059\" target=\"_blank\" rel=\"noopener\">RO<\/a>];<\/p>\n<p>Florin Poiana, avocat, Baroul Bucuresti; [<a href=\"http:\/\/www.ardae.ro\/?p=2327\" target=\"_blank\" rel=\"noopener\">RO<\/a>]<\/p>\n<p>Manole Ciprian Popa, avocat, lector univ. dr. Universitatea din Bucuresti [<a href=\"http:\/\/www.ardae.ro\/?p=501\">RO<\/a>];<\/p>\n<p>Carmen Petre Predan, Legal Departament Manager at GetBack Recovery [<a href=\"https:\/\/www.linkedin.com\/in\/carmen-petre-predan-45b5aa20\/\" target=\"_blank\" rel=\"noopener\">linkedin<\/a>]<\/p>\n<p>Luminita Popa, avocat, Baroul Bucuresti, arbitru Curtea de Arbitraj Comercial International de pe langa CCIR [<a href=\"http:\/\/www.ardae.ro\/?p=3011\" target=\"_blank\" rel=\"noopener\">RO<\/a>]<\/p>\n<p>Catalina-Andreea Popi, avocat Baroul Bucuresti; [<a href=\"http:\/\/www.ardae.ro\/?p=2531\" target=\"_blank\" rel=\"noopener\">RO<\/a>]<\/p>\n<p>Mihai Tudorel Popa, avocat, Baroul Bucuresti;<\/p>\n<p>Mihaela Agata Popescu, conf. univ. dr. Universitatea Crestina Dimitrei Cantemir, avocat, Baroul Bucuresti [<a href=\"http:\/\/www.ardae.ro\/?p=3128\" target=\"_blank\" rel=\"noopener\">RO<\/a>]<\/p>\n<p>Ruxandra Popescu, Drd., Master \u00een Economie Interna\u0163ionala \u015fi Afaceri Europene\u00a0 [<a href=\"http:\/\/www.ardae.ro\/?p=1686\" target=\"_blank\" rel=\"noopener\">RO<\/a>]<\/p>\n<p>Aura Preda, avocat Baroul Bucuresti, CS III, Institutul de Cercetari Juridice al Academiei Romane, conf. univ. dr. Universitatea Spiru Haret;<\/p>\n<p>Ovidiu Predescu, director publica\u0163iile Dreptul;\u00a0Prof. univ. dr.<\/p>\n<p>C\u0103t\u0103lina Prun\u0103, masterdand;<\/p>\n<p>Andra Nicoleta Puran,\u00a0cadru didactic, Facultatea de Drept \u015fi \u015etiin\u0163e Administrative, Universitatea din Pite\u015fti [<a href=\"http:\/\/www.ardae.ro\/?p=3178\" target=\"_blank\" rel=\"noopener\">RO<\/a>]<\/p>\n<p>Claudiu Purcarescu, avocat, Baroul Bucuresti;<\/p>\n<p>Andy Pusca, Prof. univ. dr. , rector Universitatea Danubius\u00a0[<a href=\"http:\/\/www.ardae.ro\/?p=2887\" target=\"_blank\" rel=\"noopener\">RO<\/a>]<\/p>\n<p>Alexandru Cristian Rada [<a href=\"http:\/\/www.ardae.ro\/?p=3708\">RO<\/a>]<\/p>\n<p>Daniela Radu, avocat, Baroul Bucuresti, Lector univ. dr.\u00a0\u00a0[<a href=\"http:\/\/www.ardae.ro\/?p=621\">RO<\/a>]<\/p>\n<p>Marius Radu,\u00a0Conf. univ. dr. Universitatea Dimitrie Cantemir, avocat, Baroul Bucuresti;<\/p>\n<p>Gabriela R\u0103ducan, prof. univ. dr, avocat [<a href=\"http:\/\/www.ardae.ro\/?p=3369\" target=\"_blank\" rel=\"noopener\">RO<\/a>]<\/p>\n<p>Vicentiu &#8211; Traian R\u00e2mniceanu, drd. Universitatea din Bucuresti; director juridic Loteria Romana<\/p>\n<p>Drago\u015f R\u0103dulescu, prof. univ. dr.\u00a0Universitatea Cre\u015ftin\u0103 Dimitrie Cantemir, mediator;<\/p>\n<p>Diana Richards,\u00a0University College London, U. of London\u00a0PhD,\u00a0[<a href=\"http:\/\/www.ardae.ro\/?p=2497\" target=\"_blank\" rel=\"noopener\">RO<\/a>\u00a0\/ <a href=\"https:\/\/www.linkedin.com\/in\/diarichards\/\" target=\"_blank\" rel=\"noopener\">linkedin<\/a>]<\/p>\n<p>Ion Rusu, prof. univ. dr. \u00a0Universitatea Danubius, Galati\u00a0[<a href=\"http:\/\/www.ardae.ro\/?p=2916\" target=\"_blank\" rel=\"noopener\">RO<\/a>]<\/p>\n<p>Ioan Sabau Pop, prof. univ. dr. Universitatea Petru Maior, avocat, Baroul Mures, arbitru, Curtea de Arbitraj Comercial International de pe langa CCIR [<a href=\"http:\/\/www.ardae.ro\/?p=652\">RO<\/a>]<\/p>\n<p>Cosmin Santi [<a href=\"http:\/\/www.ardae.ro\/?p=3706\">RO<\/a>]<\/p>\n<p>Iulian Savenco [<a href=\"http:\/\/www.ardae.ro\/?p=3292\" target=\"_blank\" rel=\"noopener\">RO<\/a>]<\/p>\n<p>Camelia Spasici,\u00a0Lector univ dr, Univeristatea din Bucuresti;<\/p>\n<p>Ivana Rosovan, notar public [<a href=\"http:\/\/www.ardae.ro\/?p=2745\" target=\"_blank\" rel=\"noopener\">RO<\/a>]<\/p>\n<p>Dr. Marieta Safta, prof.univ.dr. [<a href=\"http:\/\/www.ardae.ro\/?p=881\" target=\"_blank\" rel=\"noopener\">RO<\/a>];<\/p>\n<p>Raluca Saftescu, PhDc. in Political Science\/ International Projects Expert\u00a0[<a href=\"http:\/\/www.ardae.ro\/?p=958\" target=\"_blank\" rel=\"noopener\">RO\/EN<\/a>, <a href=\"https:\/\/www.linkedin.com\/in\/raluca-saftescu-00529650\/\" target=\"_blank\" rel=\"noopener\">linkedin<\/a>]<\/p>\n<p>Daniel-Mihail Sandru [<a href=\"http:\/\/www.mihaisandru.ro\/\" target=\"_blank\" rel=\"noopener\">RO<\/a>]<\/p>\n<p>Andrei S\u0103vescu, avocat, Baroul Bucuresti, doctor in drept; titular Dreptul internetului, Universitatea de Vest Timisoara [<a href=\"http:\/\/www.ardae.ro\/?p=1264\" target=\"_blank\" rel=\"noopener\">RO<\/a>];<\/p>\n<p>Ana Savin, fost judecator Inalta Curte de Casatie si Justitie [<a href=\"http:\/\/www.ardae.ro\/?p=3008\" target=\"_blank\" rel=\"noopener\">RO<\/a>]<\/p>\n<p>Lucia Stoican, avocat, Baroul Timi\u0219 \u0219i Baroul Bruxelles [<a href=\"http:\/\/www.ardae.ro\/?p=3439\" target=\"_blank\" rel=\"noopener\">RO<\/a>]<\/p>\n<p>Lucian Sauleanu, prof. unic. dr. Universitatea din Craiova, avocat, Baroul Dolj [<a href=\"http:\/\/www.sauleanusiasociatii.ro\/team-members\/\" target=\"_blank\" rel=\"noopener\">RO<\/a>]<\/p>\n<p>Silviu Dorin Schiopu, lector univ. dr. Universitatea Transilvania, Brasov [<a href=\"http:\/\/www.ardae.ro\/?p=2806\" target=\"_blank\" rel=\"noopener\">RO<\/a>]<\/p>\n<p>Adina Scriosteanu,\u00a0CEO &#8211; Uniunea Producatorilor de Fonograme din Romania [<a href=\"https:\/\/www.linkedin.com\/in\/adina-scriosteanu-88184bb\/\" target=\"_blank\" rel=\"noopener\">linkedin<\/a>]<\/p>\n<p>Victoria Scripnic, Universitatea Danubius, Galati [<a href=\"http:\/\/www.ardae.ro\/?p=2920\" target=\"_blank\" rel=\"noopener\">RO<\/a>]<\/p>\n<p>Elisabeta Slabu,\u00a0Sef Serviciu Evaluare Initiala DGASPC,\u00a0[<a href=\"https:\/\/www.linkedin.com\/in\/elisabeta-slabu-a9566548\/\" target=\"_blank\" rel=\"noopener\">linkedin<\/a>]<\/p>\n<p>Laurentiu Sorescu, procuror\u00a0la Parchetul de pe langa\u00a0Curtea de Apel Bucuresti;<\/p>\n<p>Florin St\u0103nic\u0103, consilier juridic, Bucuresti [<a href=\"http:\/\/www.ardae.ro\/?p=497\">RO<\/a>];<\/p>\n<p>Marcela Monica Stoica, lector univ. dr. UCDC; consilier parlamentar [<a href=\"http:\/\/www.ardae.ro\/?p=1892\" target=\"_blank\" rel=\"noopener\">RO<\/a>\/<a href=\"http:\/\/www.ardae.ro\/?p=1892\" target=\"_blank\" rel=\"noopener\">EN<\/a>]<\/p>\n<p>Laura Spataru-Negura, \u00a0avocat, asistent universitar dr\u00a0[<a href=\"http:\/\/www.ardae.ro\/?p=617\">RO<\/a>]<\/p>\n<p>Sebastian Spinei, conf. univ.dr., Universitatea Lucian Blaga Sibiu [<a href=\"http:\/\/www.ardae.ro\/?p=674\" target=\"_blank\" rel=\"noopener\">RO<\/a>]<\/p>\n<p>Angelica Staicu, conf. univ. dr. Universitatea Danubius, Galati [<a href=\"http:\/\/www.ardae.ro\/?p=2910\" target=\"_blank\" rel=\"noopener\">RO<\/a>]<\/p>\n<p>Catalin Gabriel Stanescu, avocat, Baroul Bucuresti, dr. in drept, Postdoctoral Scholar at COPENHAGEN UNIVERSITY,\u00a0<a href=\"http:\/\/www.ardae.ro\/?p=2323\" target=\"_blank\" rel=\"noopener\">RO\/EN<\/a>, <a href=\"https:\/\/www.linkedin.com\/in\/dr-c%C4%83t%C4%83lin-gabriel-st%C4%83nescu-34334025\/\" target=\"_blank\" rel=\"noopener\">linkedin<\/a>]<\/p>\n<p>Flaminia St\u00e2rc Meclejan, Conf. univ. dr. Universitatea de Vest Timi\u015foara; [<a href=\"https:\/\/www.ardae.ro\/?p=3903\">RO\/EN<\/a>]<\/p>\n<p>Veronica Stoica, prof. univ. dr. , Academia de Politie, Al. I. Cuza, Bucuresti\u00a0[<a href=\"http:\/\/www.ardae.ro\/?p=2563\" target=\"_blank\" rel=\"noopener\">RO<\/a>]<\/p>\n<p>Camelia Florentina Stoica, Prof. univ. dr., Academia de Studii Economice\u00a0\u00a0[<a href=\"http:\/\/www.ardae.ro\/?p=2567\" target=\"_blank\" rel=\"noopener\">RO<\/a>]<\/p>\n<p>Elena-Cristina Stroe, masterdand [<a href=\"http:\/\/www.ardae.ro\/?p=2519\" target=\"_blank\" rel=\"noopener\">RO<\/a>]<\/p>\n<p>Oana \u015etefan, Senior Lecturer in EU and Public Law, King&#8217;s College London [<a href=\"http:\/\/www.ardae.ro\/?p=2634\" target=\"_blank\" rel=\"noopener\">EN<\/a>];<\/p>\n<p>Petre T\u0103nase, avocat, Baroul Bucuresti<\/p>\n<p>Camil T\u0103n\u0103sescu, conf. univ. dr. \u00a0Universitatea Dimitrie Cantemir Carmen Tantareanu, consilier juridic, Bucuresti.<\/p>\n<p>Simona Maya Teodoroiu, conf. univ. dr. \u00a0SNSPA; CS III, Centrul de Studii de Drept European al Institutului de Cercet\u0103ri Juridice al Academiei Rom\u00e2ne, judecator, Curtea Constitutionala [<a href=\"http:\/\/www.ardae.ro\/?p=1812\" target=\"_blank\" rel=\"noopener\">EN<\/a>];<\/p>\n<p>Doina Maria Tilea, lector univ. dr.\u00a0Universitatea Cre\u015ftin\u0103 Dimitrie Cantemir;<\/p>\n<p>Dana Ti\u0163ian, judecator;<\/p>\n<p>Ramona Valeria Tod, avocat in cadrul Baroului Cluj\u00a0[<a href=\"http:\/\/www.ardae.ro\/?p=2830\" target=\"_blank\" rel=\"noopener\">RO<\/a>]<\/p>\n<p>Alexandru Toma, consilier juridic \u2013 membru \u00een Colegiul Consilierilor Juridici Ia\u0219i;\u00a0<em id=\"__mceDel\">doctorand\u00a0[<a href=\"http:\/\/www.ardae.ro\/?p=2796\" target=\"_blank\" rel=\"noopener\">RO<\/a>]<\/em><\/p>\n<p>Ina Raluca Tomescu, lector univ. dr.\u00a0Universitatea Targu Jiu; Cercetaror stiintific asociat Institutul de Cercetari Juridice al Academiei Romane.<\/p>\n<p>Alina Tonigaru, consilier juridic, Directia Nationala Anticoruptie [<a href=\"http:\/\/www.ardae.ro\/?p=1006\" target=\"_blank\" rel=\"noopener\">RO<\/a>];<\/p>\n<p>Irena Trifan, judecator Tribunalul Teleorman;<\/p>\n<p>Laura Trocan, conf. univ. dr.\u00a0Universitatea T\u00e2rgu Jiu;<\/p>\n<p>Crina Tudoran, avocat, Baroul Bucuresti\u00a0[<a href=\"http:\/\/www.ardae.ro\/?p=2967\" target=\"_blank\" rel=\"noopener\">RO<\/a>\/ <a href=\"https:\/\/www.linkedin.com\/in\/crina-tudoran-b8276876\/\" target=\"_blank\" rel=\"noopener\">LinkedIn<\/a>]<\/p>\n<p>Lumini\u0163a Tulea\u015fc\u0103, lector univ. dr. Universitatea Romano Americana\u00a0[<a href=\"http:\/\/www.ardae.ro\/?p=889\" target=\"_blank\" rel=\"noopener\">RO\/EN<\/a>]<\/p>\n<p>Raluca Maria Turcanu, consilier juridic, Bucuresti.<\/p>\n<p>Ionut Ursuleasa, consilier juridic, Roman, jud. Neamt [<a href=\"http:\/\/www.ardae.ro\/?p=2770\" target=\"_blank\" rel=\"noopener\">RO<\/a>]<\/p>\n<p>Alberto Vaduva, avocat, Baroul Bucuresti [<a href=\"https:\/\/www.linkedin.com\/in\/alberto-vaduva-08809a12a\/\" target=\"_blank\" rel=\"noopener\">linkedin<\/a>]<\/p>\n<p>Laura Vartolomei, consilier juridic si mediator.\u00a0[<a href=\"http:\/\/www.ardae.ro\/?p=1917\" target=\"_blank\" rel=\"noopener\">RO<\/a>];<\/p>\n<p>Mihaela Vasiescu, judec\u0103tor\u00a0Curtea de Apel T\u00e2rgu Mure\u015f;<\/p>\n<p>Cosmin Vasile, avocat, Baroul Bucuresti; \u00a0[<a href=\"http:\/\/www.ardae.ro\/?p=2854\" target=\"_blank\" rel=\"noopener\">RO<\/a>]<\/p>\n<p>Elena Vasile &#8211; Consilier Juridic, Mediator la &#8220;Elena Vasile &#8211; Birou de Mediator&#8221;, Bucuresti\u00a0[<a href=\"http:\/\/www.ardae.ro\/?p=3429\" target=\"_blank\" rel=\"noopener\">RO<\/a>]<\/p>\n<p>Crina Bianca Veres, masteradnd dreptul Uniunii Europene, Universitatea din Bucuresti; consilier juridic [<a href=\"http:\/\/www.ardae.ro\/?p=2776\" target=\"_blank\" rel=\"noopener\">RO<\/a>]<\/p>\n<p>Emod Veress, Conf. univ. dr. \u00a0Universitatea Sapientia; avocat.<\/p>\n<p>Narcisa Adelina Vilau, consilier juridic, administratia Prezidentiala [<a href=\"http:\/\/www.ardae.ro\/?p=2871\" target=\"_blank\" rel=\"noopener\">RO<\/a>\/ <a href=\"https:\/\/www.linkedin.com\/in\/vilau-narcisa-adelina-2645905b\/\" target=\"_blank\" rel=\"noopener\">linkedin<\/a>]<\/p>\n<p>Mihai-Dorel Vlad, avocat, Baroul Teleorman, lector univ. dr. \u00a0UCDC\u00a0[<a href=\"http:\/\/www.ardae.ro\/?p=1673\" target=\"_blank\" rel=\"noopener\">RO<\/a>]<\/p>\n<p>Marin Voicu, Prof. univ. dr.,\u00a0fost judec\u0103tor la Inalta Curte de casa\u0163ie \u015fi Justi\u0163ie \u015fi la Curtea European\u0103 a Drepturilor Omului; avocat; arbitru [<a href=\"http:\/\/www.ardae.ro\/?p=1521\" target=\"_blank\" rel=\"noopener\">RO<\/a>]<\/p>\n<p>Mihaela Vrabie, \u00a0<a href=\"http:\/\/www.ardae.ro\/?p=172\">avocat, doctor<\/a>\u00a0in drept;<\/p>\n<p>Andriana Zanfir, lector univ. dr. UCDC [<a href=\"http:\/\/www.ucdc.info\/cd\/cd_profil.php?cid=1487\" target=\"_blank\" rel=\"noopener\">Relatii economice internationale<\/a>];<\/p>\n<p>Gabriela Zanfir-Fortuna, doctor in drept in domeniul protectiei datelor cu caracter personal [<a href=\"https:\/\/www.linkedin.com\/in\/gabriela-zanfir-fortuna-3234b239\/\" target=\"_blank\" rel=\"noopener\">linkedin<\/a>].<\/p>\n<p><a href=\"http:\/\/www.ardae.ro\/?p=436\">Lista membilor aderenti ARDAE &#8211; Asociatia romana de drept si afaceri europene<\/a>.<\/p>\n","protected":false},"excerpt":{"rendered":"","protected":false},"author":1,"featured_media":0,"comment_status":"open","ping_status":"open","sticky":false,"template":"","format":"standard","meta":{"footnotes":""},"categories":[8,67],"tags":[75,54],"class_list":["post-436","post","type-post","status-publish","format-standard","hentry","category-despre-noi","category-lista-membrilor-aderenti","tag-ioan-lazar","tag-mihaela-vrabie"],"_links":{"self":[{"href":"http:\/\/www.ardae.ro\/index.php?rest_route=\/wp\/v2\/posts\/436"}],"collection":[{"href":"http:\/\/www.ardae.ro\/index.php?rest_route=\/wp\/v2\/posts"}],"about":[{"href":"http:\/\/www.ardae.ro\/index.php?rest_route=\/wp\/v2\/types\/post"}],"author":[{"embeddable":true,"href":"http:\/\/www.ardae.ro\/index.php?rest_route=\/wp\/v2\/users\/1"}],"replies":[{"embeddable":true,"href":"http:\/\/www.ardae.ro\/index.php?rest_route=%2Fwp%2Fv2%2Fcomments&post=436"}],"version-history":[{"count":349,"href":"http:\/\/www.ardae.ro\/index.php?rest_route=\/wp\/v2\/posts\/436\/revisions"}],"predecessor-version":[{"id":3921,"href":"http:\/\/www.ardae.ro\/index.php?rest_route=\/wp\/v2\/posts\/436\/revisions\/3921"}],"wp:attachment":[{"href":"http:\/\/www.ardae.ro\/index.php?rest_route=%2Fwp%2Fv2%2Fmedia&parent=436"}],"wp:term":[{"taxonomy":"category","embeddable":true,"href":"http:\/\/www.ardae.ro\/index.php?rest_route=%2Fwp%2Fv2%2Fcategories&post=436"},{"taxonomy":"post_tag","embeddable":true,"href":"http:\/\/www.ardae.ro\/index.php?rest_route=%2Fwp%2Fv2%2Ftags&post=436"}],"curies":[{"name":"wp","href":"https:\/\/api.w.org\/{rel}","templated":true}]}}