{"id":420,"date":"2013-12-07T05:27:56","date_gmt":"2013-12-07T05:27:56","guid":{"rendered":"http:\/\/www.ardae.ro\/?p=420"},"modified":"2013-12-07T05:27:56","modified_gmt":"2013-12-07T05:27:56","slug":"conferinta-nationala-medierea-in-penal-aspecte-practice-editia-a-ii-a-11-12","status":"publish","type":"post","link":"http:\/\/www.ardae.ro\/?p=420","title":{"rendered":"Conferin\u0163a Na\u0163ional\u0103  \u201eMedierea \u00een penal \u2013 aspecte practice\u201d \u2013 edi\u0163ia a II-a, 11.12."},"content":{"rendered":"<p align=\"center\"><b><!--more-->Conferin\u0163a Na\u0163ional\u0103<\/b><\/p>\n<p align=\"center\"><b>\u201eMedierea \u00een penal \u2013 aspecte practice\u201d \u2013 edi\u0163ia a II-a<\/b><\/p>\n<p align=\"center\">11.12.2013<\/p>\n<p align=\"center\"><b>\u00a0<\/b><\/p>\n<p><b>Colectivul Facult\u0103\u0163ii de \u015etiin\u0163e Juridice \u015fi Administrative \u015fi al Facult\u0103\u0163ii de Rela\u0163ii Economice Interna\u0163ionale<\/b>\u00a0<b>a<\/b><b>re pl\u0103cerea de a v\u0103 invita s\u0103 participa\u0163i\u00a0<\/b>miercuri 11 decembrie 2013 la\u00a0<b>conferin\u0163a na\u0163ional\u0103<\/b>\u00a0despre mediere organizat\u0103 de\u00a0<b><i>Masteratul de Integrare \u015fi Afaceri Europene<\/i><\/b>\u00a0\u00eempreun\u0103 cu\u00a0<b><i>Masteratul de Mediere<\/i><\/b>\u00a0cu tema\u00a0<b>\u201e<i>Medierea \u00een penal \u2013 aspecte practice<\/i>\u201d \u2013 edi\u0163ia a II-a<\/b>, la care vor fi invita\u0163i speciali\u015fti recunoscu\u0163i din domeniul medierii \u015fi al dreptului, precum \u015fi personalit\u0103\u0163i publice implicate \u00een promovarea medierii \u00een Rom\u00e2nia, av\u00e2ndu-i ca moderatori pe conf. univ. dr.\u00a0<b>Drago\u015f Marian R\u0102DULESCU<\/b>\u00a0(mediator) \u015fi conf.univ. dr.\u00a0<b>Nicoleta-Elena BUZATU<\/b>.<\/p>\n<p>Conferin\u0163a va avea loc la ora 18,00 la Universitatea Cre\u015ftin\u0103 \u201eDimitrie Cantemir\u201d cu sediul \u00een Bucure\u015fti, Splaiul Unirii nr.176, sector 4, intrarea D1, et. 2, sala 130, fiind urmat\u0103 de discu\u0163ii libere despre impactul medierii asupra sistemului judiciar rom\u00e2nesc.<\/p>\n<p>Printre invita\u0163i\/Keynote Speakers se vor reg\u0103si domnul Judec\u0103tor\u00a0<b>Marius Dan<\/b>\u00a0<b>FOITO\u015e<\/b>\u00a0<b>\u2013<\/b>\u00a0<i>Sec\u0163ia Penal\u0103, \u00cenalta Curte de Casa\u0163ie \u015fi Justi\u0163ie,\u00a0<\/i>domnul Procuror Biroul de Criminalistic\u0103\u00a0<b>Romulus Dan VARGA<\/b>\u00a0<b>\u2013<\/b>\u00a0<i>Sec\u0163ia de Urm\u0103rire Penal\u0103 \u015fi Criminalistic\u0103, Parchetul de pe l\u00e2ng\u0103 \u00cenalta Curte de Casa\u0163ie \u015fi Justi\u0163ie,\u00a0<\/i>domnul Judec\u0103tor\u00a0<b>Dorel George MATEI<\/b>\u00a0\u2013\u00a0<i>Sec\u0163ia I Penal\u0103, Curtea de Apel Bucure<\/i><i>\u0219<\/i><i>ti,\u00a0<\/i>doamna<i>\u00a0<\/i>Judec\u0103tor\u00a0<b>Petru<\/b><b>\u021b<\/b><b>a ULMEANU<\/b>\u00a0<i>\u2013 Judec\u0103toria Sector 1 Bucure<\/i><i>\u0219<\/i><i>ti,\u00a0<\/i>domnul Secretar de Stat<b>\u00a0Cristian JURA\u00a0<\/b>\u2013\u00a0<i>Consiliul Na<\/i><i>\u021b<\/i><i>ional pentru Combaterea Discrimin\u0103rii,\u00a0<\/i>domnul Avocat\u00a0<b>Sorin FUSEA<\/b>\u00a0\u2013\u00a0<i>Pre<\/i><i>\u0219<\/i><i>edinte Asocia<\/i><i>\u021b<\/i><i>ia Na<\/i><i>\u021b<\/i><i>ional\u0103 a Speciali<\/i><i>\u0219<\/i><i>tilor \u00een Achizi<\/i><i>\u021b<\/i><i>ii,\u00a0<\/i>domnul Avocat\u00a0<b>Constantin DUVAC\u00a0<\/b><i>\u2013 Partener SCA\u00a0<\/i><i>\u0218<\/i><i>erban\u00a0<\/i><i>\u0219<\/i><i>i Asocia<\/i><i>\u021b<\/i><i>ii, Bucure<\/i><i>\u0219<\/i><i>ti,\u00a0<\/i>doamna<i>\u00a0<\/i>Avocat\u00a0<b>Laura-Elena CHIOREAN<\/b>\u00a0\u2013\u00a0<i>Baroul Cluj,\u00a0<\/i>doamna<i>\u00a0<\/i>Avocat<b>\u00a0Agatador Mihaela POPESCU \u2013\u00a0<\/b><i>Baroul Bucure<\/i><i>\u0219<\/i><i>ti,\u00a0<\/i>domnul Avocat<b>\u00a0Gabriel Ion OLTEANU \u2013\u00a0<\/b><i>Baroul Bucure<\/i><i>\u0219<\/i><i>ti,\u00a0<\/i>doamna<i>\u00a0<\/i>Inspector principal dr.\u00a0<b>Violeta CIOFU<\/b>\u00a0&#8211;\u00a0<i>Institutul National de Criminalistica,\u00a0IGPR,\u00a0<\/i>doamna<i>\u00a0<\/i>Comisar \u015fef de poli\u0163ie\u00a0<b>Manuela POPESCU<\/b>\u00a0\u2013 director adjunct\u00a0<i>al Direc\u0163iei Anchete din cadrul DGA \u015fi\u00a0<\/i>domnul Subcomisar de politie\u00a0<b>Cristian Petre SPRINCENATU<\/b>\u00a0 &#8211;\u00a0<i>Expert criminalist Serviciul Criminalistic IPJ Gorj<\/i>.<b><\/b><\/p>\n<p><b>Agenda<\/b>\u00a0conferin\u0163ei (disponibil\u0103 pe\u00a0<a href=\"http:\/\/www.mediereaturistica.ro\/\">www.mediereaturistica.ro<\/a>) cuprinde:<\/p>\n<p><b>ora 17,45 -18,00<\/b>\u00a0 \u00eenregistrarea participan\u0163ilor<\/p>\n<p><b>ora 18,00 -18,15<\/b>\u00a0deschiderea lucr\u0103rilor \u015fi prezentarea invita\u0163ilor<\/p>\n<p><b>ora 18,15-19,15<\/b>\u00a0prezentarea de c\u0103tre invita\u0163i a punctelor de vedere cu privire la medierea \u00een penal, moderator: conf. univ. dr.\u00a0<b>Drago\u015f R\u0102DULESCU<\/b><\/p>\n<p><b>ora 19,15-20,15\u00a0<\/b>discu\u0163ii libere, moderator: conf. univ. dr.\u00a0<b>Nicoleta-Elena BUZATU<\/b><\/p>\n<p><b>ora 20,15-20,30<\/b>\u00a0prezentarea concluziilor \u015fi \u00eenchiderea lucr\u0103rilor.<\/p>\n<p>Nu se percepe tax\u0103 de participare \u015fi nici nu este necesar\u0103 confirmarea particip\u0103rii pentru persoanele interesate.<\/p>\n<p>Lucr\u0103rile prezentate urmeaz\u0103 s\u0103 fie publicate \u00een nr. 3\/2013 al\u00a0<b><i>revistei Rom\u00e2ne de ADR (Alternative Dispute Resolution)<\/i><\/b>, dup\u0103 verificarea lor de c\u0103tre 2 referen\u0163i, desemna\u0163i dintre membrii Comitetului \u015etiin\u0163ific. Pentru realizarea lucr\u0103rilor, autorii vor respecta condi\u0163iile de redactare disponibile pe site-ul\u00a0<a href=\"http:\/\/www.revistadeadr.ro\/\">www.revistadeadr.ro<\/a>.<\/p>\n<p align=\"center\"><b>\u00a0Partner:\u00a0<a href=\"http:\/\/www.ardae.ro\/\" target=\"_blank\">Asociatia romana de drept si afaceri europene &#8211; ARDAE<\/a><\/b><\/p>\n<p align=\"center\"><b>Partener media<\/b>:\u00a0<a href=\"http:\/\/www.juridice.ro\/\">www.juridice.ro<\/a><\/p>\n<p>al\u0103turi de\u00a0<a href=\"http:\/\/www.romanianarbitration.ro\/\">www.romanianarbitration.ro<\/a>,\u00a0<a href=\"http:\/\/www.ardae.ro\/\">www.ardae.ro<\/a>,\u00a0<a href=\"http:\/\/www.studiijuridice.ro\/\">www.studiijuridice.ro<\/a>,\u00a0<a href=\"http:\/\/www.infolegal.ro\/\">www.infolegal.ro<\/a>, \u00a0<a href=\"http:\/\/www.romaniajuridica.ro\/\">www.romaniajuridica.ro<\/a>,\u00a0<a href=\"http:\/\/www.librariejuridica.ro\/\">www.librariejuridica.ro<\/a>.<\/p>\n<p>Pentru detalii suplimentare legate de seria de mese rotunde despre mediere, realizate \u00een cadrul\u00a0<i>Masteratului de Integrare \u015fi Afaceri Europene<\/i>, pute\u0163i lua leg\u0103tura cu conf. univ. dr.<b>\u00a0<\/b><b>Dragos Marian R\u0103dulescu<\/b>\u00a0(mediator) 0722834593,\u00a0<a href=\"mailto:dmradulescu@yahoo.com\">dmradulescu@yahoo.com<\/a>,\u00a0<a href=\"http:\/\/www.mediereaturistica.ro\/\">www.mediereaturistica.ro<\/a><\/p>\n","protected":false},"excerpt":{"rendered":"","protected":false},"author":1,"featured_media":0,"comment_status":"open","ping_status":"open","sticky":false,"template":"","format":"standard","meta":{"footnotes":""},"categories":[48],"tags":[],"class_list":["post-420","post","type-post","status-publish","format-standard","hentry","category-evenimente"],"_links":{"self":[{"href":"http:\/\/www.ardae.ro\/index.php?rest_route=\/wp\/v2\/posts\/420"}],"collection":[{"href":"http:\/\/www.ardae.ro\/index.php?rest_route=\/wp\/v2\/posts"}],"about":[{"href":"http:\/\/www.ardae.ro\/index.php?rest_route=\/wp\/v2\/types\/post"}],"author":[{"embeddable":true,"href":"http:\/\/www.ardae.ro\/index.php?rest_route=\/wp\/v2\/users\/1"}],"replies":[{"embeddable":true,"href":"http:\/\/www.ardae.ro\/index.php?rest_route=%2Fwp%2Fv2%2Fcomments&post=420"}],"version-history":[{"count":1,"href":"http:\/\/www.ardae.ro\/index.php?rest_route=\/wp\/v2\/posts\/420\/revisions"}],"predecessor-version":[{"id":421,"href":"http:\/\/www.ardae.ro\/index.php?rest_route=\/wp\/v2\/posts\/420\/revisions\/421"}],"wp:attachment":[{"href":"http:\/\/www.ardae.ro\/index.php?rest_route=%2Fwp%2Fv2%2Fmedia&parent=420"}],"wp:term":[{"taxonomy":"category","embeddable":true,"href":"http:\/\/www.ardae.ro\/index.php?rest_route=%2Fwp%2Fv2%2Fcategories&post=420"},{"taxonomy":"post_tag","embeddable":true,"href":"http:\/\/www.ardae.ro\/index.php?rest_route=%2Fwp%2Fv2%2Ftags&post=420"}],"curies":[{"name":"wp","href":"https:\/\/api.w.org\/{rel}","templated":true}]}}