{"id":3897,"date":"2023-05-12T14:29:22","date_gmt":"2023-05-12T14:29:22","guid":{"rendered":"http:\/\/www.ardae.ro\/?p=3897"},"modified":"2023-05-12T14:29:22","modified_gmt":"2023-05-12T14:29:22","slug":"conferinta-dreptul-afacerilor-in-dinamica-inovarii-dadi-19-20-mai-2023-iasi","status":"publish","type":"post","link":"http:\/\/www.ardae.ro\/?p=3897","title":{"rendered":"Conferin\u021ba \u201eDreptul Afacerilor \u00een Dinamica Inov\u0103rii\u201d (DADI), 19-20 mai 2023, Iasi"},"content":{"rendered":"\n<!--more-->\n\n\n\n<p><strong>Conferin\u021ba \u201eDreptul Afacerilor \u00een Dinamica Inov\u0103rii\u201d<\/strong><\/p>\n\n\n\n<p><strong>Remodelarea dreptului afacerilor sub impactul&nbsp;realit\u0103\u021bii<\/strong><\/p>\n\n\n\n<p><a href=\"http:\/\/www.dadi2023.cciasi.ro\/\">DETALII<\/a><\/p>\n\n\n\n<p><strong>Aula Magna \u201eCarmen Sylva\u201d<\/strong><br>a Universit\u0103\u021bii Tehnice \u201eGheorghe Asachi\u201d, B-dul Carol I nr. 11<br><strong>Ia\u0219i, 19-20 mai 2023<\/strong><\/p>\n\n\n\n<p>.<\/p>\n\n\n\n<p>Curtea de Arbitraj Comercial de pe l\u00e2ng\u0103 Camera de Comer\u021b \u0219i Industrie Ia\u0219i, Facultatea de Drept \u0219i \u0218tiin\u021be Administrative a Universit\u0103\u021bii \u201e\u0218tefan cel Mare\u201d din Suceava \u0219i \u201eCatalizator \u2013 Asocia\u021bia de Dezvoltare\u201d, \u00een parteneriat cu UNPIR \u2013 Filiala Ia\u0219i, organizeaz\u0103&nbsp;<strong>Conferin\u021ba ,,Dreptul afacerilor \u00een dinamica inov\u0103rii\u201d<\/strong>, edi\u021bia din acest an av\u00e2nd ca tem\u0103&nbsp;<em>\u201eRemodelarea dreptului afacerilor sub impactul realit\u0103\u021bii\u201d<\/em>.<\/p>\n\n\n\n<p>La confluen\u021ba dintre realitate \u0219i dreptul afacerilor, apar mai multe \u00eentreb\u0103ri cu privire la perspectivele unei astfel de \u00eent\u00e2lniri \u0219i a capacit\u0103\u021bii dreptului afacerilor de a fi un spa\u021biu normativ inovator \u0219i extins. Efervescen\u021ba creatoare a fa\u021betelor realit\u0103\u021bii (social\u0103 \u2013 r\u0103zboiul \u0219i criza energetic\u0103; tehnologic\u0103 \u2013 tehnologiile emergente sau\/\u0219i disruptive, digitalizarea; ecologic\u0103 \u2013 \u00eenc\u0103lzirea global\u0103 \u0219i schimb\u0103rile de mediu) ac\u021bioneaz\u0103 asupra dreptului \u0219i reclam\u0103 adaptarea normei juridice. Conferin\u021ba \u00ee\u0219i propune s\u0103 identifice interac\u021biunile dintre noua realitate \u0219i dreptul afacerilor, care impun modificarea legisla\u021biei astfel \u00eenc\u00e2t s\u0103 reflecte realitatea \u0219i s\u0103 corespund\u0103 c\u00e2t mai bine nevoilor afacerii.<\/p>\n\n\n\n<p><strong>Dezbaterile&nbsp;<\/strong>vor fi grupate \u00een jurul unor&nbsp;<strong>probleme actuale \u0219i complexe precum:<\/strong><br><em>\u2013 Societ\u0103\u021bile: aceia\u0219i vechi actori pe scena noii realit\u0103\u021bi?<br>\u2013 Dinamica obliga\u021biilor: de la focul r\u0103zboiului la tirul digitaliz\u0103rii \u0219i al tehnologiilor emergente \u0219i disruptive<br>\u2013 Arbitrajul: un pas spre \u201ebinele comun\u201d al mediului de afaceri \u0219i al societ\u0103\u021bii<br>\u2013 (Pre) Insolven\u021ba: t\u0103r\u00e2mul f\u0103r\u0103 de sf\u00e2r\u0219it al schimb\u0103rilor<\/em><\/p>\n\n\n\n<p><strong><a href=\"https:\/\/www.dadi2023.cciasi.ro\/speakerii-conferintei-dreptul-afacerilor-in-dinamica-inovarii\/\">Speakerii<\/a>&nbsp;<\/strong>sunt profesori \u0219i cercet\u0103tori de la universit\u0103\u021bile de prestigiu din Rom\u00e2nia care, \u00een acela\u0219i timp, sunt \u0219i practicieni de marc\u0103 \u00een domeniul dreptului afacerilor cu preocup\u0103ri aferente tematicii propuse: avoca\u021bi, arbitri, practicieni \u00een insolven\u021b\u0103, magistra\u021bi, func\u021bionari publici.<\/p>\n\n\n\n<p><strong>Evenimentul se adreseaz\u0103<\/strong>&nbsp;at\u00e2t juri\u0219tilor c\u00e2t \u0219i altor speciali\u0219ti implica\u021bi \u00een mediul de afaceri (economi\u0219ti, consultan\u021bi fiscali, etc.) interesa\u021bi de problematica abordat\u0103 fiind deschis, de asemenea, studen\u021bilor, masteranzilor \u0219i doctoranzilor.<\/p>\n\n\n\n<p>Av\u00e2nd \u00een vedere notorietatea vorbitorilor \u0219i \u00eenaltul nivel academic al evenimentului, \u00een prezent sunt \u00een curs de derulare procedurile pentru acreditarea conferin\u021bei \u0219i acordarea&nbsp;<strong>punctelor de preg\u0103tire profesional\u0103 de c\u0103tre INPPA \u0219i INPPI&nbsp;<\/strong>participan\u021bilor la eveniment. Acordarea punctelor de preg\u0103tire profesional\u0103 se va realiza conform metodologiilor specifice profesiilor de avocat, respectiv practician \u00een insolven\u021b\u0103.<\/p>\n\n\n\n<p>Lucr\u0103rile conferin\u021bei vor fi&nbsp;<strong>publicate<\/strong>&nbsp;\u00een Revista Rom\u00e2n\u0103 de Drept al Afacerilor, revist\u0103 indexat\u0103 ISI \u2013&nbsp;<a rel=\"noreferrer noopener\" href=\"https:\/\/rrda.ro\/\" target=\"_blank\">www.rrda.ro<\/a><\/p>\n\n\n\n<p><strong>Conferin\u021ba<br>\u201eDREPTUL AFACERILOR \u00ceN DINAMICA INOV\u0102RII\u201d<\/strong><\/p>\n\n\n\n<p>Edi\u021bia I<br><strong>Remodelarea dreptului afacerilor sub impactul realit\u0103\u021bii<\/strong><br>Ia\u0219i, 19-20 mai 2023<\/p>\n\n\n\n<p><strong>Aula Magna \u201eCarmen Sylva\u201d<\/strong><br>a Universit\u0103\u021bii Tehnice \u201eGheorge Asachi\u201d, B-dul Carol I nr.11<\/p>\n\n\n\n<p>.<\/p>\n\n\n\n<p><em>Primirea participan\u021bilor<\/em>&nbsp;(<em>8.30-9.00<\/em>)<\/p>\n\n\n\n<p><strong>Deschiderea conferin\u021bei&nbsp;<\/strong>(<em>9.00-9.15<\/em>)<\/p>\n\n\n\n<ul class=\"wp-block-list\"><li>Conf.univ.dr. Maria Nica-Dumitru, Pre\u0219edintele Cur\u021bii de Arbitraj Comercial de pe l\u00e2ng\u0103 Camera de Comer\u021b \u0219i Industrie Ia\u0219i<\/li><li>Conf.univ.dr. Camelia Ign\u0103tescu, Decan, Facultatea de Drept \u0219i \u0218tiin\u021be Administrative, Universitatea \u201e\u0218tefan cel Mare\u201d din Suceava<\/li><li>Paul Butnariu, Pre\u0219edintele Camerei de Comer\u021b \u0219i Industrie Ia\u0219i<\/li><\/ul>\n\n\n\n<p><strong><em>Panelul 1.&nbsp;<\/em>Realitatea \u2013 catalizatorul inov\u0103rii dreptului afacerii<\/strong>&nbsp;(<em>9.15-10.45<\/em>)<\/p>\n\n\n\n<ul class=\"wp-block-list\"><li><em>Moderator: Conf.univ.dr.&nbsp;<strong><a href=\"https:\/\/profesionisti.juridice.ro\/maria-dumitru\">Maria Nica-Dumitru<\/a><\/strong>&nbsp;\u2013 Pre\u0219edintele Cur\u021bii de Arbitraj Comercial de pe l\u00e2ng\u0103 Camera de Comer\u021b \u0219i Industrie Ia\u0219i.<\/em><\/li><\/ul>\n\n\n\n<ul class=\"wp-block-list\"><li>Prof. emerit dr.h.c.&nbsp;<strong><a href=\"https:\/\/profesionisti.juridice.ro\/liviu-pop\">Liviu Pop<\/a><\/strong>, membru corespondent al Academiei Rom\u00e2ne, arbitru al Cur\u021bii de Arbitraj Comercial de pe l\u00e2ng\u0103 Camera de Comer\u021b \u0219i Industrie Cluj.<ul><li><em>Regimul juridic al compensa\u021biei legale \u00een reglementarea noului Cod civil.<\/em><\/li><\/ul><\/li><li>Prof.univ.dr.&nbsp;<strong><a href=\"https:\/\/profesionisti.juridice.ro\/smaranda-angheni\">Smaranda Angheni<\/a><\/strong>, Pre\u0219edinte al Institutului Rom\u00e2n de Drept Comercial, arbitru al Cur\u021bii de Arbitraj Comercial Interna\u021bional de pe l\u00e2ng\u0103 Camera de Comer\u021b \u0219i Industrie a Rom\u00e2niei.<ul><li><em>De la&nbsp;<\/em><em>\u201egenul proxim\u201c \u2013 societ\u0103\u021bi \u2013 la \u201ediferen\u021ba specific\u0103\u201d \u2013 societ\u0103\u021bi comerciale. Provoc\u0103ri teoretice cu relevan\u021b\u0103 practic\u0103.<\/em><\/li><\/ul><\/li><li>Prof.univ.dr.&nbsp;<strong><a rel=\"noreferrer noopener\" href=\"https:\/\/profesionisti.juridice.ro\/stefan-deaconu\" target=\"_blank\">\u0218tefan Deaconu<\/a><\/strong>, Facultatea de Drept, Universitatea Bucure\u0219ti, Pre\u0219edinte al Cur\u021bii de Arbitraj Comercial Interna\u021bional de pa l\u00e2ng\u0103 Camera de Comer\u021b \u0219i Industrie a Rom\u00e2niei.<ul><li><em>Prima regul\u0103 \u00een arbitraj \u2013 Regula celor 3C (Compunere, Constituire, Competen\u021b\u0103).<\/em><\/li><\/ul><\/li><\/ul>\n\n\n\n<p><em>Pauz\u0103 de cafea<\/em>&nbsp;<em>(10.45-11.15)<\/em><\/p>\n\n\n\n<p><em><strong>Panelul 2.<\/strong>&nbsp;<\/em><strong>Societ\u0103\u021bile&nbsp;\u2013 aceia\u0219i vechi actori&nbsp;pe scena&nbsp;noii realit\u0103\u021bi?<\/strong>&nbsp;<em>(11.15-13.15)<\/em><\/p>\n\n\n\n<ul class=\"wp-block-list\"><li><em>Moderator: Prof.univ.dr.&nbsp;<strong><a rel=\"noreferrer noopener\" href=\"https:\/\/profesionisti.juridice.ro\/radu-catana\" target=\"_blank\">Radu Catan\u0103<\/a><\/strong>, Facultatea de Drept, Universitatea Babe\u0219-Bolyai, Cluj-Napoca.<\/em><\/li><\/ul>\n\n\n\n<ul class=\"wp-block-list\"><li>Dr.&nbsp;<strong><a rel=\"noreferrer noopener\" href=\"https:\/\/www.onrc.ro\/index.php\/ro\/despre-onrc\/conducere?id=542\" target=\"_blank\">Valentina Burdescu<\/a><\/strong>, Directorul Oficiului Na\u021bional al Registrului Comer\u021bului.<ul><li><em>Legea nr.265\/2022 privind registrul comer\u021bului&nbsp;\u0219i pentru modificarea&nbsp;\u0219i completarea altor acte normative cu inciden\u021b\u0103&nbsp;asupra&nbsp;\u00eenregistr\u0103rii&nbsp;\u00een&nbsp;registrul comer\u021bului \u2013 elemente de noutate \u00een procedura de \u00eenregistrare \u00een registrul comer\u021bului<\/em>.<\/li><\/ul><\/li><li>Prof.univ.dr.&nbsp;<strong><a rel=\"noreferrer noopener\" href=\"https:\/\/profesionisti.juridice.ro\/lucian-bernd-sauleanu\" target=\"_blank\">Lucian S\u0103uleanu<\/a><\/strong>, Facultatea de Drept, Universitatea din Craiova, arbitru Curtea de Arbitraj Comercial Interna\u021bional de pe l\u00e2ng\u0103 Camera de Comer\u021b \u0219i Industrie a Rom\u00e2niei.<ul><li><em>Modalit\u0103\u021bi de conservare a patrimoniului societ\u0103\u021bii \u00een cazul litigiilor dintre asocia\u021bi sau care au obiect stabilirea calit\u0103\u021bii de asociat.<\/em><\/li><\/ul><\/li><li>Conf.univ.dr.&nbsp;<strong><a rel=\"noreferrer noopener\" href=\"https:\/\/profesionisti.juridice.ro\/maria-dumitru\" target=\"_blank\">Maria Nica-Dumitru<\/a><\/strong>, Facultatea de Drept \u0219i \u0218tiin\u021be Administrative, Universitatea \u201e\u0218tefan cel Mare\u201d din Suceava, Pre\u0219edintele Cur\u021bii de Arbitraj Comercial de pe l\u00e2ng\u0103 Camera de Comer\u021b \u0219i Industrie Ia\u0219i.<ul><li><em>Transferul p\u0103r\u021bilor sociale dob\u00e2ndite \u00een timpul c\u0103s\u0103toriei: so\u021bul asociat vs. so\u021bul neasociat.<\/em><\/li><\/ul><\/li><li>Conf.univ.dr.&nbsp;<strong><a rel=\"noreferrer noopener\" href=\"https:\/\/profesionisti.juridice.ro\/ciprian-paun\" target=\"_blank\">Ciprian P\u0103un<\/a><\/strong>, Facultatea de Economie \u0219i Gestiunea Afacerilor, Universitatea Babe\u0219-Bolyai, Cluj-Napoca.<ul><li><em>Personalitatea juridic\u0103 a societ\u0103\u021bilor \u2013 \u00eentre fic\u021biune juridic\u0103 \u0219i suprapuneri conceptuale.<\/em><\/li><\/ul><\/li><li>Dr.&nbsp;<strong><a rel=\"noreferrer noopener\" href=\"https:\/\/profesionisti.juridice.ro\/sebastian-bodu\" target=\"_blank\">Sebastian Bodu<\/a><\/strong>, MBA, formator Institutul Notarial Rom\u00e2n, arbitru Curtea de Arbitraj Comercial Interna\u021bional de pe l\u00e2ng\u0103 Camera de Comer\u021b \u0219i Industrie a Rom\u00e2niei.<ul><li><em>Guvernan\u021ba corporativ\u0103 \u0219i managementul riscului \u00een institu\u021biile de credit.<\/em><\/li><\/ul><\/li><\/ul>\n\n\n\n<p><em>Pauz\u0103 de pr\u00e2nz \u2013 Sala Pa\u0219ilor Pierdu\u021bi<\/em>&nbsp;<em>(13.15-14.15)<\/em><\/p>\n\n\n\n<p><em><strong>Panelul 3.&nbsp;<\/strong><\/em><strong>Dinamica obliga\u021biilor: de la focul r\u0103zboiului, la tirul digitaliz\u0103rii \u0219i al tehnologiilor emergente \u0219i disruptive<\/strong>&nbsp;<em>(14.15-16.30)<\/em><\/p>\n\n\n\n<ul class=\"wp-block-list\"><li><em>Moderator: Prof.univ.dr.&nbsp;<strong><a rel=\"noreferrer noopener\" href=\"https:\/\/profesionisti.juridice.ro\/radu-bufan\" target=\"_blank\">Radu Bufan<\/a><\/strong>, Facultatea de Drept, Universitatea de Vest, Timi\u0219oara.<\/em><\/li><\/ul>\n\n\n\n<ul class=\"wp-block-list\"><li>Prof.univ.dr.&nbsp;<strong><a rel=\"noreferrer noopener\" href=\"https:\/\/profesionisti.juridice.ro\/radu-bufan\" target=\"_blank\">Radu Bufan<\/a><\/strong>, Facultatea de Drept, Universitatea de Vest, Timi\u0219oara \u0219i dr.&nbsp;<a rel=\"noreferrer noopener\" href=\"https:\/\/profesionisti.juridice.ro\/natalia-svidchi\" target=\"_blank\"><strong>Natalia \u0218vidchi<\/strong><\/a>, avocat Baroul Timi\u0219.<ul><li><em>Despre puterea fiscului de imixtiune \u00een interpretarea clauzelor contractuale.<\/em><\/li><\/ul><\/li><li><strong><a rel=\"noreferrer noopener\" href=\"https:\/\/profesionisti.juridice.ro\/bogdan-dumitrache\" target=\"_blank\">Bogdan Dumitrache<\/a><\/strong>, Executor judec\u0103toresc.<ul><li><em>Unele aspecte privind (in)eficacitatea declara\u021biei de denun\u021bare unilateral\u0103 a contractului.<\/em><\/li><\/ul><\/li><li>Dr.&nbsp;<strong><a rel=\"noreferrer noopener\" href=\"https:\/\/profesionisti.juridice.ro\/dumitru-dobrev\" target=\"_blank\">Dumitru Dobrev<\/a><\/strong>, cercet\u0103tor Institutul de Cercet\u0103ri Juridice \u201eAcad. Andrei R\u0103dulescu\u201d al Academiei Rom\u00e2ne.<ul><li><em>Analiz\u0103 a eficien\u021bei prevederilor din NCC privind ac\u021biunea revocatorie din NCC \u00een litigiile cu profesioni\u0219ti \u0219i ac\u021biunea colectiv\u0103 din Codul insolven\u021bei.<\/em><\/li><\/ul><\/li><li>Dr.&nbsp;<strong><a rel=\"noreferrer noopener\" href=\"https:\/\/profesionisti.juridice.ro\/mihaela-mocanu\" target=\"_blank\">Mihaela Mocanu<\/a><\/strong>, Redactor-\u0219ef \u201eRevista Rom\u00e2n\u0103 de Drept al Afacerilor\u201d.<ul><li><em>V\u00e2nzarea de art\u0103 de patrimoniu: registrul numerotat \u0219i \u0219tampilat \u0219i licita\u021biile online. Toate-s vechi \u0219i nou\u0103, toate<\/em>.<\/li><\/ul><\/li><li>Conf.univ.dr.&nbsp;<strong><a rel=\"noreferrer noopener\" href=\"https:\/\/profesionisti.juridice.ro\/razvan-viorescu\" target=\"_blank\">R\u0103zvan Viorescu<\/a><\/strong>, Facultatea de Drept \u0219i \u0218tiin\u021be Administrative, Universitatea \u201e\u0218tefan cel Mare\u201d din Suceava, avocat Baroul Suceava.<ul><li><em>Aspecte practice privind \u00eencheierea contractelor de asisten\u021b\u0103 juridic\u0103 de la distan\u021b\u0103 (\u00een format digital).<\/em><\/li><\/ul><\/li><li><strong><a rel=\"noreferrer noopener\" href=\"https:\/\/profesionisti.juridice.ro\/gabriel-ungureanu\" target=\"_blank\">Gabriel Ungureanu<\/a><\/strong>, Director Executiv Wolters Kluwer Romania.<ul><li><em>Carnetul de conducere A.I.<\/em><\/li><\/ul><\/li><\/ul>\n\n\n\n<p><em>Pauz\u0103 de cafea<\/em>&nbsp;<em>(16.30-17.00)<\/em><\/p>\n\n\n\n<p><strong><em>Panelul 4. &nbsp;<\/em>Arbitrajul \u2013 un pas spre \u201ebinele comun\u201d al mediului de afaceri \u0219i al societ\u0103\u021bii<\/strong>&nbsp;<em>(17.00-18.30)<\/em><\/p>\n\n\n\n<ul class=\"wp-block-list\"><li><em>Moderator: Prof.univ.dr.&nbsp;<strong><a href=\"https:\/\/profesionisti.juridice.ro\/mihai-sandru\" target=\"_blank\" rel=\"noreferrer noopener\">Mihai \u0218andru<\/a><\/strong>, Institutul de Cercet\u0103ri Juridice al Academiei Rom\u00e2ne.<\/em><\/li><\/ul>\n\n\n\n<ul class=\"wp-block-list\"><li>Prof.univ.dr.&nbsp;<strong><a rel=\"noreferrer noopener\" href=\"https:\/\/www.unitbv.ro\/contact\/comunitatea-unitbv\/2960-schiau-ioan.html\" target=\"_blank\">Ioan Schiau<\/a><\/strong>, Facultatea de Drept, Universitatea Bra\u0219ov, arbitru Curtea de Arbitraj Comercial Interna\u021bional de pe l\u00e2ng\u0103 Camera de Comer\u021b \u0219i Industrie a Rom\u00e2niei.<ul><li><em>Cum g\u00e2ndim \u00een arbitraj? De ce arbitrii nu sunt judec\u0103tori?<\/em><\/li><\/ul><\/li><li>Prof.univ.dr.&nbsp;<strong><a rel=\"noreferrer noopener\" href=\"https:\/\/profesionisti.juridice.ro\/mihai-sandru\" target=\"_blank\">Mihai \u0218andru<\/a><\/strong>, Institutul de Cercet\u0103ri Juridice \u201eAcad. Andrei R\u0103dulescu\u201d al Academiei Rom\u00e2ne, arbitru Curtea de Arbitraj Comercial Interna\u021bional de pe l\u00e2ng\u0103 Camera de Comer\u021b \u0219i Industrie a Rom\u00e2niei.<ul><li><em>Utilizarea cookies de c\u0103tre site-urile web ale instan\u021belor arbitrale<\/em>.<\/li><\/ul><\/li><li>Prof.univ.dr.&nbsp;<strong><a href=\"https:\/\/profesionisti.juridice.ro\/aurora-ciuca\">Aurora Ciuc\u0103<\/a><\/strong>, Facultatea de Drept \u0219i \u0218tiin\u021be Administrative, Universitatea \u201e\u0218tefan cel Mare\u201d din Suceava.<ul><li><em>Pagini din istoria arbitrajului interna\u021bional.<\/em><\/li><\/ul><\/li><li>Lect.univ.dr.&nbsp;<strong><a rel=\"noreferrer noopener\" href=\"https:\/\/profesionisti.juridice.ro\/elena-alina-oprea\" target=\"_blank\">Alina Oprea<\/a><\/strong>, Facultatea de Drept, Universitatea Babe\u0219-Bolyai, Cluj-Napoca.<ul><li><em>Conven\u021bia de arbitraj \u00eencorporat\u0103 prin referire la un document extern.<\/em><\/li><\/ul><\/li><li>Dr.&nbsp;<strong><a rel=\"noreferrer noopener\" href=\"https:\/\/profesionisti.juridice.ro\/andrei-savescu\" target=\"_blank\">Andrei S\u0103vescu<\/a><\/strong>, Director Juridice.ro, arbitru Curtea de Arbitraj Comercial Interna\u021bional de pe l\u00e2ng\u0103 Camera de Comer\u021b \u0219i Industrie a Rom\u00e2niei.<ul><li><em>Vulnerabilit\u0103\u021bile arbitrajului din perspectiva datelor cu caracter personal.<\/em><\/li><\/ul><\/li><\/ul>\n\n\n\n<p>.<\/p>\n\n\n\n<p><strong>S\u00e2mb\u0103t\u0103, 20 mai 2023<\/strong><\/p>\n\n\n\n<p><em>Primirea participan\u021bilor<\/em>&nbsp;<em>(9.00-9.30)<\/em><\/p>\n\n\n\n<p><em><strong>Panelul 5.<\/strong>&nbsp;<\/em><strong>(Pre) Insolven\u021ba \u2013 t\u0103r\u00e2mul&nbsp;f\u0103r\u0103 de sf\u00e2r\u0219it al schimb\u0103rilor<\/strong>&nbsp;<em>(9.30-12.00)<\/em><\/p>\n\n\n\n<ul class=\"wp-block-list\"><li><em>Moderator:&nbsp; Lect.univ.dr.&nbsp;<strong><a rel=\"noreferrer noopener\" href=\"https:\/\/profesionisti.juridice.ro\/sergiu-golub\" target=\"_blank\">Sergiu Golub<\/a><\/strong>,&nbsp;Facultatea de Drept, Universitatea Babe\u0219-Bolyai, Cluj-Napoca.<\/em><\/li><\/ul>\n\n\n\n<ul class=\"wp-block-list\"><li>Prof.univ.dr.&nbsp;<strong><a rel=\"noreferrer noopener\" href=\"https:\/\/profesionisti.juridice.ro\/gheorghe-piperea\" target=\"_blank\">Gheorghe Piperea<\/a><\/strong>, Facultatea de Drept, Universitatea Bucure\u0219ti, arbitru Curtea de Arbitraj Comercial Interna\u021bional de pe l\u00e2ng\u0103 Camera de Comer\u021b \u0219i Industrie a Rom\u00e2niei.<ul><li><em>Insolven\u021ba, ca Pat al lui Procust \u0219i Panopticum judiciar.<\/em><\/li><\/ul><\/li><li>Jud. Alina Prelipcean, Vicepre\u0219edinte al Cur\u021bii de Apel Ia\u0219i.<ul><li><em>De la insolvabilitate la insolven\u021b\u0103 \u2013 atragerea r\u0103spunderii solidare potrivit art. 25 alin. 2 indice 1 din Codul de procedur\u0103 fiscal\u0103.<\/em><\/li><\/ul><\/li><li>Conf.univ. dr.&nbsp;<strong><a rel=\"noreferrer noopener\" href=\"https:\/\/profesionisti.juridice.ro\/vasile-nemes\" target=\"_blank\">Vasile Neme\u0219<\/a><\/strong>, Facultatea de Drept, Universitatea \u201eNicolae Titulescu\u201d Bucure\u0219ti, arbitru Curtea de Arbitraj Comercial Interna\u021bional de pe l\u00e2ng\u0103 Camera de Comer\u021b \u0219i Industrie a Rom\u00e2niei \u0219i lect.univ.dr.&nbsp;<a rel=\"noreferrer noopener\" href=\"https:\/\/www.hamangiu.ro\/gabriela-fierbinteanu\" target=\"_blank\"><strong>Gabriela Fierbin\u021beanu<\/strong><\/a>, Facultatea de Drept, Universitatea Nicolae Titulescu.<ul><li><em>Procedura pre-pack \u2013 o \u0219ans\u0103 acordat\u0103 debitorului?<\/em><\/li><\/ul><\/li><li>Conf.univ.dr.&nbsp;<strong><a rel=\"noreferrer noopener\" href=\"https:\/\/profesionisti.juridice.ro\/raul-felix-hodos\" target=\"_blank\">Raul-Felix Hodo\u0219<\/a><\/strong>, Facultatea de Drept \u0219i \u0218tiin\u021be Sociale, Universitatea \u201e1 Decembrie\u201d din Alba Iulia, Pre\u0219edintele Cur\u021bii de Arbitraj Comercial de pe l\u00e2ng\u0103 Camera de Comer\u021b \u0219i Industrie Mure\u0219.<ul><li><em>Cum mai salv\u0103m \u00eentreprinderile \u00een dificultate? Mituri \u0219i practici \u00een modalit\u0103\u021bile redres\u0103rii.<\/em><\/li><\/ul><\/li><li>Lect.univ.dr.&nbsp;<strong><a rel=\"noreferrer noopener\" href=\"https:\/\/profesionisti.juridice.ro\/sergiu-golub\" target=\"_blank\">Sergiu Golub<\/a><\/strong>, Prodecan, Facultatea de Drept, Universitatea Babe\u0219-Bolyai, arbitru Curtea de Arbitraj Comercial de pe l\u00e2ng\u0103 Camera de Comer\u021b \u0219i Industrie Cluj.<ul><li><em>\u201eInov\u0103ri\u201d \u00een procedurile de prevenire a insolven\u021bei \u0219i de insolven\u021b\u0103 sau&nbsp;nihil sub sole novum?!?<\/em><\/li><\/ul><\/li><li>Dr.&nbsp;<strong><a rel=\"noreferrer noopener\" href=\"https:\/\/profesionisti.juridice.ro\/dragos-calin\" target=\"_blank\">Drago\u0219 C\u0103lin<\/a><\/strong>, Director departament juridic Transilvania Investments Alliance, arbitru Curtea de Arbitraj Comercial Interna\u021bional de pe l\u00e2ng\u0103 Camera de Comer\u021b \u0219i Industrie a Rom\u00e2niei.<ul><li><em>Reorganizarea societ\u0103\u021bii \u2013 o solu\u021bie?<\/em><\/li><\/ul><\/li><\/ul>\n\n\n\n<p><em>Concluziile conferin\u021bei<\/em>.<\/p>\n\n\n\n<p><div><br><\/div><\/p>\n","protected":false},"excerpt":{"rendered":"","protected":false},"author":1,"featured_media":0,"comment_status":"closed","ping_status":"open","sticky":false,"template":"","format":"standard","meta":{"footnotes":""},"categories":[48],"tags":[],"class_list":["post-3897","post","type-post","status-publish","format-standard","hentry","category-evenimente"],"_links":{"self":[{"href":"http:\/\/www.ardae.ro\/index.php?rest_route=\/wp\/v2\/posts\/3897"}],"collection":[{"href":"http:\/\/www.ardae.ro\/index.php?rest_route=\/wp\/v2\/posts"}],"about":[{"href":"http:\/\/www.ardae.ro\/index.php?rest_route=\/wp\/v2\/types\/post"}],"author":[{"embeddable":true,"href":"http:\/\/www.ardae.ro\/index.php?rest_route=\/wp\/v2\/users\/1"}],"replies":[{"embeddable":true,"href":"http:\/\/www.ardae.ro\/index.php?rest_route=%2Fwp%2Fv2%2Fcomments&post=3897"}],"version-history":[{"count":1,"href":"http:\/\/www.ardae.ro\/index.php?rest_route=\/wp\/v2\/posts\/3897\/revisions"}],"predecessor-version":[{"id":3898,"href":"http:\/\/www.ardae.ro\/index.php?rest_route=\/wp\/v2\/posts\/3897\/revisions\/3898"}],"wp:attachment":[{"href":"http:\/\/www.ardae.ro\/index.php?rest_route=%2Fwp%2Fv2%2Fmedia&parent=3897"}],"wp:term":[{"taxonomy":"category","embeddable":true,"href":"http:\/\/www.ardae.ro\/index.php?rest_route=%2Fwp%2Fv2%2Fcategories&post=3897"},{"taxonomy":"post_tag","embeddable":true,"href":"http:\/\/www.ardae.ro\/index.php?rest_route=%2Fwp%2Fv2%2Ftags&post=3897"}],"curies":[{"name":"wp","href":"https:\/\/api.w.org\/{rel}","templated":true}]}}