{"id":3828,"date":"2018-09-29T14:51:16","date_gmt":"2018-09-29T14:51:16","guid":{"rendered":"http:\/\/www.ardae.ro\/?p=3828"},"modified":"2020-09-29T14:52:31","modified_gmt":"2020-09-29T14:52:31","slug":"universitatea-danubius-conferinta-nationala-comunitati-virtuale-in-epoca-regulamentului-general-privind-protectia-datelor-editia-a-ii-a-13-noiembrie-2018","status":"publish","type":"post","link":"http:\/\/www.ardae.ro\/?p=3828","title":{"rendered":"Universitatea Danubius: Conferinta nationala Comunitati virtuale in epoca Regulamentului General privind Protectia Datelor, Editia a II-a, 13 noiembrie 2018"},"content":{"rendered":"\n<!--more-->\n\n\n\n<p><div><br><\/div><\/p>\n\n\n\n<!--more-->\n\n\n\n<p><a href=\"http:\/\/www.univ-danubius.ro\/\" target=\"_blank\" rel=\"noreferrer noopener\">Universitatea Danubius<\/a><\/p>\n\n\n\n<p><a href=\"http:\/\/www.csde.ro\/\" target=\"_blank\" rel=\"noreferrer noopener\">Institutul de Cercet\u0103ri Juridice din cadrul Academiei Rom\u00e2ne \u2013 Centrul de Studii de Drept European (CSDE)<\/a><\/p>\n\n\n\n<p><a href=\"http:\/\/www.ardae.ro\/\" target=\"_blank\" rel=\"noreferrer noopener\">ARDAE \u2013 Asociatia romana de drept si afaceri europene<\/a><\/p>\n\n\n\n<p>organizeaz\u0103<\/p>\n\n\n\n<p><strong>Conferin\u021ba na\u021bional\u0103<\/strong><\/p>\n\n\n\n<p><strong>Comunitati virtuale in epoca Regulamentului General privind Protectia Datelor (CVGDPR)<\/strong><\/p>\n\n\n\n<p><strong>Editia a II-a, 2018:&nbsp;<\/strong>&nbsp;\u201d<strong>Drepturile persoanei vizate\u201d<\/strong><\/p>\n\n\n\n<p>13 noiembrie 2018, ora 12, Sala Senatului, Universitatea Danubius, Gala\u0163i<\/p>\n\n\n\n<p>Cetateanul european, sau persoana vizata in limbajul Regulamentului General privind Protectia Datelor (GDPR), este in centrul atentiei reglementarilor europene si nationale. O noua arhitectura institutionala, conceptuala si noi mecanisme juridice au fost introduse si sunt utilizate. Interesul pentru protectia datelor este dat atat de restrangerea activitatii in comunitatile virtuale, una dintre cele mai mari retele de socializare avand o scadere a numarului de utilizatori dupa intrarea in&nbsp; vigoare a GDPR, mai multe plageri si sesizari, precum si actiuni in instanta.<\/p>\n\n\n\n<p>Terenul drepturilor subiective ale persoanelor vizate va constitui obiectul unei monografii minutioase din partea autorilor, atat din perspectiva drepturilor acestora &#8211; cum ar fi, dreptul la stergere, dreptul la opozitie, portabilitatea datelor, dreptul la informare, &#8211; dar si prin corelare cu drepturile si obligatiile celorlalti actori implicati &#8211; respoonsabilul cu protectia datelor, operatorul sau imputernicitul.<\/p>\n\n\n\n<p>Conferinta reuneste cadre didactice \u0219i profesionisti de la Academia Rom\u00e2n\u0103 \u0219i centre universitare din \u021bar\u0103 &#8211;&nbsp;Universitatea de Medicin\u0103, Farmacie, \u0218tiin\u021be \u0219i Tehnologie din T\u00e2rgu Mure\u0219,&nbsp;Universitatea Transilvania din Bra\u0219ov precum \u0219i de la Universitat\u0103\u021bile Danubius \u0219i Dun\u0103rea de Jos din Gala\u021bi.<\/p>\n\n\n\n<h1 class=\"wp-block-heading\"><a href=\"http:\/\/iaduer.ro\/?p=5615\">link to dataprotection<\/a><\/h1>\n\n\n\n<p><strong>AGENDA<\/strong><\/p>\n\n\n\n<p>11.30-12.00 Inscrierea participantilor<\/p>\n\n\n\n<p>12.00-12.30 Deschiderea conferintei<\/p>\n\n\n\n<p>Keynote speakers:<\/p>\n\n\n\n<p><a href=\"http:\/\/www.univ-danubius.ro\/resurse-structura-udg\/rector.html\" target=\"_blank\" rel=\"noreferrer noopener\">Andy PU\u015eC\u0102<\/a>, Cuv\u00e2nt introductiv<\/p>\n\n\n\n<p><strong>Alina IONESCU DUMITRACHE<\/strong>,&nbsp;&nbsp;<em>Infrac\u0163iuni de fals prin intermediul sistemelor informatice. Studii de caz privind comunitatile virtuale<\/em><\/p>\n\n\n\n<p><strong>Irina ALEXE<\/strong>,&nbsp;<em>Rolul DPO \u00een respectarea drepturilor persoanei vizate<\/em><\/p>\n\n\n\n<p><strong>Daniel-Mihail \u015eANDRU<\/strong>,&nbsp;<em>Dreptul de acces al persoanei vizate \u00een jurispruden\u0163a relevant\u0103<\/em><\/p>\n\n\n\n<p><a href=\"http:\/\/www.ardae.ro\/?p=860\" target=\"_blank\" rel=\"noreferrer noopener\"><strong>Raul Felix HODO\u015e<\/strong><\/a>,&nbsp;<em>Drepturile persoanei vizate \u0219i implica\u021biile GDPR\/RGPD asupra \u00eendeplinirii obliga\u021biilor fiscale ale operatorilor de date cu caracter personal<\/em><\/p>\n\n\n\n<p>12.30 \u2013 13.00 Lansare de carte:&nbsp;Irina ALEXE,&nbsp;<a href=\"http:\/\/www.mihaisandru.ro\/\" target=\"_blank\" rel=\"noreferrer noopener\">Daniel-Mihail \u015eANDRU<\/a>&nbsp;(editori),&nbsp;Legisla\u0163ia privind protec\u0163ia datelor \u00een Rom\u00e2nia,&nbsp;<a href=\"https:\/\/editurarosetti.ro\/?operatie=colectie&amp;colectie_id=28\" target=\"_blank\" rel=\"noreferrer noopener\">Editura Rosetti International, 2018<\/a><\/p>\n\n\n\n<p><strong>13.00 \u2013 14.00 Sesiunea I. Regulamentul general privind protectia datelor. Drepturile persoanei vizate<\/strong><\/p>\n\n\n\n<p>Moderatori:&nbsp;<a href=\"http:\/\/www.univ-danubius.ro\/resurse-structura-udg\/rector.html\" target=\"_blank\" rel=\"noreferrer noopener\">Conf. univ. dr. Andy Pu\u0219c\u0103;&nbsp;<\/a><a href=\"https:\/\/eubusinesslaw.wordpress.com\/2018\/05\/23\/irina-alexe-lucrari-stiintifice-in-materia-protectiei-datelor-personale\/\" target=\"_blank\" rel=\"noreferrer noopener\">Dr. Irina Alexe<\/a><\/p>\n\n\n\n<p><strong>Alexandru GEORGESCU<\/strong>, Repere<em>&nbsp;jurisprudentiale in recunoasterea si aplicarea dreptului la stergere a datelor<\/em><\/p>\n\n\n\n<p><strong>Bogdan PANAIT,&nbsp;<\/strong><em>\u201cDataficarea\u201d \u015fi noi&nbsp; riscuri pentru via\u0163a privat\u0103<\/em><\/p>\n\n\n\n<p><strong>Elisabeta SLABU<\/strong>,&nbsp;<em>Protectia datelor cu caracter personal ale minorilor, potrivit prevederilor GDPR<\/em><\/p>\n\n\n\n<p><strong>Carina Patricia CSISZAR<\/strong>,&nbsp;<em>Divulgarea de date medicale \u0219i exercitarea dreptului la liber\u0103 exprimare. Urzeala puterilor- RGPD atac\u0103&nbsp;[skype]<\/em><\/p>\n\n\n\n<p><strong>Hilda \u015eUM\u0102LAN, Laurentiu BUCUR, Nicolae-Drago\u015f PLOE\u015eTEANU<\/strong>,&nbsp;<em>Protec\u021bia datelor \u0219i accesul la informa\u021bii de interes public exercitat \u00een administra\u021bia public\u0103 de c\u0103tre jurnali\u0219ti&nbsp;[skype]<\/em><\/p>\n\n\n\n<p>14.00 \u2013 14.15 Pauza<\/p>\n\n\n\n<p><strong>14. 15 \u2013 15.00 Sesiunea II. Comunitati virtuale si GDPR<\/strong><\/p>\n\n\n\n<p>Moderatori:&nbsp;Lector univ. dr. Alina Ionescu Dumitrache;&nbsp;<a href=\"http:\/\/www.mihaisandru.ro\/\" target=\"_blank\" rel=\"noreferrer noopener\">Prof. univ. dr. Daniel-Mihail \u0218andru<\/a><\/p>\n\n\n\n<p><strong>Andrei S\u0102VESCU,&nbsp;<\/strong><em>Despre grupurile de discu\u021bii online&nbsp;<\/em>[skype]<\/p>\n\n\n\n<p><strong>Mirela DRAGOMIR<\/strong>,&nbsp;<em>Principiile Regulamentului 2016\/679 privind monitorizarea salaria\u021bilor<\/em><\/p>\n\n\n\n<p><strong>Daniela CIREA\u015e\u0102<\/strong>,&nbsp;<em>Desemnarea DPO pe baza unui contract de servicii&nbsp;<\/em><\/p>\n\n\n\n<p><strong>Adriana Maria \u015eANDRU<em>,<\/em><\/strong><em>Inov\u0103ri \u015fi reevalu\u0103ri \u00een privin\u0163a drepturilor persoanei vizate \u00een Regulamentul 2016\/679<\/em><\/p>\n\n\n\n<p><strong>Drago\u0219 Marian R\u0102DULESCU<\/strong>,&nbsp;<em>Portabilitatea datelor personale \u00een turism potrivit GDPR<\/em><\/p>\n\n\n\n<p><strong>Silviu-Dorin \u015eCHIOPU<em>,&nbsp;<\/em><\/strong><em>Considera\u021bii asupra rectific\u0103rii \u0219i restric\u021bion\u0103rii prelucr\u0103rii datelor cu caracter personal<\/em>[Considerations on the rectification and restriction of personal data processing]<\/p>\n\n\n\n<p><strong>15.00-15.45 Concluzii \u0219i dezbateri<\/strong><\/p>\n\n\n\n<p>Lucrarea \u00een limba rom\u00e2n\u0103 se va publica \u00een volumul \u00een curs de apari\u021bie \u201dDrepturile persoanelor vizate\u201d sau \u00eentr-o revista BDI. Lucr\u0103rile trebuie s\u0103 se \u00eencadreze \u00een limita a 10-20 pagini, iar rezumatul nu va dep\u0103\u0219i 300 de cuvinte. Lucr\u0103rile vor fi redactate \u00een word, cu caractere de 12, la un r\u00e2nd, font Times New Roman; dimensiunile paginii: 17,5 cm. l\u0103\u0163ime \u015fi 25 cm. \u00een\u0103l\u0163ime; marginile paginii \u2013 sus, jos, st\u00e2nga, dreapta \u2013 2 cm.&nbsp; Nu sunt cerin\u021be specifice de citare, ins\u0103 vor fi incluse note de subol nu la sfarsitul textului. Lucr\u0103rile vor fi transmise la adresa oficial\u0103 a conferin\u021bei:&nbsp;<a href=\"mailto:ardae2007@gmail.com\">ardae2007@gmail.com<\/a>&nbsp;Participan\u021bilor li se va elibera un certificat de participare la conferin\u021b\u0103.<\/p>\n\n\n\n<p>Organizatorii v\u0103 mul\u0163umesc pentru retransmiterea acestei invita\u0163ii c\u0103tre toate persoanele interesate. Nu se percepe tax\u0103 de participare. Locurile sunt limitate, \u00eenscrierea participan\u0163ilor realiz\u00e2ndu-se \u00een ordinea cronologic\u0103 a confirmarilor, prin e-mail (<a href=\"mailto:ardae2007@gmail.com\">ardae2007@gmail.com<\/a>) p\u00e2n\u0103 la data de 12 noembrie 2018.<\/p>\n\n\n\n<p><strong>Comitetul \u0219tiin\u021bific:<\/strong><\/p>\n\n\n\n<p><strong>Prof. univ. dr. Daniel-Mihail \u015eandru<\/strong>&nbsp;&#8211;&nbsp; Academia Rom\u00e2n\u0103<\/p>\n\n\n\n<p><strong>Dr. Andra Cotiga Raccah&nbsp;<\/strong>\u2013 Lille Catholic University;<\/p>\n\n\n\n<p><strong>Prof. univ. dr. Emilian M. Dobrescu<\/strong>&nbsp;&#8211; Academia Rom\u00e2n\u0103<\/p>\n\n\n\n<p><strong>Dr. Andrea Borroni&nbsp;<\/strong>\u2013 University of Campania \u201eLuigi Vanviltellly\u201d;<\/p>\n\n\n\n<p><strong>Dr. Giovanna Carugno<\/strong>&nbsp;\u2013 Foro Italico University;<\/p>\n\n\n\n<p><strong>Dr. Liviu Dam\u015fa<\/strong>&nbsp;\u2013 Birmingham City University;<\/p>\n\n\n\n<p><strong>Dr. Luis Guti\u00e9rrez Sanju\u00e1n&nbsp;<\/strong>\u2013 University of Las Palmas de Gran Canaria;<\/p>\n\n\n\n<p><strong>Dr. Giuseppe Martinico<\/strong>&nbsp;\u2013 Sant\u2019Anna School of Advanced Studies;<\/p>\n\n\n\n<p><strong>Dr. Neliana Rodean<\/strong>&nbsp;\u2013 University of Verona;<\/p>\n\n\n\n<p><strong>Dr. Przemyslaw Saganek<\/strong>&nbsp;\u2013 Institute of Law Studies, Polish Academy of Sciences;<\/p>\n\n\n\n<p><strong>Dr. Oana Stefan<\/strong>&nbsp;\u2013 King\u2019s College London.<\/p>\n\n\n\n<p><strong>Comitet organizatoric:<\/strong><\/p>\n\n\n\n<p><strong>Dr. Irina Alexe<\/strong>&nbsp;&#8211; Academia Rom\u00e2n\u0103.<\/p>\n\n\n\n<p><strong>Lector univ. dr. Raul Felix Hodo\u0219<\/strong>&nbsp;&#8211; UMFST, Targu-Mures;<\/p>\n\n\n\n<p><strong>Lector univ. dr. Alina Ionescu Dumitrache<\/strong>&nbsp;&#8211;&nbsp;Universitatea Danubius, Gala\u021bi.<\/p>\n\n\n\n<p><strong>Conf. univ. dr. Florian Nuta<\/strong>&nbsp;&#8211; Universitatea Danubius, Gala\u021bi.<\/p>\n\n\n\n<p><strong>Conf. univ. dr. Nicolae Ploesteanu<\/strong>&nbsp;&#8211; UMFST, Targu-Mures;<\/p>\n\n\n\n<p><strong>Conf. univ. dr. Monica Pocora<\/strong>&nbsp;&#8211; Universitatea Danubius, Gala\u021bi.<\/p>\n\n\n\n<p><strong>Conf. univ. dr. Andy Pusca<\/strong>&nbsp;&#8211; Universitatea Danubius, Gala\u021bi.<\/p>\n\n\n\n<p><strong>Conf. univ. dr. Angelica Rosu<\/strong>&nbsp;&#8211;&nbsp;Universitatea Danubius, Gala\u021bi.<\/p>\n\n\n\n<p><strong>Prof. univ. dr. Ion Rusu<\/strong>&nbsp;&#8211;&nbsp;Universitatea Danubius, Gala\u021bi.<\/p>\n\n\n\n<p><strong>Asist. univ. dr. Adriana Maria Sandru<\/strong> &#8211;&nbsp;Universitatea Danubius, Gala\u021bi<\/p>\n\n\n\n<p><strong>Alte informatii:<\/strong><\/p>\n\n\n\n<p>Inscrieri cu lucrari se fac pana la data de&nbsp; 30 octombrie 2018.&nbsp;Participarea este gratuita, fiind limitata de numarul locurilor.&nbsp;Se acord\u0103 certificat de participare.&nbsp;Articolele vor fi publicate in intr-un volum dedicat conferintei, \u201dDrepturile persoanei vizate\u201d, care va aparea la o editura recunoscuta sau in Revista Pandectele romane editata de Wolters Kluwer Romania.<\/p>\n\n\n\n<p><strong>Parteneri:<\/strong><\/p>\n\n\n\n<p><a href=\"https:\/\/legalitc.com\/\" target=\"_blank\" rel=\"noreferrer noopener\">LEGALITC \u2013 Asociatia internationala pentru drept, cultura si societate<\/a><\/p>\n\n\n\n<p><a href=\"https:\/\/cpd.upm.ro\/\" target=\"_blank\" rel=\"noreferrer noopener\">Centrul pentru protectia datelor (CDP) \u2013 Universitatea Petru Maior, T\u00eergu-Mure\u0219<\/a><\/p>\n\n\n\n<p><a href=\"https:\/\/www.facebook.com\/events\/1853567891427984\/?\" target=\"_blank\" rel=\"noreferrer noopener\">eveniment facebook<\/a><\/p>\n\n\n\n<p>Mai multe informatii: ardae20007@gmail.com<\/p>\n\n\n\n<p><a href=\"https:\/\/eubusinesslaw.wordpress.com\/2017\/11\/10\/universitatea-danubius-comunitati-virtuale-in-epoca-regulamentului-general-privind-protectia-datelor-23-noiembrie\/\" target=\"_blank\" rel=\"noreferrer noopener\">Mai multe despre prima editie. Lucr\u0103rile primei editii a conferintei au format \u201dDosarul\u201d unei Reviste PANDECTELE ROM\u00c2NE<\/a><\/p>\n\n\n\n<p><strong>PANDECTELE ROMANE, nr. 1\/2018<\/strong><\/p>\n\n\n\n<p>DOSAR &#8211; Protec\u021bia datelor \u0219i comunit\u0103\u021bile virtuale<br>17 Daniel-Mihail \u0218ANDRU<br>Imposibila coexisten\u021b\u0103 \u00eentre protec\u021bia datelor \u0219i comunit\u0103\u021bile virtuale?&nbsp;Ce urmeaz\u0103?<br>26 Adriana-Maria \u0218ANDRU<br>Privire critic\u0103 asupra jurispruden\u021bei Cur\u021bii de Justi\u021bie a UE referitoare la&nbsp;interpretarea art. 8 privind protec\u021bia datelor cu caracter personal din Carta&nbsp;drepturilor fundamentale a&nbsp; Uniunii Europene (CDFUE)<br>34 Irina ALEXE<br>Principalele nout\u0103\u021bi privind responsabilul cu protec\u021bia datelor, incluse \u00een GDPR<br>46 Arina DRAGODAN<br>Cooperarea administrativ\u0103 \u00een domeniul fiscal \u00eentre statele membre ale&nbsp;Uniunii Europene prin schimb automat obligatoriu de informa\u021bii \u0219i protec\u021bia&nbsp;datelor cu caracter personal<br>61 Silviu-Dorin \u015eCHIOPU<br>Aplicarea teritorial\u0103 a dreptului la uitare digital\u0103 (dreptul la \u00eenl\u0103turare) \u00een&nbsp;lumina cererii de decizie preliminar\u0103 introdus\u0103 de Conseil d\u2019\u00c9tat (Fran\u021ba) la&nbsp;21 august 2017 \u2013 Google Inc.\/CNIL [Cauza C-507\/17]<br>73 Cristian SOMO\u0218AN<br>Protec\u021bia specific\u0103 a copiilor \u00een Regulamentul General privind Protec\u021bia&nbsp;Datelor (RGDP\/GDPR)<br>81 Elisabeta SLABU<br>Rolul Autorit\u0103\u021bii Na\u021bionale de Supraveghere a Prelucr\u0103rii Datelor cu Caracter&nbsp;Personal \u00een asigurarea respect\u0103rii dreptului la via\u021b\u0103 intim\u0103, familial\u0103 \u0219i privat\u0103.&nbsp;Corelarea cu prevederile Capitolului VI din Regulamentul (UE) 2016\/679<\/p>\n\n\n\n<p><a href=\"https:\/\/eubusinesslaw.wordpress.com\/2018\/09\/28\/universitatea-danubius-conferinta-nationala-comunitati-virtuale-in-epoca-regulamentului-general-privind-protectia-datelor-editia-a-ii-a-6-noiembrie-2018\/\" target=\"_blank\" rel=\"noreferrer noopener\">Blog &#8211; Afaceri juridice europene<\/a><\/p>\n\n\n\n<p><strong>Regulamentul General privind Protec<\/strong><strong>\u021bia Datelor<\/strong><\/p>\n\n\n\n<p><strong>Capitolul III \u2013 Drepturile persoanei vizate<\/strong><\/p>\n\n\n\n<p><strong>Sec\u021biunea 1. Transparen\u021b\u0103 \u0219i modalit\u0103\u021bi<\/strong><\/p>\n\n\n\n<p><em>Articolul 12 &#8211;&nbsp;<\/em><strong>Transparen\u021ba informa\u021biilor, a comunic\u0103rilor \u0219i a modalit\u0103\u021bilor de exercitare a drepturilor persoanei vizate<\/strong><\/p>\n\n\n\n<p><strong>Sec\u021biunea 2. Informare \u0219i acces la date cu caracter personal<\/strong><\/p>\n\n\n\n<p><em>Articolul 13 &#8211;&nbsp;<\/em><strong>Informa\u021bii care se furnizeaz\u0103 \u00een cazul \u00een care datele cu caracter personal sunt colectate de la persoana vizat\u0103<\/strong><\/p>\n\n\n\n<p><em>Articolul 14 &#8211;&nbsp;<\/em><strong>Informa\u021bii care se furnizeaz\u0103 \u00een cazul \u00een care datele cu caracter personal nu au fost ob\u021binute de la persoana vizat\u0103<\/strong><\/p>\n\n\n\n<p><em>Articolul 15 &#8211;&nbsp;<\/em><strong>Dreptul de acces al persoanei vizate<\/strong><\/p>\n\n\n\n<p>&nbsp;<strong>Sec\u021biunea 3. Rectificare \u0219i \u0219tergere<\/strong><\/p>\n\n\n\n<p><em>Articolul 16 &#8211;&nbsp;<\/em><strong>Dreptul la rectificare<\/strong><\/p>\n\n\n\n<p><em>Articolul 17 &#8211;&nbsp;<\/em><strong>Dreptul la \u0219tergerea datelor (\u201edreptul de a fi uitat\u201d)<\/strong><\/p>\n\n\n\n<p><em>Articolul 18 &#8211;&nbsp;<\/em><strong>Dreptul la restric\u021bionarea prelucr\u0103rii<\/strong><\/p>\n\n\n\n<p><em>Articolul 19 &#8211;&nbsp;<\/em><strong>Obliga\u021bia de notificare privind rectificarea sau \u0219tergerea datelor cu caracter personal sau restric\u021bionarea prelucr\u0103rii<\/strong><\/p>\n\n\n\n<p><em>Articolul 20 &#8211;&nbsp;<\/em><strong>Dreptul la portabilitatea datelor<\/strong><\/p>\n\n\n\n<p><strong>Sec\u021biunea 4. Dreptul la opozi\u021bie \u0219i procesul decizional individual automatizat<\/strong><\/p>\n\n\n\n<p><em>Articolul 21 &#8211;&nbsp;<\/em><strong>Dreptul la opozi\u021bie<\/strong><\/p>\n\n\n\n<p><em>Articolul 22 &#8211;&nbsp;<\/em><strong>Procesul decizional individual automatizat, inclusiv crearea de profiluri<\/strong><\/p>\n\n\n\n<p><strong>Sec\u021biunea 5. Restric\u021bii<\/strong><\/p>\n\n\n\n<p><em>Articolul 23 &#8211;&nbsp;<\/em><strong>Restric\u021bii<\/strong><\/p>\n\n\n\n<p>CAPITOLUL VIII C\u0103i de atac, r\u0103spundere \u0219i sanc\u021biuni<\/p>\n\n\n\n<p>Articolul 77&nbsp;<strong>Dreptul de a depune o pl\u00e2ngere la o autoritate de supraveghere<\/strong><\/p>\n\n\n\n<p>Articolul 78&nbsp;<strong>Dreptul la o cale de atac judiciar\u0103 eficient\u0103 \u00eempotriva unei autorit\u0103\u021bi de supraveghere<\/strong><\/p>\n\n\n\n<p>Articolul 79&nbsp;<strong>Dreptul la o cale de atac judiciar\u0103 eficient\u0103 \u00eempotriva unui operator sau unei persoane \u00eemputernicite de operator<\/strong><\/p>\n\n\n\n<p>Articolul 82&nbsp;<strong>Dreptul la desp\u0103gubiri \u0219i r\u0103spunderea<\/strong><\/p>\n\n\n\n<p><a href=\"https:\/\/www.researchgate.net\/project\/GDPR-in-Romania\" target=\"_blank\" rel=\"noreferrer noopener\">researchgate<\/a><\/p>\n","protected":false},"excerpt":{"rendered":"","protected":false},"author":1,"featured_media":0,"comment_status":"closed","ping_status":"open","sticky":false,"template":"","format":"standard","meta":{"footnotes":""},"categories":[48],"tags":[],"class_list":["post-3828","post","type-post","status-publish","format-standard","hentry","category-evenimente"],"_links":{"self":[{"href":"http:\/\/www.ardae.ro\/index.php?rest_route=\/wp\/v2\/posts\/3828"}],"collection":[{"href":"http:\/\/www.ardae.ro\/index.php?rest_route=\/wp\/v2\/posts"}],"about":[{"href":"http:\/\/www.ardae.ro\/index.php?rest_route=\/wp\/v2\/types\/post"}],"author":[{"embeddable":true,"href":"http:\/\/www.ardae.ro\/index.php?rest_route=\/wp\/v2\/users\/1"}],"replies":[{"embeddable":true,"href":"http:\/\/www.ardae.ro\/index.php?rest_route=%2Fwp%2Fv2%2Fcomments&post=3828"}],"version-history":[{"count":1,"href":"http:\/\/www.ardae.ro\/index.php?rest_route=\/wp\/v2\/posts\/3828\/revisions"}],"predecessor-version":[{"id":3829,"href":"http:\/\/www.ardae.ro\/index.php?rest_route=\/wp\/v2\/posts\/3828\/revisions\/3829"}],"wp:attachment":[{"href":"http:\/\/www.ardae.ro\/index.php?rest_route=%2Fwp%2Fv2%2Fmedia&parent=3828"}],"wp:term":[{"taxonomy":"category","embeddable":true,"href":"http:\/\/www.ardae.ro\/index.php?rest_route=%2Fwp%2Fv2%2Fcategories&post=3828"},{"taxonomy":"post_tag","embeddable":true,"href":"http:\/\/www.ardae.ro\/index.php?rest_route=%2Fwp%2Fv2%2Ftags&post=3828"}],"curies":[{"name":"wp","href":"https:\/\/api.w.org\/{rel}","templated":true}]}}