{"id":3803,"date":"2020-06-26T17:23:26","date_gmt":"2020-06-26T17:23:26","guid":{"rendered":"http:\/\/www.ardae.ro\/?p=3803"},"modified":"2020-06-26T17:29:11","modified_gmt":"2020-06-26T17:29:11","slug":"ioana-cornelia-petruse","status":"publish","type":"post","link":"http:\/\/www.ardae.ro\/?p=3803","title":{"rendered":"Ioana-Cornelia Petruse"},"content":{"rendered":"\n<!--more-->\n\n\n\n<p>\n\nIoana-Cornelia Petruse\n\n<\/p>\n\n\n\n<p><strong>Profesie: Avocat stagiar, student\u0103 la programul de master European Union Law, Universitatea de Vest din Timi\u0219oara, Facultatea de Drept.<\/strong><\/p>\n\n\n\n<p><strong>Informa\u021bii\npersonale<\/strong><strong><br>\n<\/strong>locul na\u0219terii:\nRom\u00e2nia, Timi\u0219oara<br>\ndata na\u0219terii: 30 iulie 1996<\/p>\n\n\n\n<p><strong>Informa\u021bii\nde contact<\/strong><br>\n+40728045258<br>\n<a href=\"mailto:petruse.ioana@yahoo.com\">petruse.ioana@yahoo.com<\/a> <\/p>\n\n\n\n<p><strong>Educa\u021bie\n\u0219i formare<\/strong><strong><br>\n<\/strong>2019-prezent: Master\nEuropean Union Law, Universitatea de Vest din Timi\u0219oara, Facultatea de Drept<br>\n2015-2019: Licen\u021biat \u00een drept, Universitatea de Vest din Timi\u0219oara, Facultatea\nde Drept<br>\n2011-2015: Colegiul Na\u021bional B\u0103n\u0103\u021bean Timi\u0219oara<\/p>\n\n\n\n<p><strong>Experien\u021b\u0103\nrelevant\u0103<\/strong><strong><br>\n<\/strong>2020: Avocat stagiar la\nSCPA Marian, Popa \u0219i Asocia\u021bii<br>\n2019: Promovarea examenului de admitere \u00een Baroul Timi\u0219, sesiunea August 2019;<br>\n2018: Locul IV \u00een clasamentul general al echipelor pledante la concursul\nCentral and Eastern Europe Moot Court Competition, 20-22 aprilie, Wroc\u0142aw,\nPolonia;<br>\n2018: Calificarea \u00een semifinalele interna\u021bionale ale concursului Central and\nEastern Europe Moot Court Competition, 20-22 aprilie, Wroc\u0142aw, Polonia;<br>\n2017: Locul X \u00een clasamentul general al echipelor pledante, \u00een finala\ninterna\u021bional\u0103 a Telders International Law Moot Court Competition, 17-20 mai,\nHaga, Olanda;<br>\n2017: Calificare \u00een rundele interna\u021bionale Telders International Law Moot Court\nCompetition, 17 martie, Sibiu, Rom\u00e2nia;<br>\n2017, 2018: diplom\u0103 de merit acordat\u0103 de c\u0103tre Universitatea de Vest din\nTimi\u0219oara \u00een semn de apreciere pentru contribu\u021bia la promovarea \u0219colii de drept\ndin Timi\u0219oara, prin participarea \u0219i rezultatele ob\u021binute la concursurile\nstuden\u021be\u0219ti na\u021bionale \u0219i interna\u021bionale.<\/p>\n\n\n\n<p>Limbi cunoscute:\nrom\u00e2na (limba matern\u0103), engleza (C2), german\u0103 (B2), spaniol\u0103 (B1)<\/p>\n\n\n\n<p>Sunt\ninteresat\u0103 de Dreptul Uniunii Europene \u00eentruc\u00e2t am devenit familiarizat\u0103 cu\nacest domeniu prin prisma activit\u0103\u021bilor extra-curriculare \u00een care m-am implicat\n\u00een timpul facult\u0103\u021bii, precum participarea la concursuri de procese simulate de\nDrept European, \u0219i la \u0219coala de var\u0103 organizat\u0103 de Facultatea de Drept din\nUdine, Italia, 2018 (av\u00e2nd ca tematic\u0103 EU consumer law), \u0219coala de iarn\u0103\norganizat\u0103 de Facultatea de Drept din Wuerzburg, Germania, 2018 (av\u00e2nd ca\ntematica EU business law) \u0219i \u0219coala de var\u0103 organizat\u0103 de c\u0103tre Facultatea de\nDrept Bucure\u0219ti, 2017 (av\u00e2nd ca tema Recents developments in EU law). Toate\naceste activit\u0103\u021bi m-au \u00eendreptat spre alegerea ca specializare la master\nEuropean Union Law, program de master \u00een limba englez\u0103 desf\u0103\u0219urat la Facultatea\nde Drept din cadrul Universit\u0103\u021bii de Vest Timi\u0219oara.<\/p>\n\n\n\nMembru aderent ARDAE din 19 iunie 2020.\n\n\n\n<p>***<\/p>\n\n\n\n<p><a href=\"http:\/\/www.ardae.ro\/?p=436\" target=\"_blank\" rel=\"noreferrer noopener\"><strong>Lista membri aderenti ARDAE \u2013 Asociatia romana de drept si afaceri europene<\/strong><\/a><\/p>\n\n\n\n<p><a href=\"http:\/\/www.csde.ro\/?page_id=2038\" target=\"_blank\" rel=\"noreferrer noopener\">Dialog &amp; forum Drept si afaceri europene in Romania<\/a><\/p>\n\n\n\n<p><strong><a href=\"http:\/\/www.ardae.ro\/?p=47\" target=\"_blank\" rel=\"noreferrer noopener\">Dobandirea calitatii de membru aderent<\/a><\/strong><\/p>\n","protected":false},"excerpt":{"rendered":"","protected":false},"author":1,"featured_media":0,"comment_status":"closed","ping_status":"open","sticky":false,"template":"","format":"standard","meta":{"footnotes":""},"categories":[10],"tags":[],"class_list":["post-3803","post","type-post","status-publish","format-standard","hentry","category-membri-aderenti"],"_links":{"self":[{"href":"http:\/\/www.ardae.ro\/index.php?rest_route=\/wp\/v2\/posts\/3803"}],"collection":[{"href":"http:\/\/www.ardae.ro\/index.php?rest_route=\/wp\/v2\/posts"}],"about":[{"href":"http:\/\/www.ardae.ro\/index.php?rest_route=\/wp\/v2\/types\/post"}],"author":[{"embeddable":true,"href":"http:\/\/www.ardae.ro\/index.php?rest_route=\/wp\/v2\/users\/1"}],"replies":[{"embeddable":true,"href":"http:\/\/www.ardae.ro\/index.php?rest_route=%2Fwp%2Fv2%2Fcomments&post=3803"}],"version-history":[{"count":3,"href":"http:\/\/www.ardae.ro\/index.php?rest_route=\/wp\/v2\/posts\/3803\/revisions"}],"predecessor-version":[{"id":3808,"href":"http:\/\/www.ardae.ro\/index.php?rest_route=\/wp\/v2\/posts\/3803\/revisions\/3808"}],"wp:attachment":[{"href":"http:\/\/www.ardae.ro\/index.php?rest_route=%2Fwp%2Fv2%2Fmedia&parent=3803"}],"wp:term":[{"taxonomy":"category","embeddable":true,"href":"http:\/\/www.ardae.ro\/index.php?rest_route=%2Fwp%2Fv2%2Fcategories&post=3803"},{"taxonomy":"post_tag","embeddable":true,"href":"http:\/\/www.ardae.ro\/index.php?rest_route=%2Fwp%2Fv2%2Ftags&post=3803"}],"curies":[{"name":"wp","href":"https:\/\/api.w.org\/{rel}","templated":true}]}}