{"id":3757,"date":"2020-01-17T11:15:09","date_gmt":"2020-01-17T11:15:09","guid":{"rendered":"http:\/\/www.ardae.ro\/?p=3757"},"modified":"2022-05-19T19:01:06","modified_gmt":"2022-05-19T19:01:06","slug":"dr-irina-alexe-lista-lucrarilor-stiintifice-in-domeniul-gdpr-ianuarie-2020","status":"publish","type":"post","link":"http:\/\/www.ardae.ro\/?p=3757","title":{"rendered":"Dr. Irina Alexe, Lista lucr\u0103rilor \u0219tiin\u021bifice \u00een domeniul GDPR &#8211; ianuarie 2020"},"content":{"rendered":"\n<!--more-->\n\n\n\n<div class=\"wp-block-image\"><figure class=\"alignright is-resized\"><img loading=\"lazy\" decoding=\"async\" src=\"https:\/\/www.ardae.ro\/wp-content\/uploads\/Irina-Alexe.png\" alt=\"\" class=\"wp-image-3764\" width=\"125\" height=\"150\" srcset=\"http:\/\/www.ardae.ro\/wp-content\/uploads\/Irina-Alexe.png 780w, http:\/\/www.ardae.ro\/wp-content\/uploads\/Irina-Alexe-249x300.png 249w, http:\/\/www.ardae.ro\/wp-content\/uploads\/Irina-Alexe-768x926.png 768w\" sizes=\"(max-width: 125px) 100vw, 125px\" \/><figcaption>Irina Alexe<\/figcaption><\/figure><\/div>\n\n\n\n<p>\n\nIrina Alexe este cercet\u0103tor \u0219tiin\u021bific asociat la Institutul de Cercet\u0103ri Juridice \u201eAcad. Andrei R\u0103dulescu\u201d al Academiei Rom\u00e2ne. Absolvent\u0103 a Facult\u0103\u021bii de Drept a Academiei de Poli\u021bie \u201eAlexandru Ioan Cuza\u201d \u0219i doctor \u00een drept al Facult\u0103\u021bii de Drept a Universit\u0103\u021bii Bucure\u0219ti, este general-maior \u00een rezerv\u0103, dup\u0103 o experien\u021b\u0103 de aproape dou\u0103zeci de ani \u00een administra\u021bia public\u0103 central\u0103, iar ariile sale de interes vizeaz\u0103 dreptul administrativ, dreptul constitu\u021bional \u0219i dreptul european. Este coautor sau autor al unor volume \u0219i articole de specialitate, referitoare la protec\u021bia datelor cu caracter personal, func\u021bia public\u0103 \u015fi func\u021bionarul public, adoptarea actelor normative ori achizi\u021biile publice, o parte dintre acestea fiind disponibile pe <a href=\"https:\/\/papers.ssrn.com\/sol3\/cf_dev\/AbsByAuth.cfm?per_id=1899724\">ssrn.com<\/a>, <a href=\"https:\/\/independent.academia.edu\/IrinaAlexe\">academia.edu<\/a> \u0219i <a href=\"https:\/\/www.researchgate.net\/profile\/Irina_Alexe3\">researchgate.net<\/a>. Contact: irina.alexe@csde.ro Detalii: https:\/\/www.ardae.ro\/?cat=48\n\n<\/p>\n\n\n\n<p><\/p>\n\n\n\n<p><strong>Lista lucr\u0103rilor \u0219tiin\u021bifice \u00een domeniul GDPR <\/strong><\/p>\n\n\n\n<p><strong>&#8211; ianuarie 2020 \u2013<\/strong><\/p>\n\n\n\n<p><strong>dr. Irina Alexe <\/strong><\/p>\n\n\n\n<p><strong>Volume <\/strong><\/p>\n\n\n\n<p>1. Irina\nAlexe, Nicolae-Drago\u0219 Ploe\u015fteanu, Daniel-Mihail \u0218andru (coordonatori), <strong><em>Protec\u021bia\ndatelor cu caracter personal<\/em><\/strong>, Ed. Universitar\u0103, 2017, ISBN\n978-606-28-0588-3, 280 p.<\/p>\n\n\n\n<p>2.\nDaniel-Mihail \u0218andru, Irina Alexe (editori),<strong><em> Legisla\u021bia Uniunii Europene\nprivind protec\u021bia datelor personale<\/em><\/strong>, Ed. Universitar\u0103, 2018, ISBN\n978-606-28-0728-3, 599 p.<\/p>\n\n\n\n<p>3. <a>Irina Alexe, Daniel-Mihail \u0218andru (editori<em>), <\/em><\/a><strong><em>Legisla\u021bia privind protec\u021bia datelor \u00een\nRom\u00e2nia, <\/em><\/strong>Ed. Rosetti Interna\u021bional, Bucure\u0219ti, 2018, ISBN 978-6068794-90-7, 216 p.<\/p>\n\n\n\n<p><strong>Articole \u00een reviste de specialitate<\/strong><\/p>\n\n\n\n<ul class=\"wp-block-list\"><li>Irina Alexe, Daniel-Mihail \u0218andru, Particularit\u0103\u021bile aplic\u0103rii m\u0103surilor corective \u00een domeniul protec\u021biei datelor, operatorilor din sectorul financiar, Revista rom\u00e2n\u0103 de drept european, nr. 1\/2020 (\u00een curs de publicare) <\/li><\/ul>\n\n\n\n<p>1. Irina Alexe, <strong><em>M\u0103suri corective dispuse de autoritatea de supraveghere din Rom\u00e2nia pentru conformarea activit\u0103\u021bii asocia\u021biilor de proprietari cu dispozi\u021biile GDPR, <\/em><\/strong>Revista Rom\u00e2n\u0103 pentru Protec\u021bia \u0219i Securitatea Datelor cu Caracter Personal nr.1\/2020, p. 28-37.<\/p>\n\n\n\n<p>2. Irina Alexe, <strong><em>Rolul\nresponsabilului cu protec\u021bia datelor \u00een respectarea drepturilor persoanei\nvizate,<\/em><\/strong> Revista rom\u00e2n\u0103 de drept al afacerilor nr.3\/2019, p.23-34.<\/p>\n\n\n\n<p>3. Irina Alexe, <strong><em>Experien\u021be ale aplic\u0103rii amenzilor administrative din Rom\u00e2nia \u00een domeniul GDPR<\/em><\/strong>, Revista Pandectele Rom\u00e2ne, nr.5\/2019, p. 79-95<\/p>\n\n\n\n<p><a>4. Irina Alexe, <\/a><strong><em>Particularit\u0103\u021bile procedurii de efectuare a\ninvestiga\u021biilor ce vizeaz\u0103 protec\u021bia datelor,<\/em><\/strong> <a>Revista Pandectele Rom\u00e2ne, nr.4\/2019, p.62-75.<\/a><strong><\/strong><\/p>\n\n\n\n<p>5. Daniel-Mihail \u0218andru, Irina Alexe,<strong> <em>Subiectele Regulamentului General\nprivind Protec\u021bia Datelor \u00een caleidoscopul nuan\u021belor de fericire<\/em><\/strong>,\nRevista Pandectele Rom\u00e2ne, nr.3\/2019, p.74-80.<\/p>\n\n\n\n<p>6.\nIrina Alexe, Daniel-Mihail \u0218andru, <strong><em>Desemnarea unui responsabil cu protec\u021bia datelor unic de c\u0103tre mai multe\nautorit\u0103\u021bi sau organisme publice<\/em><\/strong>, Revista de drept public, nr.2\/2019, p.47-56.<\/p>\n\n\n\n<p>7.\nIrina Alexe, Daniel-Mihail \u0218andru, <strong><em>N<\/em><\/strong><strong><em>ational Regulations Aimed at Applying the GDPR in Romania<\/em><\/strong><strong>, <\/strong>PinG &#8211; Privacy\nin Germany, Iss. 1\/2019, p. 34-42; <em>forma \u00een limba rom\u00e2n\u0103<\/em>: <strong><em>Reglement\u0103ri na\u021bionale ce\nvizeaz\u0103 aplicarea, \u00een Rom\u00e2nia, a Regulamentului general privind protec\u021bia\ndatelor<\/em><\/strong>, Revista societ\u0103\u021bilor \u0219i\na dreptului comercial, nr.3\/2018, p.65-85. <\/p>\n\n\n\n<p>8. Irina Alexe,<strong><em> Regimul sanc\u021bionator prev\u0103zut de\nRegulamentul (UE) 2016\/679 privind protec\u021bia datelor cu caracter personal<\/em><\/strong>, Curierul Judiciar, nr.1\/2018, p. 36-42. <em>Forma \u00een limba englez\u0103:<\/em> <strong><em>The Sanctioning Regime\nProvided by Regulation (EU) 2016\/679 on the Protection of Personal Data<\/em><\/strong>, Law Review, Volume VIII, Issue 1, January-June 2018, p. 60-73.<\/p>\n\n\n\n<p>9. Irina Alexe,<strong><em> <\/em><\/strong><strong><em>Rela\u021bia dintre\noperator \u0219i persoana \u00eemputernicit\u0103, \u00een domeniul protec\u021biei datelor personale<\/em><\/strong><em>,<\/em> Revista Pandectele Rom\u00e2ne, nr.2\/2018, p.71-79.<\/p>\n\n\n\n<p>10.Irina\nAlexe,<strong><em> <\/em><\/strong><strong><em>Principalele nout\u0103\u021bi privind responsabilul cu protec\u021bia datelor, incluse \u00een\nGDPR<\/em><\/strong><em>,<\/em> Revista Pandectele Rom\u00e2ne,\nnr.1\/2018, p. 34-45<em>.<\/em><\/p>\n\n\n\n<p>11. Irina Alexe,<strong><em> <\/em><\/strong><strong><em>Responsabilul cu protec\u021bia datelor (DPO) &#8211; func\u021bionar public sau personal\ncontractual?<\/em><\/strong><em>,<\/em> Revista Rom\u00e2n\u0103 de Dreptul Muncii, nr.2\/2018, p. 53-65<em>.<\/em><\/p>\n\n\n\n<p>12.\nDaniel-Mihail \u0218andru, Irina Alexe<em>,<\/em><strong><em> <\/em><\/strong><strong><em>Protec\u021bia\ndatelor personale: un nou \u00eenceput?<\/em><\/strong><em>,<\/em> Revista\nCurierul Judiciar nr.2\/2018, p. 63-65<em>.<\/em><\/p>\n\n\n\n<p><strong>Articole \u00een volume colective<\/strong><\/p>\n\n\n\n<p>1. Irina\nAlexe,<strong> <em>Reforma\ninstitu\u021bional\u0103, \u00een materia protec\u021biei datelor, la nivel european<\/em><\/strong><em>,<\/em>\n\u00een volumul <em>Regulamentul general privind protec\u021bia datelor. Comentarii \u0219i\nexplica\u021bii<\/em>, coordonator Andrei S\u0103vescu, Editura Hamangiu, 2018, p.1-11.<\/p>\n\n\n\n<p>2. Daniel-Mihail\n\u0218andru, Irina Alexe, <strong><em>Punerea \u00een aplicare a Regulamentului General\nprivind Protec\u021bia datelor 20116\/679. Experien\u021be din Rom\u00e2nia,<\/em><\/strong> \u00een volumul<em>Legisla\u021bia Uniunii Europene privind\nprotec\u021bia datelor personale<\/em>, editori Daniel-Mihail \u0218andru, Irina Alexe, Ed.\nUniversitar\u0103, 2018, p.7-24.<\/p>\n\n\n\n<p>3. Irina\nAlexe, Constantin Mihai Banu, <strong><em>De la directiv\u0103 la regulament \u00een\nreglementarea, la nivelul Uniunii Europene, a protec\u021biei datelor cu caracter\npersonal<\/em><\/strong>, \u00een volumul<em> Protec\u021bia\ndatelor cu caracter personal<\/em>, coord0natiri Irina Alexe, Nicolae-Drago\u0219 Ploe\u015fteanu,\nDaniel-Mihail \u0218andru, Ed. Universitar\u0103, 2017, p.14-40.<\/p>\n\n\n\n<p><strong>Recenzii\/Agora\/Cronici editoriale<\/strong><\/p>\n\n\n\n<p>1. Irina Alexe, <strong><em>25 mai 2018: data de la care\ntrebuie aplicat Regulamentul general privind protec\u021bia datelor. Rom\u00e2nia este\npreg\u0103tit\u0103?<\/em><\/strong>, Juridice.ro, 25 mai 2018,\nhttps:\/\/www.juridice.ro\/583049\/25-mai-2018-data-de-la-care-trebuie-aplicatregulamentul-generalprivind-protectia-datelor-romania-este-pregatita.html<\/p>\n\n\n\n<p>2. Irina Alexe, <strong><em>O meserie a viitorului: responsabilul cu protec\u021bia datelor<\/em>,<\/strong> disponibil la adresa <a href=\"https:\/\/www.juridice.ro\/621545\/o-meserie-a-viitorului-responsabilul-cu-protectia-datelor.html\">https:\/\/www.juridice.ro\/621545\/o-meserie-a-viitorului-responsabilul-cu-protectia-datelor.html<\/a><\/p>\n\n\n\n<p>3. Irina Alexe, <strong><em>Le <\/em><\/strong><strong><em>data protection\nofficer. Une fonction nouvelle dans l`entreprise<\/em><\/strong><strong><em> (collectif), 2<sup>e <\/sup><\/em><\/strong><strong><em>\u00e9dition, <\/em><\/strong>RRDA nr.2\/2018,\np.165-170.<\/p>\n\n\n\n<p>***<\/p>\n\n\n\n<p>O\nparte din articole sunt disponibile \u00een SSRN, academia.edu \u0219i researchgate: <\/p>\n\n\n\n<figure class=\"wp-block-embed\"><div class=\"wp-block-embed__wrapper\">\nhttps:\/\/papers.ssrn.com\/sol3\/cf_dev\/AbsByAuth.cfm?per_id=1899724\n<\/div><\/figure>\n\n\n\n<figure class=\"wp-block-embed\"><div class=\"wp-block-embed__wrapper\">\nhttps:\/\/independent.academia.edu\/IrinaAlexe\n<\/div><\/figure>\n\n\n\n<figure class=\"wp-block-embed\"><div class=\"wp-block-embed__wrapper\">\nhttps:\/\/www.researchgate.net\/profile\/Irina_Alexe3\n<\/div><\/figure>\n","protected":false},"excerpt":{"rendered":"","protected":false},"author":1,"featured_media":0,"comment_status":"closed","ping_status":"open","sticky":false,"template":"","format":"standard","meta":{"footnotes":""},"categories":[48,57],"tags":[],"class_list":["post-3757","post","type-post","status-publish","format-standard","hentry","category-evenimente","category-romaniaeulaw"],"_links":{"self":[{"href":"http:\/\/www.ardae.ro\/index.php?rest_route=\/wp\/v2\/posts\/3757"}],"collection":[{"href":"http:\/\/www.ardae.ro\/index.php?rest_route=\/wp\/v2\/posts"}],"about":[{"href":"http:\/\/www.ardae.ro\/index.php?rest_route=\/wp\/v2\/types\/post"}],"author":[{"embeddable":true,"href":"http:\/\/www.ardae.ro\/index.php?rest_route=\/wp\/v2\/users\/1"}],"replies":[{"embeddable":true,"href":"http:\/\/www.ardae.ro\/index.php?rest_route=%2Fwp%2Fv2%2Fcomments&post=3757"}],"version-history":[{"count":8,"href":"http:\/\/www.ardae.ro\/index.php?rest_route=\/wp\/v2\/posts\/3757\/revisions"}],"predecessor-version":[{"id":3871,"href":"http:\/\/www.ardae.ro\/index.php?rest_route=\/wp\/v2\/posts\/3757\/revisions\/3871"}],"wp:attachment":[{"href":"http:\/\/www.ardae.ro\/index.php?rest_route=%2Fwp%2Fv2%2Fmedia&parent=3757"}],"wp:term":[{"taxonomy":"category","embeddable":true,"href":"http:\/\/www.ardae.ro\/index.php?rest_route=%2Fwp%2Fv2%2Fcategories&post=3757"},{"taxonomy":"post_tag","embeddable":true,"href":"http:\/\/www.ardae.ro\/index.php?rest_route=%2Fwp%2Fv2%2Ftags&post=3757"}],"curies":[{"name":"wp","href":"https:\/\/api.w.org\/{rel}","templated":true}]}}