{"id":3751,"date":"2020-01-09T17:44:55","date_gmt":"2020-01-09T17:44:55","guid":{"rendered":"http:\/\/www.ardae.ro\/?p=3751"},"modified":"2020-02-28T17:50:51","modified_gmt":"2020-02-28T17:50:51","slug":"csde-dezbaterea-protectia-si-securitatea-datelor-personale-in-educatia-digitala-28-ianuarie-2020","status":"publish","type":"post","link":"http:\/\/www.ardae.ro\/?p=3751","title":{"rendered":"CSDE: Dezbaterea Protec\u021bia \u0219i securitatea datelor personale \u00een educa\u021bia digital\u0103, 28 ianuarie 2020"},"content":{"rendered":"\n<!--more-->\n\n\n\n<p>Institutul de Cercetari Juridice \u201cAcad. Andrei R\u0103dulescu\u201d al Academiei Rom\u00e2ne \u2013 CSDE \u2013 Centrul de Studii de Drept European<\/p>\n\n\n\n<p>Dezbaterea<\/p>\n\n\n\n<p><strong>Protec\u021bia \u0219i securitatea datelor personale \u00een educa\u021bia\ndigital\u0103<\/strong><\/p>\n\n\n\n<p>28\nianuarie 2020, orele 10.00-11.30<\/p>\n\n\n\n<p>Participan\u0163i\nconfirma\u0163i:<\/p>\n\n\n\n<p>Dr.\nIrina Alexe<\/p>\n\n\n\n<p>Drd.\nAlexandru Georgescu<\/p>\n\n\n\n<p>Av.\nDr. Raul Felix Hodo\u0219<\/p>\n\n\n\n<p>Dr.\nAnca P\u0103iu\u0219escu<\/p>\n\n\n\n<p>Conf.\nuniv. dr. Nicolae Drago\u0219 Ploe\u0219teanu<\/p>\n\n\n\n<p>Av.\ndr. Andrei S\u0103vescu<\/p>\n\n\n\n<p>Prof.\nuniv. dr. Daniel-Mihail \u015eandru, moderator<\/p>\n\n\n\n<p>Celebrarea\nZilei Europene a Protec\u0163iei Datelor se realizeaz\u0103 printr-o dezbatere de\nactualitate referitoare la educa\u021bie digital\u0103, securitatea \u0219i protec\u021bia datelor\n\u00een acest mediu. Protec\u021bia \u0219i securitatea datelor cu caracter personal sunt dou\u0103\nelemente fundamentale pentru orice interac\u021biune \u00een mediul on-line.\nReglement\u0103rile la nivel interna\u021bional, \u00een special \u00een Uniunea European\u0103, sunt \u00een\ncurs de modificare \u0219i adaptare la dezvoltarea tehnologic\u0103. De asemenea,\nimpactul av\u00e2ntului tehnologic poate fi observat \u0219i \u00een mediul educa\u021biei, Uniunea\nEuropean\u0103 dezvolt\u00e2nd o politic\u0103 proprie. Dezbaterea are \u00een vedere pe de o\nparte, descrierea contextului actual al politicilor europene \u00een privin\u021ba\neduca\u021biei digitale \u0219i a protec\u021biei \u0219i securit\u0103\u021bii datelor \u0219i, pe de alt\u0103 parte,\nanaliza unor factori care influen\u021beaz\u0103 educa\u021bia digital\u0103, cum ar fi\nconectivitatea, profilarea utilizatorilor, folosirea re\u021belelor sociale,\ninteligen\u021ba artificial\u0103. Dezbaterea \u00ee\u0219i propune s\u0103 vin\u0103 \u00een ajutorul celor care\npun \u00een practic\u0103 educa\u021bia digital\u0103 cu elemente concrete de proceduri de\nprotec\u021bia datelor \u0219i etapele esen\u021biale care trebuie urmate \u00een situa\u021bii\nneprev\u0103zute de \u00eenc\u0103lcare a securit\u0103\u021bii datelor. Andrei S\u0103vescu va discuta depre\nimposibilitatea ontologica a protec\u021biei datelor informatice precum \u0219i despre contribu\u021bia\nJURIDICE.ro la educa\u021bia digital\u0103. Conf. univ. dr. Nicolae Drago\u0219 Ploe\u0219teanu va\nprezenta sintetic proiectele realizate de Centrul pentru Protec\u021bia Datelor din\ncadrul UMFST T\u00e2rgu-Mure\u0219.<\/p>\n\n\n\n<p>&nbsp;&nbsp;&nbsp;&nbsp;&nbsp;&nbsp;&nbsp;&nbsp;&nbsp;&nbsp;&nbsp; Dezbaterea\neste organizat\u0103 \u00een parteneriat cu ARDAE \u2013 Asocia\u0163ia rom\u00e2n\u0103 de drept \u015fi afaceri\neuropene.<\/p>\n\n\n\n<p>Locul\nevenimentului: Sala de Consiliu \u2013 Institutul de Cercet\u0103ri Juridice \u201eAcad.\nAndrei R\u0103dulescu\u201d al Academiei Romane \u2013 Calea 13 Septembrie nr.13, corp B, et.\n4, sector 5, Bucuresti<\/p>\n\n\n\n<p>Organizatorii\nv\u0103 mul\u0163umesc pentru retransmiterea acestei invita\u0163ii c\u0103tre toate persoanele\ninteresate. Nu se percepe tax\u0103 de participare. Locurile sunt limitate,\n\u00eenscrierea participan\u0163ilor realiz\u00e2ndu-se \u00een ordinea cronologic\u0103 a\nconfirmarilor, prin e-mail&nbsp; <a href=\"mailto:mihai.sandru@csde.ro\">mihai.sandru@csde.ro<\/a>&nbsp;&nbsp;&nbsp;&nbsp; <\/p>\n\n\n\n<p>Detalii\ncsde.ro, ardae.ro<\/p>\n\n\n\n<p>Parteneri\nmedia: JURIDICE.ro, dpo-net.ro<\/p>\n","protected":false},"excerpt":{"rendered":"","protected":false},"author":1,"featured_media":0,"comment_status":"closed","ping_status":"open","sticky":false,"template":"","format":"standard","meta":{"footnotes":""},"categories":[48],"tags":[],"class_list":["post-3751","post","type-post","status-publish","format-standard","hentry","category-evenimente"],"_links":{"self":[{"href":"http:\/\/www.ardae.ro\/index.php?rest_route=\/wp\/v2\/posts\/3751"}],"collection":[{"href":"http:\/\/www.ardae.ro\/index.php?rest_route=\/wp\/v2\/posts"}],"about":[{"href":"http:\/\/www.ardae.ro\/index.php?rest_route=\/wp\/v2\/types\/post"}],"author":[{"embeddable":true,"href":"http:\/\/www.ardae.ro\/index.php?rest_route=\/wp\/v2\/users\/1"}],"replies":[{"embeddable":true,"href":"http:\/\/www.ardae.ro\/index.php?rest_route=%2Fwp%2Fv2%2Fcomments&post=3751"}],"version-history":[{"count":3,"href":"http:\/\/www.ardae.ro\/index.php?rest_route=\/wp\/v2\/posts\/3751\/revisions"}],"predecessor-version":[{"id":3780,"href":"http:\/\/www.ardae.ro\/index.php?rest_route=\/wp\/v2\/posts\/3751\/revisions\/3780"}],"wp:attachment":[{"href":"http:\/\/www.ardae.ro\/index.php?rest_route=%2Fwp%2Fv2%2Fmedia&parent=3751"}],"wp:term":[{"taxonomy":"category","embeddable":true,"href":"http:\/\/www.ardae.ro\/index.php?rest_route=%2Fwp%2Fv2%2Fcategories&post=3751"},{"taxonomy":"post_tag","embeddable":true,"href":"http:\/\/www.ardae.ro\/index.php?rest_route=%2Fwp%2Fv2%2Ftags&post=3751"}],"curies":[{"name":"wp","href":"https:\/\/api.w.org\/{rel}","templated":true}]}}