{"id":3747,"date":"2020-01-09T12:37:18","date_gmt":"2020-01-09T12:37:18","guid":{"rendered":"http:\/\/www.ardae.ro\/?p=3747"},"modified":"2020-02-28T17:51:43","modified_gmt":"2020-02-28T17:51:43","slug":"gianina-dzitac","status":"publish","type":"post","link":"http:\/\/www.ardae.ro\/?p=3747","title":{"rendered":"Gianina Dzi\u021bac"},"content":{"rendered":"\n<!--more-->\n\n\n\n<p>Gianina Dzi\u021bac este licen\u021biat\u0103 a Facult\u0103\u021bii de Drept din cadrul Universit\u0103\u021bii Ecologice Bucure\u0219ti, activ\u00e2nd ca avocat titular \u00een cadrul Cabinetului Individual de Avocatur\u0103 Dzi\u021bac Gianina. Din anul 2012 figureaz\u0103 ca mediator \u00een Tabloul Mediatorilor. \u00cen prezent, urmeaz\u0103 cursurile masterului Drept Interna\u021bional Public din cadrul Facult\u0103\u021bii de Drept a Universit\u0103\u021bii Bucure\u0219ti. \u00cen calitate de avocat s-a specializat \u00een urm\u0103toarele domenii de activitate: dreptul societar \u0219i dreptul comercial, dreptul civil, dreptul municii, \u00a0coordon\u00e2nd numeroase procese civile \u0219i comerciale. \u00cen prezent, domeniile de interes vizeaz\u0103 rela\u021biile interna\u021bionale, dreptul umanitar \u0219i al refugia\u021bilor, aplicabilitatea dreptului Uniunii Europene la nivel na\u021bional precum \u0219i diploma\u021bia interna\u021bional\u0103.<\/p>\n\n\n\n<p>Este membru aderent ARDAE din 9 ianuarie 2020.<\/p>\n\n\n\n<p>***<\/p>\n\n\n\n<p><a href=\"http:\/\/www.ardae.ro\/?p=436\" target=\"_blank\" rel=\"noreferrer noopener\"><strong>Lista membri aderenti ARDAE \u2013 Asociatia romana de drept si afaceri europene<\/strong><\/a><\/p>\n\n\n<p><!--EndFragment--><\/p>\n<p><\/p>","protected":false},"excerpt":{"rendered":"","protected":false},"author":1,"featured_media":0,"comment_status":"closed","ping_status":"open","sticky":false,"template":"","format":"standard","meta":{"footnotes":""},"categories":[10],"tags":[],"class_list":["post-3747","post","type-post","status-publish","format-standard","hentry","category-membri-aderenti"],"_links":{"self":[{"href":"http:\/\/www.ardae.ro\/index.php?rest_route=\/wp\/v2\/posts\/3747"}],"collection":[{"href":"http:\/\/www.ardae.ro\/index.php?rest_route=\/wp\/v2\/posts"}],"about":[{"href":"http:\/\/www.ardae.ro\/index.php?rest_route=\/wp\/v2\/types\/post"}],"author":[{"embeddable":true,"href":"http:\/\/www.ardae.ro\/index.php?rest_route=\/wp\/v2\/users\/1"}],"replies":[{"embeddable":true,"href":"http:\/\/www.ardae.ro\/index.php?rest_route=%2Fwp%2Fv2%2Fcomments&post=3747"}],"version-history":[{"count":2,"href":"http:\/\/www.ardae.ro\/index.php?rest_route=\/wp\/v2\/posts\/3747\/revisions"}],"predecessor-version":[{"id":3782,"href":"http:\/\/www.ardae.ro\/index.php?rest_route=\/wp\/v2\/posts\/3747\/revisions\/3782"}],"wp:attachment":[{"href":"http:\/\/www.ardae.ro\/index.php?rest_route=%2Fwp%2Fv2%2Fmedia&parent=3747"}],"wp:term":[{"taxonomy":"category","embeddable":true,"href":"http:\/\/www.ardae.ro\/index.php?rest_route=%2Fwp%2Fv2%2Fcategories&post=3747"},{"taxonomy":"post_tag","embeddable":true,"href":"http:\/\/www.ardae.ro\/index.php?rest_route=%2Fwp%2Fv2%2Ftags&post=3747"}],"curies":[{"name":"wp","href":"https:\/\/api.w.org\/{rel}","templated":true}]}}