{"id":3724,"date":"2019-09-27T16:41:36","date_gmt":"2019-09-27T16:41:36","guid":{"rendered":"http:\/\/www.ardae.ro\/?p=3724"},"modified":"2022-05-19T19:11:59","modified_gmt":"2022-05-19T19:11:59","slug":"universitatea-danubius-conferinta-nationala-comunitati-virtuale-in-epoca-regulamentului-general-privind-protectia-datelor-13-noiembrie-2019","status":"publish","type":"post","link":"http:\/\/www.ardae.ro\/?p=3724","title":{"rendered":"Universitatea Danubius: Conferinta nationala Comunitati virtuale in epoca Regulamentului General privind Protectia Datelor, 13 noiembrie 2019"},"content":{"rendered":"\n<!--more-->\n\n\n\n<p>Universitatea Danubius:&nbsp;<strong>Conferinta nationala Comunitati virtuale in epoca Regulamentului General privind Protectia Datelor<\/strong>, 13 noiembrie&nbsp;2019<\/p>\n\n\n\n<p><a rel=\"noreferrer noopener\" href=\"http:\/\/www.univ-danubius.ro\/\" target=\"_blank\">UNIVERSITATEA DANUBIUS<\/a><br><\/p>\n\n\n\n<p>organizeaz\u0103<\/p>\n\n\n\n<p><strong>Conferin\u021ba na\u021bional\u0103<\/strong><\/p>\n\n\n\n<p><strong>Comunitati virtuale in epoca Regulamentului General privind Protectia Datelor (CVGDPR)<\/strong><\/p>\n\n\n\n<p><strong>Editia a III-a, 2019<\/strong><\/p>\n\n\n\n<p>Partener media:&nbsp;<strong><a href=\"https:\/\/evenimente.juridice.ro\/2019\/09\/comunitati-virtuale-in-epoca-regulamentului-general-privind-protectia-datelor-ed-3-galati-13-noiembrie-2019.html\">JURIDICE.ro<\/a><\/strong><\/p>\n\n\n\n<p>13 noiembrie 2019, ora 12, Sala Senatului, Universitatea Danubius, Gala\u0163i<\/p>\n\n\n\n<p>A trecut un an de la punerea \u00een aplicare a&nbsp;<a href=\"https:\/\/www.dataprotectionromania.ro\/\">Regulamentului General privind protec\u021bia datelor<\/a>. Desi parea ca va trece si aceasta moda, a protectiei datelor, iata ca amenzile autoritatilor nationale, inclusiv a autoritatii nationale de supraveghere, repun in discutie dificultatile interpretarii si aplicarii acestui regulament.<\/p>\n\n\n\n<p>Curtea de Justitie a imbogatit jurisprudenta relevanta in materia comunitatilor virtuale si a protectiei datelor, prilej de dezabteri academice si practice la malul Dunarii, intr-un cadru exceptional oferit de Universitatea Danubius.<\/p>\n\n\n\n<p>Conferinta este o platforma de dialog pentru solutionarea unor probleme practice avand drept ghid alocutiunea invitatilor. Conferinta se adreseaza practicienilor, unii dintre vorbitori avand experienta in consultanta sau fiind resposabili cu protectia datelor.<\/p>\n\n\n\n<p>Conferinta reuneste cadre didactice \u0219i cercetatori de la Academia Rom\u00e2n\u0103 \u0219i centre universitare din \u021bar\u0103 \u2013 Universitatea Danubius, Universitatea de Medicin\u0103, Farmacie, \u0218tiin\u021be \u0219i Tehnologie din T\u00e2rgu Mure\u0219,&nbsp;<a href=\"https:\/\/drept.uvt.ro\/\">Universitatea de Vest din Timisoara<\/a>&nbsp;precum \u0219i Universitatea Transilvania.<\/p>\n\n\n\n<p><strong>AGENDA&nbsp;(IN CONSTRUCTIE)<\/strong><\/p>\n\n\n\n<p>11.00-11.45 Inscrierea participantilor &amp; Networking<\/p>\n\n\n\n<p>12.00-12.30 Deschiderea conferintei<\/p>\n\n\n\n<p>Keynote speakers:<\/p>\n\n\n\n<p><a href=\"http:\/\/www.univ-danubius.ro\/resurse-structura-udg\/rector.html\" target=\"_blank\" rel=\"noreferrer noopener\">Andy PU\u015eC\u0102<\/a>, Cuv\u00e2nt introductiv<\/p>\n\n\n\n<p><strong>Alina IONESCU DUMITRACHE<\/strong>,&nbsp;  <em>Via\u021ba privat\u0103 \u0219i datele cu caracter personal. Considera\u021bii privind jurispruden\u021ba CEDO<\/em> <\/p>\n\n\n\n<p><strong>Irina ALEXE<\/strong>, Experien\u021be ale aplic\u0103rii amenzilor administrative din Rom\u00e2nia \u00een domeniul GDPR<\/p>\n\n\n\n<p><strong><a rel=\"noreferrer noopener\" href=\"http:\/\/www.mihaisandru.ro\/daniel-mihail-sandru-relevant-activities-in-the-field-of-personal-data-protection%ef%bb%bf\/\" target=\"_blank\">Daniel-Mihail \u015eANDRU,&nbsp;<\/a><\/strong>Protec\u021bia datelor personale \u00een rela\u021biile de munc\u0103<\/p>\n\n\n\n<p>12.45 \u2013 13.00 Lansare de carte:<\/p>\n\n\n\n<p><a href=\"https:\/\/intersentia.com\/en\/data-protection-law-in-the-eu-roles-responsibilities-and-liability.html\" target=\"_blank\" rel=\"noreferrer noopener\"><strong>Brendan Van Alsenoy<\/strong>,&nbsp;<em>Data Protection Law in the EU: Roles, Responsibilities and Liability<\/em>, INTERSENTIA, 2019, xxv + 695 p.<\/a><\/p>\n\n\n\n<p><strong>13.00 \u2013 14.00 Sesiunea I. Regulamentul general privind protectia datelor<\/strong><\/p>\n\n\n\n<p>Moderatori:&nbsp;Conf. univ. dr. Andy Pu\u0219c\u0103; Dr. Irina Alexe\ufeff<\/p>\n\n\n\n<p><strong><a href=\"https:\/\/savescu.ro\/ro\/andrei-savescu\">Andrei S\u0102VESCU<\/a>,&nbsp;<\/strong>V\u00e2nzarea datelor personale cu respectarea GDPR<\/p>\n\n\n\n<p><strong>Bogdan PANAIT<\/strong>,&nbsp;Jurnalismul sub efectele GDPR: libertatea de exprimare \u0219i dreptul la protec\u021bia datelor<\/p>\n\n\n\n<p><strong>Silviu-Dorin \u015eCHIOPU<em>,&nbsp;<\/em><\/strong>&nbsp;<em>Spre o reconfigurare a dreptului la uitare digital\u0103 dup\u0103 hot\u0103r\u00e2rile Cur\u0163ii de Justi\u021bie a Uniunii Europene \u00een cauzele GC \u015fi al\u021bii (C\u2011136\/17) \u015fi Google (C\u2011507\/17)? Towards a Re-Configuration of the Right to be Digitally Forgotten after the Court of Justice of the European Union\u2019s Judgments in Cases GC and Others (C\u2011136\/17) and Google (C\u2011507\/17)?<\/em><\/p>\n\n\n\n<p>14.00 \u2013 14.15 Pauza<\/p>\n\n\n\n<p><strong>14. 15 \u2013 15.00 Sesiunea II. Comunitati virtuale si GDPR<\/strong><\/p>\n\n\n\n<p>Moderatori:&nbsp;Lector univ. dr. Alina Ionescu Dumitrache;&nbsp;<a rel=\"noreferrer noopener\" href=\"http:\/\/www.mihaisandru.ro\/\" target=\"_blank\">Prof. univ. dr. Daniel-Mihail \u0218andru<\/a><\/p>\n\n\n\n<p><strong>Alexandra PAN\u0102<\/strong>, Rolul factorului uman \u00een asigurarea protec\u021bei datelor personale prelucrate \u00een comunit\u0103\u021bile virtuale<\/p>\n\n\n\n<p><a rel=\"noreferrer noopener\" href=\"http:\/\/www.ardae.ro\/?p=860\" target=\"_blank\"><strong>Raul Felix HODO\u015e<\/strong><\/a>,&nbsp; Libertatea de expresie \u0219i limitele ei \u00een spa\u021biul comunit\u0103\u021bilor virtuale<\/p>\n\n\n\n<p><strong>Daniela CIREA\u015e\u0102<\/strong>,&nbsp; Rela\u021bii \u0219i atitudini \u00eentre responsabilul cu protec\u021bia datelor (DPO) \u0219i operator precum \u0219i \u00een raporturile dintre operatori \u2013 aspecte practice<\/p>\n\n\n\n<p><strong>Adriana Maria \u015eANDRU<em>,&nbsp;<\/em><\/strong> <strong>Daniel-Mihail \u0218ANDRU<\/strong>,  Consecin\u021bele lui \u201dimi&nbsp;place\u201d:&nbsp;Cauza Fashion ID, C-40\/17, continuitate si noutate in interpretarea conceptului de operator \u00een dreptul Uniunii Europene <\/p>\n\n\n\n<p><strong>Nicolae Dragos PLOE\u0218TEANU<\/strong>,&nbsp;<strong>Darius FARCAS<\/strong>,  Aspecte privind principiul privacy by design \u0219i achizi\u021biile publice. Studiu de caz  <\/p>\n\n\n\n<p><strong>Alexandru GEORGESCU<\/strong>, Prelucrarea datelor cu caracter personal \u00een contextul monitoriz\u0103rii salaria\u021bilor<\/p>\n\n\n\n<p><strong>Raul MIRON<\/strong>, Privire critic\u0103 asupra ghidului de bune practici privind principalele obliga\u021bii ale avoca\u021bilor conform GDPR<\/p>\n\n\n\n<p><strong>15.00-15.45 Concluzii \u0219i dezbateri<\/strong><\/p>\n\n\n\n<p><strong>Alte informatii:<\/strong><\/p>\n\n\n\n<p>Inscrierile cu lucrari se fac pana la data de&nbsp; 23 septembrie 2019.&nbsp;Autorii trebuie sa trimita un scurt bio, titlul, rezumatul si cuvintele cheie (in romana si engleza).<\/p>\n\n\n\n<p>Lucrarea \u00een limba rom\u00e2n\u0103 se va publica \u00een Revista Pandectele romane editata de Wolters Kluwer Romania. Lucr\u0103rile trebuie s\u0103 se \u00eencadreze \u00een limita a 10-20 pagini, iar rezumatul nu va dep\u0103\u0219i 300 de cuvinte. Lucr\u0103rile vor fi redactate \u00een word, cu caractere de 12, la un r\u00e2nd, font Times New Roman; dimensiunile paginii: 17,5 cm. l\u0103\u0163ime \u015fi 25 cm. \u00een\u0103l\u0163ime; marginile paginii \u2013 sus, jos, st\u00e2nga, dreapta \u2013 2 cm.&nbsp; Nu sunt cerin\u021be specifice de citare, ins\u0103 vor fi incluse note de subol nu la sfar\u0219itul textului. Lucr\u0103rile vor fi transmise la adresa oficial\u0103 a conferin\u021bei:&nbsp;<a href=\"mailto:ardae2007@gmail.com\">ardae2007@gmail.com<\/a>&nbsp;<br><br>Locurile sunt limitate, \u00eenscrierea participan\u0163ilor realiz\u00e2ndu-se \u00een ordinea cronologic\u0103 a confirmarilor, prin e-mail (<a href=\"mailto:ardae2007@gmail.com\">ardae2007@gmail.com<\/a>) p\u00e2n\u0103 la data de 10 noiembrie 2019. Participarea este gratuita, fiind limitata de numarul locurilor.&nbsp;Se acord\u0103 certificat de participare.&nbsp;<\/p>\n\n\n\n<p><strong>Comitetul \u0219tiin\u021bific:<\/strong><\/p>\n\n\n\n<p><strong>Prof. univ. dr. Daniel-Mihail \u015eandru<\/strong>&nbsp;\u2013&nbsp; Academia Rom\u00e2n\u0103<\/p>\n\n\n\n<p><strong>Dr. Andra Cotiga Raccah&nbsp;<\/strong>\u2013 Lille Catholic University;<\/p>\n\n\n\n<p><strong>Dr. Andrea Borroni&nbsp;<\/strong>\u2013 University of Campania \u201eLuigi Vanviltellly\u201d;<\/p>\n\n\n\n<p><strong>Dr. Giovanna Carugno<\/strong>&nbsp;\u2013 Foro Italico University;<\/p>\n\n\n\n<p><strong>Dr. Liviu Dam\u015fa<\/strong>&nbsp;\u2013 Birmingham City University;<\/p>\n\n\n\n<p><strong>Dr. Luis Guti\u00e9rrez Sanju\u00e1n&nbsp;<\/strong>\u2013 University of Las Palmas de Gran Canaria;<\/p>\n\n\n\n<p><strong>Dr. Giuseppe Martinico<\/strong>&nbsp;\u2013 Sant\u2019Anna School of Advanced Studies;<\/p>\n\n\n\n<p><strong>Dr. Neliana Rodean<\/strong>&nbsp;\u2013 University of Verona;<\/p>\n\n\n\n<p><strong>Dr. Przemyslaw Saganek<\/strong>&nbsp;\u2013 Institute of Law Studies, Polish Academy of Sciences;<\/p>\n\n\n\n<p><strong>Dr. Oana Stefan<\/strong>&nbsp;\u2013 King\u2019s College London.<\/p>\n\n\n\n<p><strong>Comitet organizatoric:<\/strong><\/p>\n\n\n\n<p><strong>Dr. Irina Alexe<\/strong>&nbsp;\u2013 Academia Rom\u00e2n\u0103.<\/p>\n\n\n\n<p><strong>Lector univ. dr. Raul Felix Hodo\u0219<\/strong>&nbsp;\u2013 UMFST, Targu-Mures;<\/p>\n\n\n\n<p><strong>Lector univ. dr. Alina Ionescu Dumitrache<\/strong>&nbsp;\u2013&nbsp;Universitatea Danubius, Gala\u021bi.<\/p>\n\n\n\n<p><strong>Conf. univ. dr. Florian Nuta<\/strong>&nbsp;\u2013 Universitatea Danubius, Gala\u021bi.<\/p>\n\n\n\n<p><strong>Conf. univ. dr. Nicolae Ploesteanu<\/strong>&nbsp;\u2013 UMFST, Targu-Mures;<\/p>\n\n\n\n<p><strong>Conf. univ. dr. Monica Pocora<\/strong>&nbsp;\u2013 Universitatea Danubius, Gala\u021bi.<\/p>\n\n\n\n<p><strong>Conf. univ. dr. Andy Pusca<\/strong>&nbsp;\u2013 Universitatea Danubius, Gala\u021bi.<\/p>\n\n\n\n<p><strong>Conf. univ. dr. Angelica Rosu<\/strong>&nbsp;\u2013&nbsp;Universitatea Danubius, Gala\u021bi.<\/p>\n\n\n\n<p><strong>Prof. univ. dr. Ion Rusu<\/strong>&nbsp;\u2013&nbsp;Universitatea Danubius, Gala\u021bi.<\/p>\n\n\n\n<p><strong>Asist. univ. dr. Adriana Maria Sandru<\/strong>&nbsp;\u2013&nbsp;Universitatea Danubius, Gala\u021bi<\/p>\n\n\n\n<p><strong>Parteneri:<\/strong><\/p>\n\n\n\n<p><a rel=\"noreferrer noopener\" href=\"http:\/\/www.csde.ro\/\" target=\"_blank\">Institutul de Cercet\u0103ri Juridice din cadrul Academiei Rom\u00e2ne \u2013 Centrul de Studii de Drept European (CSDE)\ufeff<\/a><\/p>\n\n\n\n<p><a rel=\"noreferrer noopener\" href=\"http:\/\/www.ardae.ro\/\" target=\"_blank\">ARDAE \u2013 Asociatia romana de drept si afaceri europene<\/a><\/p>\n\n\n\n<p><a href=\"https:\/\/www.ssj.ro\/\">Societatea de \u0218tiin\u021be Juridice<\/a><\/p>\n\n\n\n<p><a href=\"https:\/\/legalitc.com\/\" target=\"_blank\" rel=\"noreferrer noopener\">LEGALITC \u2013 Asociatia internationala pentru drept, cultura si societate<\/a><\/p>\n\n\n\n<p><a rel=\"noreferrer noopener\" href=\"https:\/\/cpd.upm.ro\/\" target=\"_blank\">Centrul pentru protectia datelor (CDP) \u2013 Universitatea Petru Maior, T\u00eergu-Mure\u0219<\/a><\/p>\n\n\n\n<p>eveniment facebook<\/p>\n\n\n\n<p>Mai multe informatii: ardae20007@gmail.com<\/p>\n\n\n\n<p><strong>Mai multe despre a doua edi\u021bie<\/strong><\/p>\n\n\n\n<p>Lucr\u0103ri publicate de la editia a II-a a conferin\u021bei:<\/p>\n\n\n\n<p>****<\/p>\n\n\n\n<p>Mai multe despre prima editie. Lucr\u0103rile primei editii a conferintei au format \u201dDosarul\u201d unei Reviste PANDECTELE ROM\u00c2NE<\/p>\n\n\n\n<p><strong>PANDECTELE ROMANE, nr. 1\/2018<\/strong><\/p>\n\n\n\n<p>DOSAR \u2013 Protec\u021bia datelor \u0219i comunit\u0103\u021bile virtuale<br>17 Daniel-Mihail \u0218ANDRU<br>Imposibila coexisten\u021b\u0103 \u00eentre protec\u021bia datelor \u0219i comunit\u0103\u021bile virtuale?&nbsp;Ce urmeaz\u0103?<br>26 Adriana-Maria \u0218ANDRU<br>Privire critic\u0103 asupra jurispruden\u021bei Cur\u021bii de Justi\u021bie a UE referitoare la&nbsp;interpretarea art. 8 privind protec\u021bia datelor cu caracter personal din Carta&nbsp;drepturilor fundamentale a&nbsp; Uniunii Europene (CDFUE)<br>34 Irina ALEXE<br>Principalele nout\u0103\u021bi privind responsabilul cu protec\u021bia datelor, incluse \u00een GDPR<br>46 Arina DRAGODAN<br>Cooperarea administrativ\u0103 \u00een domeniul fiscal \u00eentre statele membre ale&nbsp;Uniunii Europene prin schimb automat obligatoriu de informa\u021bii \u0219i protec\u021bia&nbsp;datelor cu caracter personal<br>61 Silviu-Dorin \u015eCHIOPU<br>Aplicarea teritorial\u0103 a dreptului la uitare digital\u0103 (dreptul la \u00eenl\u0103turare) \u00een&nbsp;lumina cererii de decizie preliminar\u0103 introdus\u0103 de Conseil d\u2019\u00c9tat (Fran\u021ba) la&nbsp;21 august 2017 \u2013 Google Inc.\/CNIL [Cauza C-507\/17]<br>73 Cristian SOMO\u0218AN<br>Protec\u021bia specific\u0103 a copiilor \u00een Regulamentul General privind Protec\u021bia&nbsp;Datelor (RGDP\/GDPR)<br>81 Elisabeta SLABU<br>Rolul Autorit\u0103\u021bii Na\u021bionale de Supraveghere a Prelucr\u0103rii Datelor cu Caracter&nbsp;Personal \u00een asigurarea respect\u0103rii dreptului la via\u021b\u0103 intim\u0103, familial\u0103 \u0219i privat\u0103.&nbsp;Corelarea cu prevederile Capitolului VI din Regulamentul (UE) 2016\/679<\/p>\n\n\n\n<p><br>*<a href=\"http:\/\/www.mihaisandru.ro\/daniel-mihail-sandru-relevant-activities-in-the-field-of-personal-data-protection%ef%bb%bf\/\">Daniel-Mihail Sandru \u2013 relevant activities in the field of personal data protection<\/a><\/p>\n\n\n\n<p>*<a href=\"https:\/\/www.ardae.ro\/?p=3757\" target=\"_blank\" rel=\"noreferrer noopener\" aria-label=\" (opens in a new tab)\">Irina Alexe \u2013 lucr\u0103ri \u0219tiin\u021bifice \u00een materia protec\u021biei datelor personale<\/a><\/p>\n\n\n\n<p><a href=\"https:\/\/www.researchgate.net\/project\/GDPR-in-Romania\" target=\"_blank\" rel=\"noreferrer noopener\">researchgate<\/a><\/p>\n","protected":false},"excerpt":{"rendered":"","protected":false},"author":1,"featured_media":0,"comment_status":"closed","ping_status":"open","sticky":false,"template":"","format":"standard","meta":{"footnotes":""},"categories":[48,57],"tags":[103,108,102,99,100,93,97,105,109,92,95,94,106,104,107,96,101,98],"class_list":["post-3724","post","type-post","status-publish","format-standard","hentry","category-evenimente","category-romaniaeulaw","tag-alexandra-pana","tag-alexandru-georgescu","tag-andrei-savescu","tag-andy-pusca","tag-brendan-van-alsenoy","tag-comunitati-virtuale","tag-daniel-mihail-sandru","tag-daniela-cireasa","tag-darius-farcas","tag-data-protection","tag-gdpr","tag-juridice-ro","tag-nicolae-dragos-ploesteanu","tag-raul-felix-hodos","tag-raul-miron","tag-regulamentul-general-privind-protectia-datelor","tag-silviu-dorin-schiopu","tag-universitatea-danubius"],"_links":{"self":[{"href":"http:\/\/www.ardae.ro\/index.php?rest_route=\/wp\/v2\/posts\/3724"}],"collection":[{"href":"http:\/\/www.ardae.ro\/index.php?rest_route=\/wp\/v2\/posts"}],"about":[{"href":"http:\/\/www.ardae.ro\/index.php?rest_route=\/wp\/v2\/types\/post"}],"author":[{"embeddable":true,"href":"http:\/\/www.ardae.ro\/index.php?rest_route=\/wp\/v2\/users\/1"}],"replies":[{"embeddable":true,"href":"http:\/\/www.ardae.ro\/index.php?rest_route=%2Fwp%2Fv2%2Fcomments&post=3724"}],"version-history":[{"count":8,"href":"http:\/\/www.ardae.ro\/index.php?rest_route=\/wp\/v2\/posts\/3724\/revisions"}],"predecessor-version":[{"id":3877,"href":"http:\/\/www.ardae.ro\/index.php?rest_route=\/wp\/v2\/posts\/3724\/revisions\/3877"}],"wp:attachment":[{"href":"http:\/\/www.ardae.ro\/index.php?rest_route=%2Fwp%2Fv2%2Fmedia&parent=3724"}],"wp:term":[{"taxonomy":"category","embeddable":true,"href":"http:\/\/www.ardae.ro\/index.php?rest_route=%2Fwp%2Fv2%2Fcategories&post=3724"},{"taxonomy":"post_tag","embeddable":true,"href":"http:\/\/www.ardae.ro\/index.php?rest_route=%2Fwp%2Fv2%2Ftags&post=3724"}],"curies":[{"name":"wp","href":"https:\/\/api.w.org\/{rel}","templated":true}]}}