{"id":3715,"date":"2019-09-10T09:03:01","date_gmt":"2019-09-10T09:03:01","guid":{"rendered":"http:\/\/www.ardae.ro\/?p=3715"},"modified":"2022-05-19T19:13:01","modified_gmt":"2022-05-19T19:13:01","slug":"madalina-pleniceanu","status":"publish","type":"post","link":"http:\/\/www.ardae.ro\/?p=3715","title":{"rendered":"Madalina Pleniceanu"},"content":{"rendered":"\n<!--more-->\n\n\n\n<p>Aurelia-M\u0103d\u0103lina Pleniceanueste absolvent\u0103 a Facult\u0103\u021bii de Drept din cadrul UVT Timi\u0219oara \u0219i absolvent\u0103 a programului de Masterat EU Law de la Universitatea din Leiden, Olanda. \u00cen prezent sunt consilier pentru afaceri europene la Ministerul Comunica\u021biilor \u0219i Societ\u0103\u021bii Informa\u021bionale, iar p\u00e2n\u0103 la 1 iulie 2019 a f\u0103cut parte din echipa care a coordonat proiectele demarate de Minister cu prilejul Pre\u0219edin\u021biei Rom\u00e2niei la Consiliul Uniunii Europene.<\/p>\n\n\n\n<p>Dup\u0103 finalizarea studiilor juridice la Universitatea de Vest din Timi\u0219oara, a decis s\u0103 se dedice analizei am\u0103nun\u021bite a dreptului european, motiv pentru care a urmat studiile masterale \u00een acest domeniu la Universitatea din Leiden, Olanda. Studiile masterale i-au oferit posibilitatea dob\u00e2ndirii unor cuno\u0219tin\u021be aprofundate at\u00e2t privind latura procedural\u0103, c\u00e2t \u0219i cea material\u0103 a dreptului european.&nbsp;\u00cen acest context, a manifestat un interes deosebit \u00een analiza riguroas\u0103 a competen\u021bei \u0219i hot\u0103r\u00e2rilor Cur\u021bii de Justi\u021bie a Uniunii Europene, esen\u021biale pentru \u00een\u021belegerea legisla\u021biei primare \u0219i secundare unionale. Drept urmare, a publicat trei articole \u00een care dezbate <em>Competen\u021ba Cur\u021bii de Justi\u021bie a Uniunii Europene \u00een Internretarea acordului privind Spa\u021biul Economic European, <\/em>precum \u0219i interpretarea Cur\u021bii \u00een cauzele C-333\/13&nbsp;<em>Dano&nbsp;<\/em>i.e.&nbsp;<em>Cet\u0103\u021benia Uniunii Europene \u2013 impactul deciziei Cur\u021bii de Justi\u021bie \u00een cauza&nbsp;Dano&nbsp;asupra caracterului s\u0103u fundamental <\/em>\u0219iC-544\/15&nbsp;<em>Fahimian,<\/em>i.e.&nbsp;<em>Siguran\u021ba public\u0103 \u0219i cet\u0103\u021beanul unei \u021b\u0103ri ter\u021be.<\/em>&nbsp;<em>Cauza Fahimian-excep\u021bia de la regul\u0103?<\/em> <\/p>\n\n\n\n<p>Pe parcursul preg\u0103tirii academice a realizat c\u0103 educa\u021bia este domeniul care reclam\u0103 dezvoltare permanent\u0103, motiv pentru care este determinat\u0103 s\u0103 munceasc\u0103 \u0219i s\u0103 se dedice pentru a-\u0219i cl\u0103di un viitor profesional de succes. Curiozitatea constant\u0103 \u0219i pasiunea pentru sistemul unional au impulsionat-o s\u0103 participe la diverse proiecte \u00een acest domeniu, precum concursuri interna\u021bionale (Central and Eastern European Moot Court Competition, unde am fost semifinalist\u0103 \u00een 2016), \u0219coli de var\u0103, activit\u0103\u021bi de voluntariat \u0219i stagii de practic\u0103. \u00cen acest fel, a accesat \u00eendeaproape cadrul UE, con\u0219tientiz\u00e2nd amploarea impactului dreptului european, \u00een toate aspectele sale complexe, asupra vie\u021bii cotidiene.<\/p>\n\n\n\n<p>***<\/p>\n\n\n\n<p><strong>Revista\u00a0<\/strong><em>Afaceri juridice europene<\/em><\/p>\n\n\n\n<p><strong>RomaniaEULaw<\/strong>&nbsp;\u2013 <a href=\"https:\/\/www.csde.ro\/?p=3751\" target=\"_blank\" rel=\"noreferrer noopener\" aria-label=\" (opens in a new tab)\">interpretarea si aplicarea dreptului Uniunii Europene in Romania \u2013&nbsp;Lista trimiterilor preliminare din Romania, inregistrate la CJUE<\/a><a rel=\"noreferrer noopener\" href=\"http:\/\/www.csde.ro\/?p=3292\" target=\"_blank\">2<\/a><\/p>\n\n\n\n<p><a rel=\"noreferrer noopener\" href=\"http:\/\/www.csde.ro\/?page_id=2038\" target=\"_blank\">Dialog &amp; forum Drept si afaceri europene in Romania<\/a><\/p>\n\n\n\n<p><strong><a href=\"http:\/\/www.ardae.ro\/?p=47\" target=\"_blank\" rel=\"noreferrer noopener\">Dobandirea calitatii de membru aderent<\/a><\/strong><\/p>\n\n\n\n<p><a href=\"http:\/\/www.ardae.ro\/?p=436\" target=\"_blank\" rel=\"noreferrer noopener\"><strong>Lista membri aderenti ARDAE \u2013 Asociatia romana de drept si afaceri europene<\/strong><\/a><\/p>\n","protected":false},"excerpt":{"rendered":"","protected":false},"author":1,"featured_media":0,"comment_status":"closed","ping_status":"open","sticky":false,"template":"","format":"standard","meta":{"footnotes":""},"categories":[10],"tags":[],"class_list":["post-3715","post","type-post","status-publish","format-standard","hentry","category-membri-aderenti"],"_links":{"self":[{"href":"http:\/\/www.ardae.ro\/index.php?rest_route=\/wp\/v2\/posts\/3715"}],"collection":[{"href":"http:\/\/www.ardae.ro\/index.php?rest_route=\/wp\/v2\/posts"}],"about":[{"href":"http:\/\/www.ardae.ro\/index.php?rest_route=\/wp\/v2\/types\/post"}],"author":[{"embeddable":true,"href":"http:\/\/www.ardae.ro\/index.php?rest_route=\/wp\/v2\/users\/1"}],"replies":[{"embeddable":true,"href":"http:\/\/www.ardae.ro\/index.php?rest_route=%2Fwp%2Fv2%2Fcomments&post=3715"}],"version-history":[{"count":6,"href":"http:\/\/www.ardae.ro\/index.php?rest_route=\/wp\/v2\/posts\/3715\/revisions"}],"predecessor-version":[{"id":3880,"href":"http:\/\/www.ardae.ro\/index.php?rest_route=\/wp\/v2\/posts\/3715\/revisions\/3880"}],"wp:attachment":[{"href":"http:\/\/www.ardae.ro\/index.php?rest_route=%2Fwp%2Fv2%2Fmedia&parent=3715"}],"wp:term":[{"taxonomy":"category","embeddable":true,"href":"http:\/\/www.ardae.ro\/index.php?rest_route=%2Fwp%2Fv2%2Fcategories&post=3715"},{"taxonomy":"post_tag","embeddable":true,"href":"http:\/\/www.ardae.ro\/index.php?rest_route=%2Fwp%2Fv2%2Ftags&post=3715"}],"curies":[{"name":"wp","href":"https:\/\/api.w.org\/{rel}","templated":true}]}}