{"id":3706,"date":"2019-04-01T07:37:51","date_gmt":"2019-04-01T07:37:51","guid":{"rendered":"http:\/\/www.ardae.ro\/?p=3706"},"modified":"2022-05-19T19:15:22","modified_gmt":"2022-05-19T19:15:22","slug":"cosmin-santi","status":"publish","type":"post","link":"http:\/\/www.ardae.ro\/?p=3706","title":{"rendered":"Cosmin Santi"},"content":{"rendered":"\n<!--more-->\n\n\n\n<p><strong>SANTI COSMIN<\/strong><\/p>\n\n\n\n<p>membru aderent ARDAE din 28 februarie 2019.<\/p>\n\n\n\n<p>&#8211; Doctorand \u00een Drept la Institutul de Cercet\u0103ri Juridice \u201e<em>Acad. Andrei R\u0103dulescu<\/em>\u201dal Academiei Rom\u00e2ne;<\/p>\n\n\n\n<p>&#8211; Doctor \u00een\nTeologie la Universitatea din Bucure\u0219ti, Facultatea de Teologie Ortodox\u0103\n\u201eJustinian Patriarhul\u201d;<\/p>\n\n\n\n<p>&#8211; Master \u00een\nTeologie, Universitatea Valahia din T\u00e2rgovi\u0219te, Facultatea de Teologie\nOrtodox\u0103;<\/p>\n\n\n\n<p>&#8211; Licen\u021biat \u00een\nTeologie, Universitatea Valahia din T\u00e2rgovi\u0219te, Facultatea de Teologie\nOrtodox\u0103.<\/p>\n\n\n\n<p>Activitate:<\/p>\n\n\n\n<p>&#8211; Asistent\nUniversitar, disciplina: <em>Drept canonic \u0219i\nadministra\u021bie bisericeasc\u0103<\/em>, la Universitatea \u201eValahia\u201d din T\u00e2rgovi\u0219te,\nFacultatea de Teologie Ortodox\u0103 \u0219i \u0218tiin\u021bele Educa\u021biei;<\/p>\n\n\n\n<p>&#8211; Membru \u00een Asocia\u0163ia Rom\u00e2n\u0103 de \u0218tiin\u0163e Penale, Bucure\u0219ti;<\/p>\n\n\n\n<p>&#8211; Expert \u00een Corpul\nNa\u021bional de Exper\u021bi \u00een Management Educa\u021bional, Ministerul Educa\u021biei Na\u021bionale;<\/p>\n\n\n\n<p>&#8211; Membru Asociat al <strong>Centrului\nde Studii Nomocanonice \u0219i Teologice din cadrul Universit\u0103\u021bii \u201e<em>Babe\u0219 Bolyai<\/em>\u201d<\/strong> \u2013 <strong>Cluj-Napoca;<\/strong><\/p>\n\n\n\n<p>&#8211; Membru al\nCentrului de Cercet\u0103ri Interdisciplinare Credin\u0163\u0103-\u015etiin\u0163\u0103-Misiune \u201e<em>Sf\u00e2ntul Apostol Pavel<\/em>\u201d (CCICSM) din\ncadrul Universit\u0103\u0163ii \u201eValahia\u201d din T\u00e2rgovi\u015fte;<\/p>\n\n\n\n<p>&#8211; Membru \u00een Asocia\u0163ia \u015etiin\u0163ific\u0103 Interna\u0163ional\u0103 \u201e<em>Icon Of Faith International Academic And\nScientific Areal<\/em>\u201d.<\/p>\n\n\n\n<p>&#8211; Membru al <strong>Federa\u0163iei\nInterna\u0163ionale a Comunit\u0103\u0163ilor Educative din Rom\u00e2nia;<\/strong><\/p>\n\n\n\n<p>&#8211;\nMembru \u00een Editorial Board al revistei \u201e<strong><em>Philosophy\nInternational Journal<\/em><\/strong><strong>\u201d, Troy, Michigan, USA<\/strong><\/p>\n\n\n\n<p>&#8211; Membru \u00een\nEditorial Board al Revistei \u201e<em>International\nJournal of Education, Culture and Society<\/em>\u201d, Science Publishing\nGroup, New York, USA;<\/p>\n\n\n\n<p>&#8211; Membru \u00een\nAdvisory Board al Revistei \u201e<em>International\nJournal of Theology, Philosophy&nbsp;and Science<\/em>\u201d (IFIASA).<\/p>\n\n\n\n<p>&nbsp;&nbsp;&nbsp;&nbsp;&nbsp;&nbsp;&nbsp;&nbsp;&nbsp;&nbsp;&nbsp; Autor a 3 c\u0103r\u021bi \u0219i a mai multor studii \u0219i articole de specialitate, viz\u00e2nd at\u00e2t domeniul juridic c\u00e2t \u0219i domeniul teologic, publicate \u0219i sus\u021binute \u00een cadrul conferin\u021belor interna\u021bionale, dar \u0219i \u00een reviste de specialitate. <\/p>\n\n\n\n<p><\/p>\n\n\n\n<p>***<\/p>\n\n\n\n<p>RomaniaEULaw\u00a0\u2013 interpretarea si aplicarea dreptului Uniunii Europene in Romania \u2013\u00a0<a rel=\"noreferrer noopener\" aria-label=\" (opens in a new tab)\" href=\"https:\/\/www.csde.ro\/?p=3751\" target=\"_blank\">Lista trimiterilor preliminare din Romania, inregistrate la CJUE<\/a><\/p>\n\n\n\n<p><a href=\"http:\/\/www.csde.ro\/?p=3292\" target=\"_blank\" rel=\"noreferrer noopener\">2019 Proiectul Centrului de Studii de Drept European \u2013 Aspecte privind aplicarea Regulamentului nr. 679 din 2016 privind protec\u021bia datelor cu caracter personal<\/a><\/p>\n\n\n\n<p><a href=\"http:\/\/www.csde.ro\/?page_id=2038\" target=\"_blank\" rel=\"noreferrer noopener\">Dialog &amp; forum Drept si afaceri europene in Romania<\/a><\/p>\n\n\n\n<p><strong><a href=\"http:\/\/www.ardae.ro\/?p=47\" target=\"_blank\" rel=\"noreferrer noopener\">Dobandirea calitatii de membru aderent<\/a><\/strong><\/p>\n\n\n\n<p><a href=\"http:\/\/www.ardae.ro\/?p=436\" target=\"_blank\" rel=\"noreferrer noopener\"><strong>Lista membri aderenti ARDAE \u2013 Asociatia romana de drept si afaceri europene<\/strong><\/a><\/p>\n","protected":false},"excerpt":{"rendered":"","protected":false},"author":1,"featured_media":0,"comment_status":"closed","ping_status":"open","sticky":false,"template":"","format":"standard","meta":{"footnotes":""},"categories":[48],"tags":[],"class_list":["post-3706","post","type-post","status-publish","format-standard","hentry","category-evenimente"],"_links":{"self":[{"href":"http:\/\/www.ardae.ro\/index.php?rest_route=\/wp\/v2\/posts\/3706"}],"collection":[{"href":"http:\/\/www.ardae.ro\/index.php?rest_route=\/wp\/v2\/posts"}],"about":[{"href":"http:\/\/www.ardae.ro\/index.php?rest_route=\/wp\/v2\/types\/post"}],"author":[{"embeddable":true,"href":"http:\/\/www.ardae.ro\/index.php?rest_route=\/wp\/v2\/users\/1"}],"replies":[{"embeddable":true,"href":"http:\/\/www.ardae.ro\/index.php?rest_route=%2Fwp%2Fv2%2Fcomments&post=3706"}],"version-history":[{"count":4,"href":"http:\/\/www.ardae.ro\/index.php?rest_route=\/wp\/v2\/posts\/3706\/revisions"}],"predecessor-version":[{"id":3882,"href":"http:\/\/www.ardae.ro\/index.php?rest_route=\/wp\/v2\/posts\/3706\/revisions\/3882"}],"wp:attachment":[{"href":"http:\/\/www.ardae.ro\/index.php?rest_route=%2Fwp%2Fv2%2Fmedia&parent=3706"}],"wp:term":[{"taxonomy":"category","embeddable":true,"href":"http:\/\/www.ardae.ro\/index.php?rest_route=%2Fwp%2Fv2%2Fcategories&post=3706"},{"taxonomy":"post_tag","embeddable":true,"href":"http:\/\/www.ardae.ro\/index.php?rest_route=%2Fwp%2Fv2%2Ftags&post=3706"}],"curies":[{"name":"wp","href":"https:\/\/api.w.org\/{rel}","templated":true}]}}