{"id":3676,"date":"2018-04-29T09:31:43","date_gmt":"2018-04-29T09:31:43","guid":{"rendered":"http:\/\/www.ardae.ro\/?p=3676"},"modified":"2018-05-29T09:53:12","modified_gmt":"2018-05-29T09:53:12","slug":"dezbaterea-protectia-datelor-personale-in-romania-provocari-si-perspective-sibiu-2018","status":"publish","type":"post","link":"http:\/\/www.ardae.ro\/?p=3676","title":{"rendered":"Dezbaterea Protec\u0163ia datelor personale in Romania. Provocari si perspective, Sibiu, 2018"},"content":{"rendered":"<p><!--more--><\/p>\n<p style=\"text-align: center;\">Dezbaterea<\/p>\n<p style=\"text-align: center;\"><strong>Protec\u0163ia datelor personale in Romania. Provocari si perspective<\/strong><\/p>\n<p style=\"text-align: center;\">24 mai 2018, ora 12<\/p>\n<p style=\"text-align: center;\">Facultatea de Drept a Universit\u0103\u0163ii Lucian Blaga din Sibiu, Sala 101<\/p>\n<p>Facultatea de Drept a Universit\u0103\u0163ii Lucian Blaga din Sibiu\u00a0organizeaz\u0103 dezbaterea privind intrarea in vigoare a Regulamentului General privind Protec\u0163ia Datelor.<\/p>\n<p>Regulamentul (UE) 2016\/679 al Parlamentului European \u0219i al Consiliului din 27 aprilie 2016 privind protec\u021bia persoanelor fizice \u00een ceea ce prive\u0219te prelucrarea datelor cu caracter personal \u0219i privind libera circula\u021bie a acestor date \u0219i de abrogare a Directivei 95\/46\/CE va fi \u00a0pus in aplicare incepand cu 25 mai 2018. Dezbaterea va avea in vedere principalele subiecte ale reglementarii, rolul si sarcinile responsabilului cu protectia datelor, principiile reglementarii, cu accent pe consimtamantul persoanei vizate.<\/p>\n<p>Dezbaterea va fi moderata de conf. univ. dr. Gina Orga-Dumitru<\/p>\n<p>Invita\u0163i: Dr. Irina Alexe<\/p>\n<p>Prof. univ. dr. \u00a0Daniel-Mihail \u015eandru<\/p>\n<p>&nbsp;<\/p>\n<p>Organizatori: Facultatea de Drept a Universit\u0103\u0163ii Lucian Blaga din Sibiu<\/p>\n<p>Asociatia Rom\u00e2n\u0103 de Drept si Afaceri Europene\u200b<\/p>\n<p>Locul desf\u0103\u015fur\u0103rii evenimentului: Facultatea de Drept a Universit\u0103\u0163ii Lucian Blaga \u2013 Calea Dumbr\u0103vii, nr. 34, Sibiu<\/p>\n<p>Participarea este gratuita, in limita locurilor disponibile.<\/p>\n<p><a href=\"https:\/\/www.facebook.com\/events\/230296557743365\/\" target=\"_blank\">Eveniment facebook<\/a><\/p>\n<p>&nbsp;<\/p>\n<p><a href=\"http:\/\/www.ardae.ro\/?p=1822\" target=\"_blank\">ARDAE \u2013 Asociatia romana de drept si afaceri europene a incheiat un protocol de colaborare cu Facultatea de Drept \u201cSimion Barnutiu\u201d a Universit\u0103\u0163ii Lucian Blaga din Sibiu<\/a><\/p>\n","protected":false},"excerpt":{"rendered":"","protected":false},"author":1,"featured_media":0,"comment_status":"closed","ping_status":"open","sticky":false,"template":"","format":"standard","meta":{"footnotes":""},"categories":[48],"tags":[],"class_list":["post-3676","post","type-post","status-publish","format-standard","hentry","category-evenimente"],"_links":{"self":[{"href":"http:\/\/www.ardae.ro\/index.php?rest_route=\/wp\/v2\/posts\/3676"}],"collection":[{"href":"http:\/\/www.ardae.ro\/index.php?rest_route=\/wp\/v2\/posts"}],"about":[{"href":"http:\/\/www.ardae.ro\/index.php?rest_route=\/wp\/v2\/types\/post"}],"author":[{"embeddable":true,"href":"http:\/\/www.ardae.ro\/index.php?rest_route=\/wp\/v2\/users\/1"}],"replies":[{"embeddable":true,"href":"http:\/\/www.ardae.ro\/index.php?rest_route=%2Fwp%2Fv2%2Fcomments&post=3676"}],"version-history":[{"count":5,"href":"http:\/\/www.ardae.ro\/index.php?rest_route=\/wp\/v2\/posts\/3676\/revisions"}],"predecessor-version":[{"id":3680,"href":"http:\/\/www.ardae.ro\/index.php?rest_route=\/wp\/v2\/posts\/3676\/revisions\/3680"}],"wp:attachment":[{"href":"http:\/\/www.ardae.ro\/index.php?rest_route=%2Fwp%2Fv2%2Fmedia&parent=3676"}],"wp:term":[{"taxonomy":"category","embeddable":true,"href":"http:\/\/www.ardae.ro\/index.php?rest_route=%2Fwp%2Fv2%2Fcategories&post=3676"},{"taxonomy":"post_tag","embeddable":true,"href":"http:\/\/www.ardae.ro\/index.php?rest_route=%2Fwp%2Fv2%2Ftags&post=3676"}],"curies":[{"name":"wp","href":"https:\/\/api.w.org\/{rel}","templated":true}]}}