{"id":3668,"date":"2018-05-29T06:45:12","date_gmt":"2018-05-29T06:45:12","guid":{"rendered":"http:\/\/www.ardae.ro\/?p=3668"},"modified":"2018-12-28T05:35:05","modified_gmt":"2018-12-28T05:35:05","slug":"agenda-si-inscrieri-conferinta-internationala-procedura-trimiterii-preliminare-principii-de-drept-al-uniunii-europene-si-experiente-ale-sistemului-roman-de-drept-editia-a-ii-a-14-iunie-2018","status":"publish","type":"post","link":"http:\/\/www.ardae.ro\/?p=3668","title":{"rendered":"AGENDA \u015eI INSCRIERI: Conferin\u0163a interna\u021bional\u0103 Procedura trimiterii preliminare. Principii de drept al Uniunii Europene \u015fi experien\u0163e ale sistemului rom\u00e2n de drept, edi\u021bia a II-a, 14 iunie 2018"},"content":{"rendered":"<p><!--more--><\/p>\n<p align=\"center\"><b>&nbsp;<\/b><\/p>\n<p align=\"center\"><b>Centrul de Studii de Drept European (CSDE) al Institutului de Cercet\u0103ri Juridice din cadrul Academiei Rom\u00e2ne<\/b><\/p>\n<p align=\"center\"><b>&nbsp;<\/b><\/p>\n<p align=\"center\"><b>Asocia\u0163ia Forumul Judec\u0103torilor din Rom\u00e2nia<\/b><\/p>\n<p align=\"center\"><b>&nbsp;<\/b><\/p>\n<p align=\"center\"><b>Asocia\u0163ia Rom\u00e2n\u0103 de Drept \u015fi Afaceri Europene (ARDAE)<\/b><\/p>\n<p align=\"center\">Organizeaz\u0103 \u00een seria<\/p>\n<p align=\"center\">\u201eIADUER \u2013 interpretarea si aplicarea dreptului Uniunii Europene \u00een Rom\u00e2nia\u201d<\/p>\n<p align=\"center\">Conferin\u0163a interna\u021bional\u0103<\/p>\n<p align=\"center\"><b>Procedura trimiterii preliminare. Principii de drept al Uniunii Europene \u015fi experien\u0163e ale sistemului rom\u00e2n de drept, edi\u021bia a II-a<\/b><\/p>\n<p align=\"center\"><b>Reprezentan\u021ba Comisiei Europene \u00een Rom\u00e2nia, 14 iunie 2018, orele 10.00-14.30<\/b><\/p>\n<p>&nbsp; Dup\u0103 mai bine de zece ani de la aderarea Rom\u00e2niei la Uniunea European\u0103 trimiterile preliminare prezint\u0103 interes pentru justi\u021biabili, instan\u021be \u0219i avoca\u021bi, dar \u0219i pentru ceilal\u021bi practicieni. Instan\u021bele din Rom\u00e2nia au formulat peste 140 de trimiteri preliminare \u00een domenii diverse, cum ar fi&nbsp; interpretarea principiilor dreptului Uniunii Europene, taxe, protec\u021bia datelor, achizi\u021bii publice, dreptul muncii \u0219i securit\u0103\u021bii sociale, clauze abuzive, mediu. <b>iaduer.ro<\/b> \u0219i-a \u00eendeplinit menierea de a informa cu privire la trimiterile formulate \u0219i solu\u021bile Cur\u021bii de Justi\u021bie a Uniunii Europene. Conferin\u021ba ofer\u0103 un prilej de analiz\u0103 \u0219i dezbatere public\u0103 a rolului trimiterilor preliminare \u00een societatea rom\u00e2neasc\u0103, \u00een special \u00een solu\u021bionarea litigiilor \u00een care se interpreteaz\u0103 \u0219i aplic\u0103 dreptul Uniunii Europene.<\/p>\n<p align=\"center\">Centrul de Studii de Drept European (CSDE) al Institutului de Cercet\u0103ri Juridice din cadrul Academiei Rom\u00e2ne<\/p>\n<p align=\"center\">Asocia\u0163ia Forumul Judec\u0103torilor din Rom\u00e2nia<\/p>\n<p align=\"center\">Asocia\u0163ia Rom\u00e2n\u0103 de Drept \u015fi Afaceri Europene (ARDAE)<\/p>\n<p>&nbsp;<\/p>\n<p align=\"center\">Conferin\u0163a interna\u021bional\u0103<\/p>\n<p>&nbsp;<\/p>\n<p align=\"center\"><b>Procedura trimiterii preliminare. Principii de drept al Uniunii Europene \u015fi experien\u0163e ale sistemului rom\u00e2n de drept, edi<\/b><b>\u021b<\/b><b>ia a II-a<\/b><\/p>\n<p>&nbsp;<\/p>\n<p align=\"center\">Reprezentan\u021ba Comisiei Europene \u00een Rom\u00e2nia, 14 iunie 2018, orele 10.00-14.30<\/p>\n<p>&nbsp;<strong>Dr. Daniel-Mihail \u015eANDRU<\/strong>, prof. univ. dr. Coordonator Centrul de Studii de Drept European, Institutul de Cercet\u0103ri Juridice al Academiei Rom\u00e2ne<\/p>\n<p><i>Dialogul jurisdic\u0163ional dintre instan\u0163ele rom\u00e2ne \u015fi Curtea de Justi\u0163ie a Uniunii Europene. Raport privind anul 2017<\/i> <strong>&nbsp;<\/strong><\/p>\n<p><strong>Drd. Drago\u015f-Alin C\u0102LIN<\/strong>, judec\u0103tor<\/p>\n<p>Curtea Constitu\u0163ional\u0103 a Rom\u00e2niei \u015fi dreptul Uniunii Europene<\/p>\n<p><strong>Constantin Mihai BANU,<\/strong> <strong>&nbsp;<\/strong><\/p>\n<p><strong>Dr. Andra COTIGA-RACCAH<\/strong><strong>, prof. univ. dr., <\/strong>Universit\u00e9 Catholique de Lille, France <i>Libertatea de stabilire a societ\u0103<\/i><i>\u021b<\/i><i>ilor, \u00een particular cu referire la recenta decizie Polbud al Cur\u0163ii Europene de Justi\u0163ie<\/i><\/p>\n<p><b>Dr. Marieta SAFTA<\/b>,&nbsp; conf. univ. dr. Univeristatea Titu Maiorescu, <i>Reflectarea problematicii condi\u0163iilor de deten\u0163ie \u00een jurispruden\u0163a CJUE<\/i><\/p>\n<p><b>Dr. Lauren\u0163iu SORESCU<\/b>, procuror <i>Probleme practice privind emiterea \u015fi executarea mandatului european de arestare<\/i><\/p>\n<p><b>Dr. Irina ALEXE<\/b>, cercet\u0103tor \u015ftiin\u0163ific asociat, Institutul de Cercet\u0103ri Juridice al Academiei Rom\u00e2ne <i>Aplicarea procedurii trimiterii preliminare \u00een Rom\u00e2nia \u00een cauze privind func\u0163ionarii publici<\/i><\/p>\n<p><b>Dr. Mihaela VRABIE<\/b>, Avocat<b><\/b> <i>Revizuirea hot\u0103r\u00e2rilor judec\u0103tore\u015fti \u00een cazul nerespect\u0103rii unei decizii pronun\u0163ate de Curtea de Justi\u0163ie a Uniunii Europene \u00een cadrul procedurii trimiterii preliminare<\/i><\/p>\n<p><b>Dr. Mihaela MAZILU-BABEL<\/b> <i>Refuzul unei trimiteri preliminare referitoare la interpretarea articolului 47 din Carta DFUE: lipsa de utilitate a \u00eentreb\u0103rilor propuse<\/i> <b>&nbsp;<\/b><\/p>\n<p><b>Dr. Florin IRIMIA<\/b>, avocat<b><\/b> <i>Influen\u0163a trimiterilor preliminare asupra legisla\u0163iei achizi\u0163iilor publice<\/i> <b>&nbsp;<\/b><\/p>\n<p><b>Iuliana-Gabriela IACOB, <\/b>Avocat<b><\/b><\/p>\n<p><b>Ana-Maria ABRUDAN<\/b>, Avocat<\/p>\n<p><b><\/b> <i>CJEU and Public Procurement \u2013 A Romanian Case-Study<\/i><\/p>\n<p><b>Drd. Dan PETRACHE, <\/b>Universitatea din Bucure\u015fti<b><\/b><\/p>\n<p><i>Rolul \u00eentreb\u0103rii preliminare \u00een configurarea ordinii publice de drept interna\u0163ional privat<\/i><\/p>\n<p align=\"center\">Detalii: iaduer.ro, csde.ro, ardae.ro. \u00censcrieri: ardae2007@gmail.com<\/p>\n<p><b>Locul \u0219i agenda conferin\u021bei<\/b> <b>&nbsp;<\/b>Locul conferin\u021bei: <strong>Reprezentan\u021ba Comisiei Europene \u00een Rom\u00e2nia, Sala Nicolae Titulescu<\/strong>, et. 1 (Str. Vasile Lasc\u0103r, nr. 31). <b>Participarea la conferin\u021b\u0103 este gratuit\u0103. \u00censcrierea participan\u0163ilor se face \u00een limita locurilor. \u00censcrierile se fac la adresa ardae2007@gmail.com p\u00e2n\u0103 la 12 iunie 2018, ora 12. Av\u00e2nd \u00een vedere locul desf\u0103\u015fur\u0103rii nu se va putea participa \u00een sala f\u0103r\u0103 o prealabil\u0103 \u00eenscriere.<\/b> <b>&nbsp;&nbsp;&nbsp;&nbsp;&nbsp;&nbsp;&nbsp;<\/b><\/p>\n<p><b>&nbsp;&nbsp;<\/b> <b>Informa\u021bii \u0219i detalii<\/b> Lucr\u0103rile conferintei se vor desf\u0103\u0219ura \u00een limbile englez\u0103 \u0219i rom\u00e2n\u0103, f\u0103r\u0103&nbsp; traducere.<b><\/b> Detalii sunt publicate pe iaduer.ro, csde.ro \u015fi ardae.ro precum \u0219i la adresele de e-mail mihai.sandru@csde.ro sau ardae2007@gmail.com &nbsp; V\u0103 mul\u0163umim pentru retrimiterea acestei invita\u0163ii c\u0103tre toate persoanele interesate<\/p>\n<p><a href=\"http:\/\/www.csde.ro\/?p=2214\" target=\"_blank\" rel=\"noopener\">Agenda primei edi\u021bii a conferin\u021bei<\/a><\/p>\n<p><a href=\"https:\/\/www.facebook.com\/events\/873631752829196\/\">eveniment facebook<\/a><\/p>\n","protected":false},"excerpt":{"rendered":"","protected":false},"author":1,"featured_media":0,"comment_status":"closed","ping_status":"open","sticky":false,"template":"","format":"standard","meta":{"footnotes":""},"categories":[48],"tags":[],"class_list":["post-3668","post","type-post","status-publish","format-standard","hentry","category-evenimente"],"_links":{"self":[{"href":"http:\/\/www.ardae.ro\/index.php?rest_route=\/wp\/v2\/posts\/3668"}],"collection":[{"href":"http:\/\/www.ardae.ro\/index.php?rest_route=\/wp\/v2\/posts"}],"about":[{"href":"http:\/\/www.ardae.ro\/index.php?rest_route=\/wp\/v2\/types\/post"}],"author":[{"embeddable":true,"href":"http:\/\/www.ardae.ro\/index.php?rest_route=\/wp\/v2\/users\/1"}],"replies":[{"embeddable":true,"href":"http:\/\/www.ardae.ro\/index.php?rest_route=%2Fwp%2Fv2%2Fcomments&post=3668"}],"version-history":[{"count":7,"href":"http:\/\/www.ardae.ro\/index.php?rest_route=\/wp\/v2\/posts\/3668\/revisions"}],"predecessor-version":[{"id":3698,"href":"http:\/\/www.ardae.ro\/index.php?rest_route=\/wp\/v2\/posts\/3668\/revisions\/3698"}],"wp:attachment":[{"href":"http:\/\/www.ardae.ro\/index.php?rest_route=%2Fwp%2Fv2%2Fmedia&parent=3668"}],"wp:term":[{"taxonomy":"category","embeddable":true,"href":"http:\/\/www.ardae.ro\/index.php?rest_route=%2Fwp%2Fv2%2Fcategories&post=3668"},{"taxonomy":"post_tag","embeddable":true,"href":"http:\/\/www.ardae.ro\/index.php?rest_route=%2Fwp%2Fv2%2Ftags&post=3668"}],"curies":[{"name":"wp","href":"https:\/\/api.w.org\/{rel}","templated":true}]}}