{"id":3631,"date":"2018-02-12T12:11:41","date_gmt":"2018-02-12T12:11:41","guid":{"rendered":"http:\/\/www.ardae.ro\/?p=3631"},"modified":"2018-05-29T06:10:11","modified_gmt":"2018-05-29T06:10:11","slug":"2-pentru-drept-european-in-romania","status":"publish","type":"post","link":"http:\/\/www.ardae.ro\/?p=3631","title":{"rendered":"2% pentru drept european in Romania"},"content":{"rendered":"<p><!--more--><\/p>\n<p><b>ARDAE \u2013 Asociatia romana de drept \u015fi afaceri europene<\/b>.<\/p>\n<p><b>\u00a0<\/b><b><\/b><\/p>\n<p><b>Obiectivul ARDAE \u2013 Asocia\u0163iei rom\u00e2ne de drept \u015fi afaceri europene (<\/b><a href=\"http:\/\/www.ardae.ro\/\"><b>ARDAE<\/b><\/a><b>) este de a \u00eent\u0103riri capacitatea proactiv\u0103 a institu\u0163iilor statului rom\u00e2n \u00een privin\u0163a propunerilor de reglement\u0103ri ale Uniunii Europene, diseminarea de informa\u0163ie juridic\u0103 privind dreptul Uniunii Europene, organizarea de evenimente \u015ftiin\u0163ifice, publicarea de reviste \u015fi volume, participarea la proiecte \u015fi colaborarea cu entitati publice \u015fi private din \u0163ar\u0103 \u015fi strainatate \u00een domeniul dreptului \u015fi afacerilor europene.<\/b><\/p>\n<p>&nbsp;<\/p>\n<p><b>ARDAE pune la dispozi\u0163ia celor interesa\u0163i o baz\u0103 de date cu toate trimiterile preliminare formulate de instan\u0163ele din Rom\u00e2nia \u2013 iaduer.ro<\/b><b><\/b><\/p>\n<p><b>\u00a0<\/b><\/p>\n<p><b>\u00a0<\/b><\/p>\n<p><b>Ce este prevederea 2%?<\/b><\/p>\n<p>\u00cen conformitate cu prevederile Codului fiscal (Legea nr. 571\/2003 cu modific\u0103rile \u015fi complet\u0103rile ulterioare), prin intermediul prevederii 2%, contribuabilii persoane fizice au posibilitatea s\u0103 direc\u0163ioneze 2% din impozitul pe venit c\u0103tre o organiza\u0163ie neguvernamental\u0103 (asocia\u0163ie sau funda\u0163ie).<\/p>\n<p>Practic dumneavoastr\u0103 spune\u0163i Statului modul \u00een care s\u0103 fie cheltuit\u0103 o parte din impozitul pe care \u00eel pl\u0103ti\u0163i.<\/p>\n<p><b>Ce nu este prevederea 2%?<\/b><\/p>\n<p>Nu reprezint\u0103 un cost suplimentar pentru dumneavoastr\u0103.<\/p>\n<p>Nu vi se diminueaz\u0103 veniturile.<\/p>\n<p><b>De ce s\u0103 redirec\u0163ionez 2%?<\/b><\/p>\n<p>\u2022 Contribui\u0163i la rezolvarea problemelor sociale care afecteaz\u0103 via\u0163a comunit\u0103\u0163ii, deci \u015fi pe a dumneavoastr\u0103.<\/p>\n<p>\u2022 Contribui\u0163i la eficientizarea cheltuirii banului public care provine din impozitul pe care \u00eel pl\u0103ti\u0163i.<\/p>\n<p>\u2022 Contribui\u0163i la implicarea sectorului financiar &#8211; economic \u00een rezolvarea problemelor sociale ale<\/p>\n<p>cet\u0103\u0163enilor.<\/p>\n<p>&nbsp;<\/p>\n<p><b>Ce trebuie s\u0103 fac?<\/b><\/p>\n<p><b>\u00a0<\/b><\/p>\n<p><b>Pasul 1<\/b><\/p>\n<p>&nbsp;<\/p>\n<p><b>A)<\/b><\/p>\n<p>daca ave\u0163i\u00a0<b>doar venituri din salarii<\/b>: Completa\u0163i Formularul 230 \u201eCerere privind destina\u0163ia sumei reprezent\u00e2nd p\u00e2n\u0103 la 2% din impozitul anual&#8221; de la Administra\u0163ia fiscal\u0103 dup\u0103 cum urmeaz\u0103:<\/p>\n<p>1. \u00een sec\u0163iunea A datele dumneavoastr\u0103 de identificare<\/p>\n<p>2. \u00een sec\u0163iunea B datele de identificare fiscal\u0103 a\u00a0<b>Asocia\u0163iei Rom\u00e2ne de Drept \u015fi Afaceri Europene (ARDAE)<\/b><\/p>\n<p><b>Cod fiscal 31340452<\/b><\/p>\n<p><b>Cont bancar BRD\u2013SG \u2013 Sucursala Academiei &#8211; RO29 BRDE 410 SV 01807314100<\/b><\/p>\n<p><b>\u00a0DECLARATIA 230<\/b><\/p>\n<p><b>Anul la care se face referire in declara\u0163ie este 2017<\/b>, deoarece ne referim la impozitul pe venit din 2016, conform fisei fiscale. Nu v\u0103 face\u0163i probleme dac\u0103 nu cunoa\u015fte\u0163i suma corespunz\u0103toare a 2% din impozitul pe venit pe care \u00eel datora\u0163i statului. Va fi calculat\u0103 de c\u0103tre Administra\u0163ia fiscal\u0103. Pute\u0163i l\u0103sa c\u0103su\u0163a necompletat\u0103.<\/p>\n<p>&nbsp;<\/p>\n<p><b>B)<\/b><\/p>\n<p>daca ave\u0163i\u00a0<b>venituri din alte surse<\/b>\u00a0(cedarea folosin\u0163ei bunurilor, drepturi de autor etc.):<\/p>\n<p><b>Anul la care se face referire in declara\u0163ie este 2017<\/b>, deoarece ne referim la impozitul pe venit din 2016, conform fisei fiscale.\u00a0<b>Nu va face\u0163i probleme<\/b>\u00a0<b>daca nu cunoa\u015fte\u0163i suma corespunz\u0103toare a 2% din impozit. Va fi calculata de c\u0103tre organele fiscale<\/b>. Pute\u0163i las\u0103 casuta necompletata. Cei care ob\u0163in pe langa salarii si alte venituri, vor completa formularul 200, la toate capitolele aferente tipului de venit ob\u0163inut, inclusiv capitolul III &#8220;Destina\u0163ia sumei reprezent\u00e2nd 2% din impozitul pe venitul anual datorat&#8221;.<\/p>\n<p>&nbsp;<\/p>\n<p><b>Pasul 2<\/b>\u00a0Depune\u0163i personal sau trimite\u0163i prin scrisoare recomandat\u0103 Formularul 230\u00a0<b><span style=\"text-decoration: underline;\">Administra\u0163iei fiscale de domiciliu<\/span><\/b>\u00a0(formularul 200 pentru cei ce au ob\u0163inut venituri si din alte surse).<\/p>\n<p>&nbsp;<\/p>\n<p><b>TERMENUL LIMITA ESTE 25 MAI 2018.<\/b><\/p>\n<p><b>V\u00e3 mul\u0163umim pentru \u00eencredere!<\/b><\/p>\n","protected":false},"excerpt":{"rendered":"","protected":false},"author":1,"featured_media":0,"comment_status":"closed","ping_status":"open","sticky":false,"template":"","format":"standard","meta":{"footnotes":""},"categories":[6,8],"tags":[],"class_list":["post-3631","post","type-post","status-publish","format-standard","hentry","category-ardae-misiune","category-despre-noi"],"_links":{"self":[{"href":"http:\/\/www.ardae.ro\/index.php?rest_route=\/wp\/v2\/posts\/3631"}],"collection":[{"href":"http:\/\/www.ardae.ro\/index.php?rest_route=\/wp\/v2\/posts"}],"about":[{"href":"http:\/\/www.ardae.ro\/index.php?rest_route=\/wp\/v2\/types\/post"}],"author":[{"embeddable":true,"href":"http:\/\/www.ardae.ro\/index.php?rest_route=\/wp\/v2\/users\/1"}],"replies":[{"embeddable":true,"href":"http:\/\/www.ardae.ro\/index.php?rest_route=%2Fwp%2Fv2%2Fcomments&post=3631"}],"version-history":[{"count":2,"href":"http:\/\/www.ardae.ro\/index.php?rest_route=\/wp\/v2\/posts\/3631\/revisions"}],"predecessor-version":[{"id":3667,"href":"http:\/\/www.ardae.ro\/index.php?rest_route=\/wp\/v2\/posts\/3631\/revisions\/3667"}],"wp:attachment":[{"href":"http:\/\/www.ardae.ro\/index.php?rest_route=%2Fwp%2Fv2%2Fmedia&parent=3631"}],"wp:term":[{"taxonomy":"category","embeddable":true,"href":"http:\/\/www.ardae.ro\/index.php?rest_route=%2Fwp%2Fv2%2Fcategories&post=3631"},{"taxonomy":"post_tag","embeddable":true,"href":"http:\/\/www.ardae.ro\/index.php?rest_route=%2Fwp%2Fv2%2Ftags&post=3631"}],"curies":[{"name":"wp","href":"https:\/\/api.w.org\/{rel}","templated":true}]}}