{"id":3582,"date":"2017-12-04T11:48:10","date_gmt":"2017-12-04T11:48:10","guid":{"rendered":"http:\/\/www.ardae.ro\/?p=3582"},"modified":"2017-12-12T02:43:29","modified_gmt":"2017-12-12T02:43:29","slug":"adpce-2017-conferinta-nationala-arbitrajul-de-drept-privat-in-context-european-ed-4-11-decembrie-2017","status":"publish","type":"post","link":"http:\/\/www.ardae.ro\/?p=3582","title":{"rendered":"ADPCE 2017: Conferinta nationala Arbitrajul de drept privat \u00een context european, (ed. 4), 11 decembrie 2017"},"content":{"rendered":"<p><!--more--><\/p>\n<p>Institutul de Cercet\u0103ri Juridice din cadrul Academiei Rom\u00e2ne \u2013 Centrul de Studii de Drept European (CSDE)<\/p>\n<p>Universitatea Petru Maior (UPM)<\/p>\n<p>Asociatia romana de drept si afaceri europene (ARDAE)<\/p>\n<p><strong>sub egida<\/strong><\/p>\n<p><i>Cur\u0163ii de Arbitraj Comercial Interna\u021bional de pe l\u00e2ng\u0103 Camera de Comer\u021b \u0219i Industrie a Rom\u00e2niei<\/i><\/p>\n<p><strong>Conferinta nationala Arbitrajul de drept privat \u00een context european (ed. 4)<\/strong><\/p>\n<p>Academia Romana, Calea Victoriei, nr. 125<\/p>\n<p>Sala de Consiliu<\/p>\n<p>11 decembrie 2017, ora 13.00<\/p>\n<p>Partener media:\u00a0<a href=\"https:\/\/evenimente.juridice.ro\/2017\/12\/arbitrajul-de-drept-privat-in-context-european-ed-4-11-decembrie-2017-bucuresti.html\" target=\"_blank\">JURIDICE.ro<\/a><\/p>\n<p><a href=\"http:\/\/www.romanianarbitration.ro\/wp-content\/uploads\/2017\/10\/11-dec-arbitraj.jpg\"><img loading=\"lazy\" decoding=\"async\" alt=\"11 dec arbitraj\" src=\"http:\/\/www.romanianarbitration.ro\/wp-content\/uploads\/2017\/10\/11-dec-arbitraj-204x300.jpg\" width=\"204\" height=\"300\" \/><\/a>AGENDA<\/p>\n<p>12.30-13.00 Inscrierea participantilor<\/p>\n<p>13.00-13.15 Deschiderea conferintei.\u00a0<b>Keynote speaker: Prof. univ. dr. \u0218tefan Deaconu<\/b>, Presedinte\u00a0Curtea de Arbitraj Comercial Interna\u021bional de pe l\u00e2ng\u0103 Camera de Comer\u021b \u0219i Industrie a Rom\u00e2niei<\/p>\n<p><b>Tendinte din arbitrajul comercial international receptate in noile Reguli ale Cur\u021bii de Arbitraj Comercial International de pe langa Camera de Comert si Industrie a Romaniei<\/b><\/p>\n<p>13.15-14.20\u00a0<strong>Sesiunea I. Modificari ale\u00a0Regulilor de procedur\u0103 arbitral\u0103\u2019\u2019 Curtea de Arbitraj Comercial Interna\u021bional de pe l\u00e2ng\u0103 Camera de Comer\u021b \u0219i Industrie a Rom\u00e2niei<\/strong><\/p>\n<p>Moderator: prof. univ. dr. Daniel-Mihail \u0218andru<\/p>\n<p><strong>Dr. Cosmin Vasile<\/strong>,\u00a0<em>Despre asteptarile utilizatorilor arbitrajului in Romania. Privire speciala asupra procedurii privind cererile cu valoare redusa<\/em><\/p>\n<p><strong>Cornel Popa<\/strong><em>,\u00a0Autonomia procedural\u0103 \u00een noile reguli de procedur\u0103 arbitral\u0103 ale Cur\u021bii de Arbitraj Comercial Interna\u021bional<\/em><\/p>\n<p><strong>Dr. Cristina Alexe, FCIArb<\/strong>,\u00a0<i>Ghimpele din reglementarea arbitrajului \u00een Rom\u00e2nia:discriminarea arbitrajului privind transferul \u0219i constituirea unui drept real. P\u00e2n\u0103 c\u00e2nd<\/i>?<\/p>\n<p><strong>Daniela Pop<\/strong>,\u00a0<em>Probleme ap\u0103rute in practica Curtii de arbitraj privind plata taxei arbitrale<\/em><\/p>\n<p><strong>Cristina Florescu<\/strong>,\u00a0<em>Rolul \u0219i utilitatea procedurii arbitrului de urgen\u021b\u0103<\/em><\/p>\n<p><strong>Adrian Ratiu<\/strong>,\u00a0<em>Proba cu expertiza \u00een Proiectul\/Noile Reguli de procedur\u0103 arbitral\u0103<\/em><\/p>\n<p><strong>Bazil Oglind\u0103<\/strong>,\u00a0<em>Bifurcarea procedurii. impactul asupra celerit\u0103\u021bii \u0219i costurilor arbitrajului<\/em><\/p>\n<p>14.20-14.35 Pauza<\/p>\n<p><strong>14.35 \u2013 15.30 Sesiunea II. Arbitrajul in Uniunea Europeana \u0219i a<strong>rbitrajul investitiilor internationale<\/strong><\/strong><\/p>\n<p>Moderator:\u00a0<strong>conf . univ. dr. Nicolae-Drago\u0219 Ploe\u0219teanu<\/strong><\/p>\n<p><strong>Hilda \u0218um\u0103lan, Nicolae Ploe\u0219teanu<\/strong>,\u00a0<em>GDPR \u0219i protec\u021bia datelor \u2013 Influen\u021ba asupra arbitrajului<\/em><\/p>\n<p><strong>Ramona Cirlig<\/strong>,\u00a0<i>Contributia CJUE la conturarea arbitrajului international in Uniunea Europeana<\/i><\/p>\n<p><i><\/i><strong>Iuliana Iacob<\/strong>,\u00a0<i>Aspecte privind evolutia disputelor investitionale in domeniul energiei<\/i><\/p>\n<p><strong>Raul-Felix Hodos<\/strong>,\u00a0De la reglementarea european\u0103 la transpunerea rom\u00e2neasc\u0103 a procedurilor de solu\u021bionare alternativ\u0103 a litigiilor cu consumatorii. O.G. 38\/2015 \u0219i perspectivele sale<\/p>\n<p><strong>Raul Miron<\/strong>,\u00a0<i>R\u0103spunderea penal\u0103 a arbitrilor \u00een procesul arbitral interna\u021bional<\/i><\/p>\n<p><strong>Daniel-Mihail \u0218andru<\/strong>,\u00a0<em>Solu\u021bionarea litigiilor prin arbitraj \u00een domeniul cinematografiei<\/em><\/p>\n<p>15.30-16.30 Concluzii<\/p>\n<p><strong>Participarea la conferinta este gratuita, in limita locurilor disponibile. Se acorda diplome de participare. Inscrieri: ardae2007@gmail.com la data de 10 decembrie 2017.<\/strong><\/p>\n<p><strong>Comitetul \u0219tiin\u021bific \u0219i organizatoric:<\/strong><\/p>\n<p><strong>Prof. univ. dr. Daniel-Mihail \u0218andru<\/strong><\/p>\n<p><strong>Conf. univ. dr. Nicolae Drago\u0219 Ploe\u0219teanu<\/strong><\/p>\n<p><strong>Lector univ. dr. Raul-Felix Hodo\u0219<\/strong><\/p>\n<p><strong>Jur. Crina Veres<\/strong><\/p>\n<p><strong>Marina Sasu<\/strong><\/p>\n<p><strong>Silvia \u0218tefania Cre\u021bu<\/strong><\/p>\n<p><strong>PARTENERI:\u00a0<a href=\"http:\/\/www.editurauniversitara.ro\/\" target=\"_blank\">Editura Universitara<\/a>,\u00a0<a href=\"http:\/\/www.romanianarbitration.ro\/\" target=\"_blank\">Revista Arbitrajul comercial in Romania \u2013 romanianarbitration.ro<\/a>,\u00a0<a href=\"https:\/\/wolterskluwer.ro\/\" target=\"_blank\">Revista romana de dreptul afacerilor<\/a>.<\/strong><\/p>\n<p>Articolele vor fi publicate in\u00a0<a href=\"https:\/\/wolterskluwer.ro\/\" target=\"_blank\">Revista romana de dreptul afacerilor (Wolters Kluwer)<\/a>\u00a0sau in\u00a0<a href=\"http:\/\/www.romanianarbitration.ro\/\" target=\"_blank\">Revista Arbitrajul comercial in Romania \u2013 romanianarbitration.ro<\/a><\/p>\n<p>&nbsp;<\/p>\n<p>Editii anterioare<\/p>\n<p><a href=\"http:\/\/www.romanianarbitration.ro\/?p=1332\" target=\"_blank\">Arbitrajul de drept privat \u00een context european (ed. 3), 2016<\/a><\/p>\n<p><a href=\"http:\/\/www.csde.ro\/?p=807\" target=\"_blank\">Detalii privind prima edi\u0163ie a conferin\u0163ei<\/a><\/p>\n<p><a href=\"http:\/\/www.csde.ro\/?p=2935\" target=\"_blank\">Detalii privind a doua edi\u0163ie a conferintei<\/a><\/p>\n<p>&nbsp;<\/p>\n","protected":false},"excerpt":{"rendered":"","protected":false},"author":1,"featured_media":0,"comment_status":"closed","ping_status":"open","sticky":false,"template":"","format":"standard","meta":{"footnotes":""},"categories":[48],"tags":[],"class_list":["post-3582","post","type-post","status-publish","format-standard","hentry","category-evenimente"],"_links":{"self":[{"href":"http:\/\/www.ardae.ro\/index.php?rest_route=\/wp\/v2\/posts\/3582"}],"collection":[{"href":"http:\/\/www.ardae.ro\/index.php?rest_route=\/wp\/v2\/posts"}],"about":[{"href":"http:\/\/www.ardae.ro\/index.php?rest_route=\/wp\/v2\/types\/post"}],"author":[{"embeddable":true,"href":"http:\/\/www.ardae.ro\/index.php?rest_route=\/wp\/v2\/users\/1"}],"replies":[{"embeddable":true,"href":"http:\/\/www.ardae.ro\/index.php?rest_route=%2Fwp%2Fv2%2Fcomments&post=3582"}],"version-history":[{"count":4,"href":"http:\/\/www.ardae.ro\/index.php?rest_route=\/wp\/v2\/posts\/3582\/revisions"}],"predecessor-version":[{"id":3594,"href":"http:\/\/www.ardae.ro\/index.php?rest_route=\/wp\/v2\/posts\/3582\/revisions\/3594"}],"wp:attachment":[{"href":"http:\/\/www.ardae.ro\/index.php?rest_route=%2Fwp%2Fv2%2Fmedia&parent=3582"}],"wp:term":[{"taxonomy":"category","embeddable":true,"href":"http:\/\/www.ardae.ro\/index.php?rest_route=%2Fwp%2Fv2%2Fcategories&post=3582"},{"taxonomy":"post_tag","embeddable":true,"href":"http:\/\/www.ardae.ro\/index.php?rest_route=%2Fwp%2Fv2%2Ftags&post=3582"}],"curies":[{"name":"wp","href":"https:\/\/api.w.org\/{rel}","templated":true}]}}