{"id":3548,"date":"2017-11-23T04:43:44","date_gmt":"2017-11-23T04:43:44","guid":{"rendered":"http:\/\/www.ardae.ro\/?p=3548"},"modified":"2017-11-23T04:43:44","modified_gmt":"2017-11-23T04:43:44","slug":"alexandru-georgescu","status":"publish","type":"post","link":"http:\/\/www.ardae.ro\/?p=3548","title":{"rendered":"Alexandru GEORGESCU"},"content":{"rendered":"<p><!--more--><\/p>\n<p><b>Alexandru GEORGESCU<\/b><\/p>\n<p>A absolvit Facultatea de Drept \u2013 Universitatea Bucure\u0219ti \u015fi programul de master \u201eDreptul Afacerilor\u201d din cadrul Facult\u0103\u0163ii de \u015etiinte Juridice a Universit\u0103\u0163ii Cre\u015ftine Dimitrie Cantemir. Este expert accesare fonduri europene \u015fi expert dreptul muncii. A acordat asisten\u0163\u0103 juridic\u0103 \u015fi reprezentare \u00een domeniul industriei metalurgice \u015fi agribusines \u00een prezent fiind consilier juridic \u00een administra\u021bia public\u0103 central\u0103. Este membru al Asocia\u0163iei Rom\u00e2ne de Drept \u015fi Afaceri Europene. A participat cu comunic\u0103ri \u015ftiin\u0163ifice la evenimente, conferin\u0163e \u015fi seminare din domeiniul dreptului european.<\/p>\n<p><a href=\"https:\/\/www.juridice.ro\/alexandru-georgescu\" target=\"_blank\">Detalii JURIDICE.ro<\/a><\/p>\n<p><a href=\"https:\/\/www.linkedin.com\/in\/alexandru-georgescu-46321371\/\" target=\"_blank\">Linkedin<\/a><\/p>\n<p>&nbsp;<\/p>\n<p>***<\/p>\n<p><strong><a href=\"http:\/\/www.ardae.ro\/?p=47\" target=\"_blank\">Dobandirea calitatii de membru aderent<\/a><\/strong><\/p>\n<p><a href=\"http:\/\/www.ardae.ro\/?p=436\" target=\"_blank\"><strong>Lista membri aderenti ARDAE \u2013 Asociatia romana de drept si afaceri europene<\/strong><\/a><\/p>\n<p><strong>Revista ARDAE<\/strong>\u00a0\u2013\u00a0<a href=\"http:\/\/iaduer.ro\/\"><em>Afaceri juridice europene<\/em><\/a><a href=\"http:\/\/iaduer.ro\/?p=1285\" target=\"_blank\"><br \/>\n<\/a><\/p>\n<p><strong>PROIECTUL IADUER<\/strong>\u00a0\u2013 interpretarea si aplicarea dreptului Uniunii Europene in Romania \u2013\u00a0<a href=\"http:\/\/iaduer.ro\/?p=162\" target=\"_blank\">Lista trimiterilor preliminare din Romania, inregistrate la CJUE<\/a><\/p>\n<p><a href=\"http:\/\/www.csde.ro\/?page_id=2038\" target=\"_blank\">Dialog &amp; forum Drept si afaceri europene in Romania<\/a><\/p>\n<p><a href=\"https:\/\/eubusinesslaw.wordpress.com\/evenimente-drept-european-ardae\/\" target=\"_blank\"><strong>Evenimente drept european \u2013 ARDAE \u2013 Asociatia romana de drept si afaceri europene<\/strong><\/a><\/p>\n<p>&nbsp;<\/p>\n","protected":false},"excerpt":{"rendered":"","protected":false},"author":1,"featured_media":0,"comment_status":"closed","ping_status":"open","sticky":false,"template":"","format":"standard","meta":{"footnotes":""},"categories":[10],"tags":[],"class_list":["post-3548","post","type-post","status-publish","format-standard","hentry","category-membri-aderenti"],"_links":{"self":[{"href":"http:\/\/www.ardae.ro\/index.php?rest_route=\/wp\/v2\/posts\/3548"}],"collection":[{"href":"http:\/\/www.ardae.ro\/index.php?rest_route=\/wp\/v2\/posts"}],"about":[{"href":"http:\/\/www.ardae.ro\/index.php?rest_route=\/wp\/v2\/types\/post"}],"author":[{"embeddable":true,"href":"http:\/\/www.ardae.ro\/index.php?rest_route=\/wp\/v2\/users\/1"}],"replies":[{"embeddable":true,"href":"http:\/\/www.ardae.ro\/index.php?rest_route=%2Fwp%2Fv2%2Fcomments&post=3548"}],"version-history":[{"count":1,"href":"http:\/\/www.ardae.ro\/index.php?rest_route=\/wp\/v2\/posts\/3548\/revisions"}],"predecessor-version":[{"id":3549,"href":"http:\/\/www.ardae.ro\/index.php?rest_route=\/wp\/v2\/posts\/3548\/revisions\/3549"}],"wp:attachment":[{"href":"http:\/\/www.ardae.ro\/index.php?rest_route=%2Fwp%2Fv2%2Fmedia&parent=3548"}],"wp:term":[{"taxonomy":"category","embeddable":true,"href":"http:\/\/www.ardae.ro\/index.php?rest_route=%2Fwp%2Fv2%2Fcategories&post=3548"},{"taxonomy":"post_tag","embeddable":true,"href":"http:\/\/www.ardae.ro\/index.php?rest_route=%2Fwp%2Fv2%2Ftags&post=3548"}],"curies":[{"name":"wp","href":"https:\/\/api.w.org\/{rel}","templated":true}]}}