{"id":3531,"date":"2017-11-21T11:44:42","date_gmt":"2017-11-21T11:44:42","guid":{"rendered":"http:\/\/www.ardae.ro\/?p=3531"},"modified":"2018-01-29T11:28:05","modified_gmt":"2018-01-29T11:28:05","slug":"universitatea-danubius-conferinta-nationala-comunitati-virtuale-in-epoca-regulamentului-general-privind-protectia-datelor-23-noiembrie-2017","status":"publish","type":"post","link":"http:\/\/www.ardae.ro\/?p=3531","title":{"rendered":"Universitatea Danubius: Conferinta nationala Comunitati virtuale in epoca Regulamentului General privind Protectia Datelor, 23 noiembrie 2017"},"content":{"rendered":"<p style=\"text-align: right;\"><!--more--><\/p>\n<p style=\"text-align: center;\"><img loading=\"lazy\" decoding=\"async\" class=\"alignright\" alt=\"sigla-danubius-2\" src=\"https:\/\/eubusinesslaw.files.wordpress.com\/2016\/11\/sigla-danubius-2.png?w=600\" width=\"300\" height=\"281\" \/><\/p>\n<p style=\"text-align: center;\">Masteratul Dreptul comunitatilor virtuale<\/p>\n<p style=\"text-align: center;\">organizeaza<\/p>\n<p style=\"text-align: center;\"><strong>Conferinta nationala<\/strong><\/p>\n<p style=\"text-align: center;\"><strong>Comunitati virtuale in epoca Regulamentului General privind protectia datelor<\/strong><\/p>\n<p style=\"text-align: center;\">23 noiembrie 2017, ora 12, Galati<\/p>\n<p style=\"text-align: center;\">Partener media: JURIDICE.ro<\/p>\n<p>AGENDA<\/p>\n<p>11.30-12.00 Inscrierea participantilor<\/p>\n<p>12.00-12.30 Deschiderea conferintei<\/p>\n<p>Keynote speaker<\/p>\n<p><a href=\"http:\/\/www.univ-danubius.ro\/resurse-structura-udg\/rector.html\" target=\"_blank\" rel=\"noopener\">Conf. univ. dr. Andy Pu\u0219c\u0103<\/a>, titlu rezervat<\/p>\n<p><a href=\"http:\/\/www.univ-danubius.ro\/facultatea-de-drept-2\/management-facultatea-de-drept.html\" target=\"_blank\" rel=\"noopener\">Lector univ. dr. Alina Ionescu Dumitrache<\/a>, \u00a0Protec\u021bia juridico- penal\u0103 a vie\u021bii private \u00een mediul on\/line. \u00centinderea dreptului angajatorului de a supraveghea coresponden\u021ba angajatului. Cauza Barbulescu vs. Rom\u00e2nia<\/p>\n<p><a href=\"http:\/\/www.mihaisandru.ro\/\" target=\"_blank\" rel=\"noopener\">Prof. univ. dr. Daniel-Mihail \u0218andru<\/a>,\u00a0<em>Imposibila coexisten\u021b\u0103 \u00eentre protec\u021bia datelor \u0219i comunit\u0103\u021bile virtuale? Ce urmeaz\u0103?<\/em><\/p>\n<p>12.30 \u2013 13.00 Lansare de carte:\u00a0<strong><a href=\"https:\/\/www.juridice.ro\/irina-alexe\" target=\"_blank\" rel=\"noopener\">Irina Alexe<\/a>,\u00a0<a href=\"http:\/\/www.ardae.ro\/?p=1059\" target=\"_blank\" rel=\"noopener\">Nicolae-Drago\u015f Ploe\u0219teanu<\/a>,\u00a0<a href=\"http:\/\/www.mihaisandru.ro\/\" target=\"_blank\" rel=\"noopener\">Daniel-Mihail \u0218andru<\/a>\u00a0(coordonatori)<\/strong>,\u00a0<em>Protec\u0163ia datelor cu caracter personal. Impactul protec\u0163iei datelor personale asupra mediului de afaceri. Evalu\u0103ri ale experien\u0163elor rom\u00e2ne\u015fti \u0219i noile provoc\u0103ri ale Regulamentului (UE) 2016\/679<\/em>,\u00a0<a href=\"http:\/\/www.editurauniversitara.ro\/carte\/date\/protectia_datelor_cu_caracter_personal\/11529\" target=\"_blank\" rel=\"noopener\">Editura Universitar\u0103, 2017<\/a><\/p>\n<p><strong><a href=\"http:\/\/www.ardae.ro\/wp-content\/uploads\/Alexe_Ploesteanu_Sandru_Protectia_datelor_cu_caracter_personal_GDPR2017.jpg\"><img loading=\"lazy\" decoding=\"async\" class=\"alignleft size-medium wp-image-3340\" alt=\"Alexe_Ploesteanu_Sandru_Protectia_datelor_cu_caracter_personal_GDPR2017\" src=\"http:\/\/www.ardae.ro\/wp-content\/uploads\/Alexe_Ploesteanu_Sandru_Protectia_datelor_cu_caracter_personal_GDPR2017-212x300.jpg\" width=\"212\" height=\"300\" srcset=\"http:\/\/www.ardae.ro\/wp-content\/uploads\/Alexe_Ploesteanu_Sandru_Protectia_datelor_cu_caracter_personal_GDPR2017-212x300.jpg 212w, http:\/\/www.ardae.ro\/wp-content\/uploads\/Alexe_Ploesteanu_Sandru_Protectia_datelor_cu_caracter_personal_GDPR2017-723x1024.jpg 723w, http:\/\/www.ardae.ro\/wp-content\/uploads\/Alexe_Ploesteanu_Sandru_Protectia_datelor_cu_caracter_personal_GDPR2017.jpg 900w\" sizes=\"(max-width: 212px) 100vw, 212px\" \/><\/a>13.00 \u2013 14.00 Sesiunea I. Regulamentul general privind protectia datelor<\/strong><\/p>\n<p>Moderatori:\u00a0<a href=\"http:\/\/www.univ-danubius.ro\/resurse-structura-udg\/rector.html\" target=\"_blank\" rel=\"noopener\">Conf. univ. dr. Andy Pu\u0219c\u0103;\u00a0<\/a>Lector univ. dr. Alina Ionescu Dumitrache<\/p>\n<p><strong>Irina Alexe<\/strong>,\u00a0<em>Principalele nout\u0103\u021bi privind responsabilul cu protec\u021bia datelor, incluse in GDPR<\/em><\/p>\n<p><strong>Arina Dragodan<\/strong>,\u00a0<em>Protectia datelor cu caracter personal \u00een cazul schimbului de informatii intre autoritatile fiscale ale statelor membre in vederea cooperarii administrative in domeniul fiscal<\/em><\/p>\n<p><strong>Elisabeta Slabu<\/strong>,<i>\u00a0Rolul Autorit\u0103\u0163ii Na\u0163ionale de Supraveghere a Prelucr\u0103rii Datelor cu Caracter Personal \u00een asigurarea respectarii dreptului la via\u0163\u0103 intim\u0103, familial\u0103 \u015fi privat\u0103. Corelarea cu prevederile Capitolului VI din \u00a0REGULAMENTUL (UE) 2016\/679<\/i><\/p>\n<p><strong>Nicolae Pana<\/strong>,\u00a0<em>M\u0103suri de responsabilizare activ\u0103 \u00een tratamentul datelor cu caracter personal \u2013 de la teorie la practic\u0103<\/em><\/p>\n<p><strong>Alexandru Georgescu<\/strong>,\u00a0<em>Profesionistii si protectia datelor cu caracter personal \u2013 \u201eto do list\u201d in contextul Regulamentului UE 2016\/679<\/em><\/p>\n<p><strong>Monica Pocora<\/strong>, Integritatea sistemelor si datelor informatice, la limita ilicitului penal<\/p>\n<p><strong>Cristian Somo\u0219an<\/strong>,\u00a0<em>Protec\u021bia specific\u0103 a copiilor \u00een Regulamentul General privind Protec\u021bia Datelor(RGDP\/GDPR)<\/em><\/p>\n<p><strong>Radu R\u0103zvan Popescu<\/strong>,\u00a0<em>\u00centinderea protec\u021biei datelor \u0219i informa\u021biilor aduse la cuno\u0219tin\u021ba p\u0103r\u021bilor pe durata raportului juridic de munc\u0103<\/em><\/p>\n<p>14.00 \u2013 14.15 Pauza<\/p>\n<p><strong>14. 15 \u2013 15.00 Sesiunea II. Comunitati virtuale si GDPR<\/strong><\/p>\n<p>Moderatori:\u00a0<a href=\"http:\/\/www.univ-danubius.ro\/resurse-structura-udg\/rector.html\" target=\"_blank\" rel=\"noopener\">Conf. univ. dr. Andy Pu\u0219c\u0103;\u00a0<\/a>Lector univ. dr. Alina Ionescu Dumitrache<\/p>\n<p><em>Implica\u021biile juridice ale utiliz\u0103rii abuzive a datelor personale ale utilizatorilor virtuali \u00een scop comercial<\/em><\/p>\n<p>Emil Alin NEDELCU \u2013 student \u00een anul III, Facultatea de Drept<\/p>\n<p>Ciprian Nicu FRANGU \u2013 student \u00een anul III, Facultatea de Drept<\/p>\n<p>Lucian Florin BOTO\u0218INEANU \u2013 student \u00een anul III, Facultatea de Drept<\/p>\n<p>Coordonator: Lect. univ. dr. Ana Alina IONESCU DUMITRACHE<\/p>\n<p><em>Protec\u021bia drepturilor minorului captiv \u00een lumea re\u021belelor sociale. Aspecte juridico- penale<\/em><\/p>\n<p>Aura-Oana-M\u0103d\u0103lina BRESCAN \u2013 student\u0103 \u00een anul III, Facultatea de Drept<\/p>\n<p>Catalina Ionela CRISAN \u2013 student\u0103 \u00een anul III, Facultatea de Drept<\/p>\n<p>Coordonator: Lect. univ. dr. Ana Alina IONESCU DUMITRACHE<\/p>\n<p>V<em>iolarea secretului coresponden\u021bei, infrac\u021biune \u2013 mijloc a s\u0103v\u00e2r\u0219irii unor fapte penale de c\u0103tre func\u021bionarii publici. Studii de caz din practica CEDO<\/em><\/p>\n<p>R\u0103zvan Alexandru CONDUNINA \u2013 student \u00een anul III, Facultatea de Drept<\/p>\n<p>Coordonator: Lect. univ. dr. Ana Alina IONESCU DUMITRACHE<\/p>\n<p><em>Protec\u021bia datelor cu caracter personal \u00een lumina prevederilor articolului 327 din Codul penal referitoare la infrac\u021biunea de fals privind identitatea. Practica judiciar\u0103 relevant\u0103.<\/em><\/p>\n<p>Eman CHARKAOUI \u2013 student\u0103 \u00een anul III, Facultatea de Drept<\/p>\n<p>Denisa Nicoleta NECULA \u2013 student\u0103 \u00een anul III, Facultatea de Drept<\/p>\n<p>Coordonator: Lect. univ. dr. Ana Alina IONESCU DUMITRACHE<\/p>\n<p>I<em>nviolabilitatea identit\u0103\u021bii personale \u00een spa\u021biul public virtual. Perspectiv\u0103\u00a0juridico- penal\u0103.<\/em><\/p>\n<p>Adrian NOAC\u0102 -student \u00een anul III, Facultatea de Drept<\/p>\n<p>Coordonator: Lect. univ. dr. Ana Alina IONESCU DUMITRACHE<\/p>\n<p>P<em>relucrarea datelor cu caracter personal \u00een contextul normelor de drept procesual penal referitoare la m\u0103sura special\u0103 a supravegherii tehnice. Utilitatea \u0219i propor\u021bionalitatea acestei m\u0103suri \u00een raport cu restr\u00e2ngerea drepturilor \u0219i libert\u0103\u021bilor fundamentale.<\/em><br \/>\nAna SERBU \u2013\u00a0student\u0103\u00a0\u00een anul III, Facultatea de Drept<\/p>\n<p>Madalina NISTOR \u2013\u00a0student\u0103\u00a0\u00een anul III, Facultatea de Drept<\/p>\n<p>Coordonator: Lect. univ. dr. Ana Alina IONESCU DUMITRACHE<\/p>\n<p>15.00-15.10 Pauza<\/p>\n<p><strong>15.10-15.45 Concluzii<\/strong><\/p>\n<p><strong>Comitet stiintific si organizatoric:<\/strong><\/p>\n<p>Conf. univ. dr. Andy Pusca<\/p>\n<p>Conf. univ. dr. Monica Pocora<\/p>\n<p>Prof. univ. dr. Ion Rusu<\/p>\n<p>Conf. univ. dr. Florian Nuta<\/p>\n<p>Lector univ. dr. Alina Ionescu Dumitrache<\/p>\n<p>Conf. univ. dr. Angelica Rosu<\/p>\n<p>Conf. univ. dr. Nicolae Ploesteanu<\/p>\n<p>Dr. Irina Alexe<\/p>\n<p>Prof. univ. dr. Daniel-Mihail \u015eandru<\/p>\n<p>Prof. univ. dr. Emilian M. Dobrescu<\/p>\n<p><strong>Alte informatii:<\/strong><\/p>\n<p>Inscrieri cu lucrari se fac pana la data de 15 noiembrie 2017.\u00a0Participarea este gratuita, fiind limitata de numarul locurilor.\u00a0Articolele vor fi publicate in revista BDI \u2013 Pandectele romane.<\/p>\n<p><strong>Parteneri:<\/strong><\/p>\n<p><a href=\"https:\/\/legalitc.com\/\" target=\"_blank\" rel=\"noopener\">LEGALITC \u2013 Asociatia internationala pentru drept, cultura si societate<\/a><\/p>\n<p><a href=\"http:\/\/www.csde.ro\/\" target=\"_blank\" rel=\"noopener\">Institutul de Cercet\u0103ri Juridice din cadrul Academiei Rom\u00e2ne \u2013 Centrul de Studii de Drept European (CSDE)<\/a><\/p>\n<p><a href=\"http:\/\/www.ardae.ro\/\" target=\"_blank\" rel=\"noopener\">ARDAE \u2013 Asociatia romana de drept si afaceri europene<\/a><\/p>\n<p><a href=\"https:\/\/cpd.upm.ro\/\" target=\"_blank\" rel=\"noopener\">Centrul pentru protectia datelor (CDP) \u2013 Universitatea Petru Maior, T\u00eergu-Mure\u0219<\/a><\/p>\n<p>&nbsp;<\/p>\n<p>Mai multe informatii: ardae20007@gmail.com<\/p>\n","protected":false},"excerpt":{"rendered":"","protected":false},"author":1,"featured_media":0,"comment_status":"closed","ping_status":"open","sticky":false,"template":"","format":"standard","meta":{"footnotes":""},"categories":[48],"tags":[],"class_list":["post-3531","post","type-post","status-publish","format-standard","hentry","category-evenimente"],"_links":{"self":[{"href":"http:\/\/www.ardae.ro\/index.php?rest_route=\/wp\/v2\/posts\/3531"}],"collection":[{"href":"http:\/\/www.ardae.ro\/index.php?rest_route=\/wp\/v2\/posts"}],"about":[{"href":"http:\/\/www.ardae.ro\/index.php?rest_route=\/wp\/v2\/types\/post"}],"author":[{"embeddable":true,"href":"http:\/\/www.ardae.ro\/index.php?rest_route=\/wp\/v2\/users\/1"}],"replies":[{"embeddable":true,"href":"http:\/\/www.ardae.ro\/index.php?rest_route=%2Fwp%2Fv2%2Fcomments&post=3531"}],"version-history":[{"count":24,"href":"http:\/\/www.ardae.ro\/index.php?rest_route=\/wp\/v2\/posts\/3531\/revisions"}],"predecessor-version":[{"id":3622,"href":"http:\/\/www.ardae.ro\/index.php?rest_route=\/wp\/v2\/posts\/3531\/revisions\/3622"}],"wp:attachment":[{"href":"http:\/\/www.ardae.ro\/index.php?rest_route=%2Fwp%2Fv2%2Fmedia&parent=3531"}],"wp:term":[{"taxonomy":"category","embeddable":true,"href":"http:\/\/www.ardae.ro\/index.php?rest_route=%2Fwp%2Fv2%2Fcategories&post=3531"},{"taxonomy":"post_tag","embeddable":true,"href":"http:\/\/www.ardae.ro\/index.php?rest_route=%2Fwp%2Fv2%2Ftags&post=3531"}],"curies":[{"name":"wp","href":"https:\/\/api.w.org\/{rel}","templated":true}]}}