{"id":3494,"date":"2017-11-12T16:27:50","date_gmt":"2017-11-12T16:27:50","guid":{"rendered":"http:\/\/www.ardae.ro\/?p=3494"},"modified":"2017-11-12T17:06:54","modified_gmt":"2017-11-12T17:06:54","slug":"rotocol-de-colaborare-intre-centrul-pentru-protectia-datelor-si-ardae","status":"publish","type":"post","link":"http:\/\/www.ardae.ro\/?p=3494","title":{"rendered":"Protocol de colaborare \u00eentre  Centrul pentru Protec\u0163ia Datelor \u0219i ARDAE"},"content":{"rendered":"<p><!--more--><\/p>\n<h2 align=\"center\">Protocol de colaborare \u00eentre<\/h2>\n<h2 align=\"center\">Centrul pentru Protec\u0163ia Datelor \u0219i ARDAE<\/h2>\n<h2 align=\"center\"><\/h2>\n<p><b>Centrul pentru Protec\u0163ia Datelor <\/b>din cadrul Universit\u0103\u0163ii \u201ePetru Maior\u201d din T\u00eergu Mure\u015f,<b> <\/b>prin director conf. univ. dr. Nicolae Drago\u0219 Ploe\u0219teanu, a semnat luni, 30 octombrie 2017, Protocolul de colaborare cu ARDAE \u2013 Asocia\u021bia rom\u00e2n\u0103 de drept \u0219i afaceri europene, prin profesor Daniel-Mihail \u0218andru.<\/p>\n<p>Parteneriatul marcheaz\u0103 demararea unui proiect de anvergur\u0103 de c\u0103tre cele dou\u0103 entit\u0103\u0163i \u00een domeniul protec\u0163iei datelor cu caracter personal.<\/p>\n<p><b>Centrul pentru Protec\u0163ia Datelor <\/b>\u015fi <b>ARDAE<\/b> au convenit asupra urm\u0103toarelor activit\u0103\u0163i:<br \/>\na) cooperarea pentru organizarea de manifest\u0103ri \u015ftiin\u0163ifice \u2013 \u00een principal, colaborarea \u00een privin\u0163a organiz\u0103rii de dezbateri publice, seminarii, conferin\u0163e, mese rotunde, cursuri de perfec\u0163ionare sau specializare, \u00een realizarea de studii, analize, sondaje de opinie, inform\u0103ri publice \u015fi orice alte materiale privind domeniul protec\u021biei datelor cu caracter personal;<br \/>\nb) ini\u0163ierea \u015fi desf\u0103\u015furarea unor proiecte privind promovarea activit\u0103\u0163ii fiec\u0103reia dintre p\u0103r\u0163i;<br \/>\nc) realizarea unor lucr\u0103ri, studii \u015fi cercet\u0103ri \u015ftiin\u0163ifice, \u00een comun, sau la solicitarea unuia dintre parteneri;<br \/>\nd) participarea la manifest\u0103rile institu\u0163iei-partener;<br \/>\nf) orice alte activit\u0103\u0163i pe care p\u0103r\u0163ile le vor considera utile \u015fi necesare \u00een vederea realiz\u0103rii scopurilor lor.<\/p>\n<p>Centrul pentru Protec\u0163ia Datelor din cadrul Universit\u0103\u0163ii \u201ePetru Maior\u201d din T\u00eergu Mure\u015f \u00ee\u015fi manifest\u0103 astfel deplina deschidere pentru colaborare cu asocia\u0163iile \u015fi organiza\u0163iile interesate de domeniul protec\u0163iei datelor cu caracter personal.<\/p>\n<p>Cu acest prilej, anun\u021b\u0103m \u0219i organizarea conferin\u021bei interna\u021bionale pe tema \u201eRepere na\u0163ionale \u015fi interna\u0163ionale \u00een domeniul GDPR (Regulamentul General privind Protec\u021bia Datelor)\u201d, \u00een 14 decembrie 2017, \u00een cadrul Universit\u0103\u021bii \u201ePetru Maior\u201d din T\u00eergu Mure\u0219. \u00censcrierea participan\u021bilor se va face prin e-mail la adresa <a href=\"mailto:nicolae.d.ploesteanu@gmail.com\">nicolae.d.ploesteanu@gmail.com<\/a>. Mai multe informa\u021bii vor fi disponibile pe site-ul <a href=\"https:\/\/cpd.upm.ro\/\">https:\/\/cpd.upm.ro<\/a>\u00a0 sau la num\u0103rul de telefon 0752-455242.<\/p>\n<p><a href=\"https:\/\/cpd.upm.ro\/wp-content\/uploads\/2017\/11\/Comunicat-acord-de-colaborare-dintre-Centru-si-Ardae_12.11.2017.pdf\" target=\"_blank\" rel=\"noopener\">SURSA COMUNICAT<\/a><\/p>\n<p>&nbsp;<\/p>\n","protected":false},"excerpt":{"rendered":"","protected":false},"author":1,"featured_media":0,"comment_status":"closed","ping_status":"open","sticky":false,"template":"","format":"standard","meta":{"footnotes":""},"categories":[74],"tags":[],"class_list":["post-3494","post","type-post","status-publish","format-standard","hentry","category-parteneriate"],"_links":{"self":[{"href":"http:\/\/www.ardae.ro\/index.php?rest_route=\/wp\/v2\/posts\/3494"}],"collection":[{"href":"http:\/\/www.ardae.ro\/index.php?rest_route=\/wp\/v2\/posts"}],"about":[{"href":"http:\/\/www.ardae.ro\/index.php?rest_route=\/wp\/v2\/types\/post"}],"author":[{"embeddable":true,"href":"http:\/\/www.ardae.ro\/index.php?rest_route=\/wp\/v2\/users\/1"}],"replies":[{"embeddable":true,"href":"http:\/\/www.ardae.ro\/index.php?rest_route=%2Fwp%2Fv2%2Fcomments&post=3494"}],"version-history":[{"count":7,"href":"http:\/\/www.ardae.ro\/index.php?rest_route=\/wp\/v2\/posts\/3494\/revisions"}],"predecessor-version":[{"id":3503,"href":"http:\/\/www.ardae.ro\/index.php?rest_route=\/wp\/v2\/posts\/3494\/revisions\/3503"}],"wp:attachment":[{"href":"http:\/\/www.ardae.ro\/index.php?rest_route=%2Fwp%2Fv2%2Fmedia&parent=3494"}],"wp:term":[{"taxonomy":"category","embeddable":true,"href":"http:\/\/www.ardae.ro\/index.php?rest_route=%2Fwp%2Fv2%2Fcategories&post=3494"},{"taxonomy":"post_tag","embeddable":true,"href":"http:\/\/www.ardae.ro\/index.php?rest_route=%2Fwp%2Fv2%2Ftags&post=3494"}],"curies":[{"name":"wp","href":"https:\/\/api.w.org\/{rel}","templated":true}]}}