{"id":3480,"date":"2017-11-11T06:52:51","date_gmt":"2017-11-11T06:52:51","guid":{"rendered":"http:\/\/www.ardae.ro\/?p=3480"},"modified":"2017-12-30T06:36:20","modified_gmt":"2017-12-30T06:36:20","slug":"dezbaterea-gdpr-un-plan-doua-planuri-3d-27-noiembrie-201","status":"publish","type":"post","link":"http:\/\/www.ardae.ro\/?p=3480","title":{"rendered":"27 noiembrie 2017 &#8211; Dezbaterea GDPR. Un plan, doua planuri, 3D"},"content":{"rendered":"<p><!--more--><\/p>\n<p><strong>Dezbaterea GDPR. Un plan, doua planuri, 3D<\/strong><\/p>\n<p><strong>27 noiembrie 2017, ora 18.00<\/strong><\/p>\n<p><strong><em><a href=\"http:\/\/www.ardae.ro\/\">ARDAE \u2013 Asocia\u0163ia rom\u00e2n\u0103 de drept \u015fi afaceri europene<\/a><\/em><\/strong>, \u00eempreun\u0103 cu\u00a0<strong><em>Masteratul Negocierea Conflictelor \u015fi Diploma\u0163ie Economic\u0103<\/em><\/strong><strong>\u00a0\u015fi\u00a0<\/strong>\u00een parteneriat cu\u00a0<strong><em><a href=\"https:\/\/cpd.upm.ro\/\">Centrul pentru protec\u0163ia datelor personale din cadrul Universit\u0103\u021bii Petru Maior\u00a0<\/a><\/em><\/strong><strong><em><\/em><\/strong>\u00a0v\u0103 invit\u0103 luni, 27 noiembrie 2017, la\u00a0<strong>dezbaterea<\/strong>\u00a0cu tema\u00a0<strong>\u201e<\/strong><strong><em>Dezbaterea GDPR. Un plan, dou\u0103 planuri, 3D<\/em><\/strong><strong>\u201d,<\/strong>\u00a0la care, al\u0103turi de invita\u0163ii: dr. Irina Alexe, conf. univ. dr. Nicolae-Dragos Ploesteanu, drd. Dorin Schiopu, Crina Veres \u0219i Alexandru Georgescu vor participa \u015fi profesionisti din domeniul protec\u0163iei datelor personale, av\u00e2ndu-i ca moderatori pe prof. univ. dr.\u00a0<strong>Daniel-Mihail SANDRU<\/strong>\u00a0\u015fi prof. univ. dr.\u00a0<strong>Dragos R\u0102DULESCU<\/strong>\u00a0(mediator).<\/p>\n<p><strong>Dezbaterea\u00a0<\/strong>cu tema\u00a0<strong>\u201e<\/strong><strong><em>Dezbaterea GDPR. Un plan, dou\u0103 planuri, 3D<\/em><\/strong><strong>\u201d<\/strong>\u00a0va avea loc la ora 17,45 la Universitatea Cre\u015ftin\u0103 \u201eDimitrie Cantemir\u201d cu sediul \u00een Bucure\u015fti, Splaiul Unirii nr.176, sector 4, intrarea D1, etaj 2, sala 130, fiind urmat\u0103 de discu\u0163ii libere.<\/p>\n<p><strong>\u00a0<\/strong><\/p>\n<p><strong>Agenda<\/strong>\u00a0evenimentului cuprinde:<\/p>\n<p>ora 17,50-18,00 \u00eenregistrarea participan\u0163ilor<\/p>\n<p>ora 18,00-18,15 deschiderea lucr\u0103rilor \u015fi prezentarea invita\u0163ilor<\/p>\n<p>ora 18,50-19,30 prezentarea de c\u0103tre invita\u0163i a punctelor de vedere<\/p>\n<p>ora 19,30-20,00 concluzii<\/p>\n<p>ora 20,00 \u00eenchiderea lucr\u0103rilor.<\/p>\n<p>Se ofer\u0103 diplome de participare.<\/p>\n<p>&nbsp;<\/p>\n<p><strong>Parteneri media<\/strong>:\u00a0<a href=\"http:\/\/www.ardae.ro\/?p=3480\">http:\/\/www.ardae.ro\/?p=3480<\/a>\u00a0, \u00a0<a href=\"http:\/\/www.mediereaturistica.ro\/\">www.mediereaturistica.ro\/<\/a>, iaduer.ro<\/p>\n<p>&nbsp;<\/p>\n<p>Detalii suplimentare \u015fi \u00eenscriere adresa ardae2007@gmail.com<\/p>\n<p>&nbsp;<\/p>\n<p>UPDATE\u00a0<a href=\"http:\/\/www.ardae.ro\/?p=3480\" target=\"_blank\" rel=\"noopener\">ARDAE.ro<\/a><\/p>\n<p>Locul desfasurarii evenimentului:\u00a0<a href=\"http:\/\/www.ucdc.ro\/contact-ucdc.php\" target=\"_blank\" rel=\"noopener\">UCDC \u2013 Universitatea Crestina Dimitrie Cantemir<\/a><\/p>\n<p>&nbsp;<\/p>\n<p><a href=\"https:\/\/www.facebook.com\/events\/1571356402911150\/\" target=\"_blank\" rel=\"noopener\">eveniment.facebook<\/a><\/p>\n<p><a href=\"https:\/\/eubusinesslaw.wordpress.com\/2017\/11\/09\/dezbaterea-gdpr-un-plan-doua-planuri-3d-27-noiembrie-2017\/\" target=\"_blank\">Blog Afaceri juridice europene<\/a><\/p>\n<p><a href=\"https:\/\/eubusinesslaw.wordpress.com\/2017\/11\/09\/dezbaterea-gdpr-un-plan-doua-planuri-3d-27-noiembrie-2017\/\" target=\"_blank\">\u00a0<\/a><\/p>\n","protected":false},"excerpt":{"rendered":"","protected":false},"author":1,"featured_media":0,"comment_status":"closed","ping_status":"open","sticky":false,"template":"","format":"standard","meta":{"footnotes":""},"categories":[48],"tags":[],"class_list":["post-3480","post","type-post","status-publish","format-standard","hentry","category-evenimente"],"_links":{"self":[{"href":"http:\/\/www.ardae.ro\/index.php?rest_route=\/wp\/v2\/posts\/3480"}],"collection":[{"href":"http:\/\/www.ardae.ro\/index.php?rest_route=\/wp\/v2\/posts"}],"about":[{"href":"http:\/\/www.ardae.ro\/index.php?rest_route=\/wp\/v2\/types\/post"}],"author":[{"embeddable":true,"href":"http:\/\/www.ardae.ro\/index.php?rest_route=\/wp\/v2\/users\/1"}],"replies":[{"embeddable":true,"href":"http:\/\/www.ardae.ro\/index.php?rest_route=%2Fwp%2Fv2%2Fcomments&post=3480"}],"version-history":[{"count":13,"href":"http:\/\/www.ardae.ro\/index.php?rest_route=\/wp\/v2\/posts\/3480\/revisions"}],"predecessor-version":[{"id":3600,"href":"http:\/\/www.ardae.ro\/index.php?rest_route=\/wp\/v2\/posts\/3480\/revisions\/3600"}],"wp:attachment":[{"href":"http:\/\/www.ardae.ro\/index.php?rest_route=%2Fwp%2Fv2%2Fmedia&parent=3480"}],"wp:term":[{"taxonomy":"category","embeddable":true,"href":"http:\/\/www.ardae.ro\/index.php?rest_route=%2Fwp%2Fv2%2Fcategories&post=3480"},{"taxonomy":"post_tag","embeddable":true,"href":"http:\/\/www.ardae.ro\/index.php?rest_route=%2Fwp%2Fv2%2Ftags&post=3480"}],"curies":[{"name":"wp","href":"https:\/\/api.w.org\/{rel}","templated":true}]}}