{"id":3410,"date":"2017-10-13T18:18:47","date_gmt":"2017-10-13T18:18:47","guid":{"rendered":"http:\/\/www.ardae.ro\/?p=3410"},"modified":"2017-11-11T06:53:37","modified_gmt":"2017-11-11T06:53:37","slug":"20-octombrie-2017-simpozionul-national-papiu-ilarian-190-ani-de-la-nastere","status":"publish","type":"post","link":"http:\/\/www.ardae.ro\/?p=3410","title":{"rendered":"20 octombrie 2017: Simpozionul Na\u021bional Papiu Ilarian\u2013190 ani de la na\u0219tere"},"content":{"rendered":"<p><!--more--><\/p>\n<p>Avem deosebita pl\u0103cere de a v\u0103 invita s\u0103 participa\u0163i la Simpozionul na\u021bional Alexandru Papiu Ilarian \u2013 190 ani de la na\u0219tere, 140 de la \u00eencetarea din via\u021b\u0103, organizat de Facultatea de \u015etiin\u0163e Economice, Juridice \u015fi Administrative \u0219i de Societatea Cultural\u0103 Alexandru Papiu Ilarian din T\u00eergu-Mure\u015f \u00een parteneriat cu Consiliul<br \/>\nJude\u021bean Mure\u0219. Simpozionul va avea loc la data de 20.10.2017 \u00een comuna Alexandru Papiu Ilarian, jude\u021bul Mure\u0219 \u00eencep\u00e2nd cu orele 14:00.<br \/>\nLa manifestarea \u015ftiin\u0163ific\u0103 sunt invita\u0163i s\u0103 participe cercet\u0103tori, cadre didactice \u0219i iubitori de istorie.<br \/>\n\u00cen acest sens, desf\u0103\u015furarea conferin\u0163ei reprezint\u0103 o oportunitate de stabilire \u015fi consolidare a rela\u0163iilor de colaborare \u015fi parteneriat \u00eentre loca\u0219uri de educa\u021bie, societatea civil\u0103 \u0219i Consiliul Jude\u021bean Mure\u0219.<\/p>\n<p>Cu stim\u0103,<br \/>\nProf. Petru Nemes<br \/>\nPre\u0219edintele Societ\u0103\u021bii Culturale Al. Papiu Ilarian<\/p>\n<p>Directorul<br \/>\nDepartamentului de Drept \u0219i Administra\u021bie Public\u0103<br \/>\nConf. Univ.dr. Nicolae-Drago\u0219 Ploe\u0219teanu<\/p>\n<p>&nbsp;<\/p>\n<p>&nbsp;<\/p>\n<p><b>AGENDA EVENIMENTULUI<\/b><\/p>\n<p><b>\u00a0<\/b><\/p>\n<p><b>14:00 \u2013 14:30\u00a0<\/b>\u00cent\u00e2mpinarea invita\u021bilor (punctul de \u00eent\u00e2lnire este la bustul ilustrului jurist din localitatea Papiu Ilarian) \u0219i a delega\u021biei Colegiului Na\u021bional Alexandru Papiu Ilarian<\/p>\n<p><b>14:30-15:00\u00a0<\/b>Slujba de pomenire la Biserica Ortodox\u0103 Sfin\u021bii Arhangheli Mihail \u0219i Gavril din localitate \u0219i semn de comemorare la morm\u00e2ntul Anei Pop Hodo\u0219iu, mama lui Alexandru Papiu Ilarian<\/p>\n<p><b>15:00 \u2013 15:10\u00a0<\/b>Deschiderea evenimentului \u2013 Profesor Petru Neme\u0219, pre\u0219edintele Societ\u0103\u021bii Culturale \u201eAlexandru Papiu Ilarian\u201d<\/p>\n<p><b>15:10-15:20\u00a0<\/b>Cuv\u00e2nt de salut \u2013 Conf. Univ. Dr. Daniela \u0218tef\u0103nescu, decan al Facult\u0103\u021bii de \u0218tiin\u021be Economice, Juridice \u0219i Administrative, Universitatea \u201ePetru Maior\u201d din T\u00eergu Mure\u0219<\/p>\n<p><b>15:20-15:25\u00a0<\/b>Alocu\u021biune \u2013 Laz\u0103r L\u0103dariu, pre\u0219edintele Desp\u0103r\u021b\u0103m\u00e2ntului Central Jude\u021bean Mure\u0219 al Astrei,<\/p>\n<p><b>15: 25-15:30<\/b>\u00a0Alocu\u021biune \u2013 profesor universitar dr. Ioan Sab\u0103u-Pop, Universitatea \u201ePetru Maior\u201d din T\u00eergu Mure\u0219<\/p>\n<p><b>15:30-15:40\u00a0<\/b>Alocu\u021biuni \u2013 Reprezentan\u021bi ai Consiliului Jude\u021bean Mure\u0219, Prefecturii Mure\u0219, Prim\u0103riei T\u00eergu Mure\u0219 \u0219i Prim\u0103riei Papiu Ilarian<\/p>\n<p><b>Prelegeri<\/b><\/p>\n<p><b>15:40 \u2013 15:55\u00a0<\/b>Prof. Univ. Dr. Vasile Dobrescu, Universitatea Petru Maior din T\u00eergu-Mure\u0219 \u2013 Discursul de recep\u021bie a lui Alexandru Papiu Ilarian la Academia Rom\u00e2n\u0103 despre \u201e<i>Via\u021ba, operele \u0219i ideile lui Georgiu \u0218incai<\/i>\u201d\u00a0<b>\u00a0<\/b><\/p>\n<p><b>15:55 \u2013 16:10\u00a0<\/b>Prof. Univ. Dr. Cornel Sigmirean, Universitatea Petru Maior din T\u00eergu-Mure\u0219, Importan\u021ba \u0219i valen\u021bele Memorandului lui Alexandru Papiu Ilarian adresat domnitorului Alexandru Ioan Cuza<\/p>\n<p><b>16:10 \u2013 16:25\u00a0<\/b>cercet\u0103tor dr. Vasile Lechin\u021ban, Documente inedite referitoare la localitatea Papiu Ilarian \u00een secolul XVIII<\/p>\n<p><b>16:25 \u2013 16:40\u00a0<\/b>Conf. Univ. Dr. Nicolae Drago\u0219 Ploe\u0219teanu \u2013 Dimensiunea interna\u021bional\u0103 a operei juridice a lui Alexandru Papiu Ilarian<\/p>\n<p><b>16:40 \u2013 16:55\u00a0<\/b>Dr. Ioan Ranca \u2013 Alexandru Papiu Ilarian \u00een zilele premerg\u0103toare Adun\u0103rii Na\u021bionale de la Blaj, 1848<\/p>\n<p><b>16:55 \u2013 17:10\u00a0<\/b>Dr. Bucin Cornelia \u2013 Alexandru Papiu Ilarian\u2014despre limb\u0103 \u0219i identitate<\/p>\n<p><b>17:10 \u2013 17:25\u00a0<\/b>Prof. Alexandru Ciub\u00e2c\u0103 \u2013 Alexandru Papiu Ilarian, deschiz\u0103tor de drumuri \u00een \u00eenv\u0103\u021b\u0103m\u00e2ntul superior \u0219i \u00een arhivistica din Rom\u00e2nia<\/p>\n<p><b>17:25 \u2013 17:40\u00a0<\/b>Profesor drd. Simion Bui \u2013 Din istoria Colegiului Alexandru Papiu Ilarian, omagiu adus marelui patriot<\/p>\n<p><b>17:40\u00a0<\/b>\u00cenchiderea conferin\u021bei\u2014 Servirea cinei<\/p>\n<p>&nbsp;<\/p>\n<p>\u00cen cadrul evenimentului este organizat\u0103 Expozi\u021bia de carte Alexandru Papiu Ilarian, la c\u0103minul cultural din comuna Papiu Ilarian<\/p>\n<p>\u0218i<\/p>\n<p>Expozi\u021bie personal\u0103 filatelic\u0103 Petru Nemes<\/p>\n<p>&nbsp;<\/p>\n<p>Eveniment realizat prin proiect sus\u021binut de Consiliul Jude\u021bean Mure\u0219<\/p>\n<p>Moderatorii evenimentului: profesorii Petru Nemes \u0219i Nicolae Ploe\u0219teanu<\/p>\n","protected":false},"excerpt":{"rendered":"","protected":false},"author":1,"featured_media":0,"comment_status":"closed","ping_status":"open","sticky":false,"template":"","format":"standard","meta":{"footnotes":""},"categories":[48],"tags":[],"class_list":["post-3410","post","type-post","status-publish","format-standard","hentry","category-evenimente"],"_links":{"self":[{"href":"http:\/\/www.ardae.ro\/index.php?rest_route=\/wp\/v2\/posts\/3410"}],"collection":[{"href":"http:\/\/www.ardae.ro\/index.php?rest_route=\/wp\/v2\/posts"}],"about":[{"href":"http:\/\/www.ardae.ro\/index.php?rest_route=\/wp\/v2\/types\/post"}],"author":[{"embeddable":true,"href":"http:\/\/www.ardae.ro\/index.php?rest_route=\/wp\/v2\/users\/1"}],"replies":[{"embeddable":true,"href":"http:\/\/www.ardae.ro\/index.php?rest_route=%2Fwp%2Fv2%2Fcomments&post=3410"}],"version-history":[{"count":3,"href":"http:\/\/www.ardae.ro\/index.php?rest_route=\/wp\/v2\/posts\/3410\/revisions"}],"predecessor-version":[{"id":3484,"href":"http:\/\/www.ardae.ro\/index.php?rest_route=\/wp\/v2\/posts\/3410\/revisions\/3484"}],"wp:attachment":[{"href":"http:\/\/www.ardae.ro\/index.php?rest_route=%2Fwp%2Fv2%2Fmedia&parent=3410"}],"wp:term":[{"taxonomy":"category","embeddable":true,"href":"http:\/\/www.ardae.ro\/index.php?rest_route=%2Fwp%2Fv2%2Fcategories&post=3410"},{"taxonomy":"post_tag","embeddable":true,"href":"http:\/\/www.ardae.ro\/index.php?rest_route=%2Fwp%2Fv2%2Ftags&post=3410"}],"curies":[{"name":"wp","href":"https:\/\/api.w.org\/{rel}","templated":true}]}}