{"id":3402,"date":"2017-10-13T18:11:35","date_gmt":"2017-10-13T18:11:35","guid":{"rendered":"http:\/\/www.ardae.ro\/?p=3402"},"modified":"2017-11-11T06:53:58","modified_gmt":"2017-11-11T06:53:58","slug":"ecfs-2017-conferinta-europeana-a-serviciilor-financiare-19-20-octombrie-brasov-romania","status":"publish","type":"post","link":"http:\/\/www.ardae.ro\/?p=3402","title":{"rendered":"ECFS 2017. CONFERIN\u021aA EUROPEAN\u0102 A SERVICIILOR FINANCIARE 19 \u2013 20 OCTOMBRIE, BRA\u0218OV, ROM\u00c2NIA"},"content":{"rendered":"<p><!--more--><\/p>\n<div id=\"gkHeader\">\n<div>\n<h3>ECFS 2017<\/h3>\n<p><strong>ecfs.jus.ro<\/strong><\/p>\n<h3>ECFS 2017. CONFERIN\u021aA EUROPEAN\u0102 A SERVICIILOR FINANCIARE 19 \u2013 20 OCTOMBRIE, BRA\u0218OV, ROM\u00c2NIA<\/h3>\n<h3><small>DESCRIEREA EVENIMENTULUI \/ ORGANIZATORI \/ PARTENERI<\/small><\/h3>\n<div>\n<div>\n<div><\/div>\n<p><strong>Conferin\u021ba European\u0103 a Serviciilor Financiare (European Conference on Financial Services \u2013 ECFS 2017)<\/strong>, este organizat\u0103 \u00een perioada\u00a0<strong>19 \u2013 20 octombrie 2017<\/strong>\u00a0la Bra\u0219ov, la ini\u021biativa Institutului de Studii Financiare, a Universit\u0103\u021bii \u201ePetru Maior\u201d \u0219i a Societ\u0103\u021bii Rom\u00e2ne de Cercetare pentru Afaceri Publice \u0219i Private din T\u00eergu-Mure\u0219. Conferin\u021ba se bucur\u0103 de parteneriatul Universit\u0103\u021bii \u201eTransilvania\u201d din Bra\u0219ov, al Universit\u0103\u021bii \u201eBabe\u0219 \u2013 Bolyai\u201d din Cluj-Napoca \u0219i al Academiei de Studii Economice din Bucure\u0219ti, al\u0103turi de cel oferit de Asocia\u021bia Rom\u00e2n\u0103 de Drept \u0219i Afaceri Europene (ARDAE) \u0219i de Asocia\u021bia Centrul de Arbitraj \u0219i Mediere \u00een Asigur\u0103ri (ACAMA) din Bucure\u0219ti.<\/p>\n<p>Efervescen\u021ba modific\u0103rilor legislative \u00een domeniul financiar, at\u00e2t la nivel european, c\u00e2t \u0219i la nivel na\u021bional, determinat\u0103 \u00een primul r\u00e2nd de transformarea mediului financiar al ultimilor zece ani, conduce \u00een mod firesc la necesitatea cre\u0103rii unui cadru larg de dezbateri dedicat profesioni\u0219tilor domeniului, urm\u00e2nd a se \u00eembina teoria cu practica \u0219i economicul cu rigorile juridicului. Av\u00e2nd \u00een vedere aceste aspecte, Conferin\u021ba \u00ee\u0219i propune dezbaterea mai multor subiecte de strict\u0103 actualitate, motiv pentru care structura sa cuprinde \u015fase paneluri de discu\u021bii divizate pe durata celor dou\u0103 zile.<\/p>\n<p>Cadrul ales pentru desf\u0103\u0219urarea ECFS 2017 este cel al S\u0103lii de conferin\u021be \u201eEuropa\u201d a Hotelului Aro Palace***** din Bra\u0219ov, loca\u021bia fiind perfect\u0103 pentru acest tip de evenimente, dedicate profesioni\u0219tilor din serviciile financiare din \u00eentreaga \u021bar\u0103, precum \u0219i invita\u021bilor din restul Europei.<\/p>\n<h4><strong>Organizatori:<\/strong><\/h4>\n<article>\u2022 Institutul de Studii Financiare, Bucure\u0219ti;<br \/>\n\u2022 Universitatea \u201ePetru Maior\u201d, T\u00eergu-Mure\u0219;<br \/>\n\u2022 Societatea Rom\u00e2n\u0103 de Cercetare pentru Afaceri Publice \u0219i Private, T\u00eergu-Mure\u0219.Parteneri:\u2022 Universitatea \u201eTransilvania\u201d, Bra\u0219ov;<br \/>\n\u2022 Universitatea \u201eBabe\u0219-Bolyai\u201d, Cluj-Napoca;<br \/>\n\u2022 Academia de Studii Economice, Bucure\u0219ti;<br \/>\n\u2022\u00a0Asocia\u021bia Rom\u00e2n\u0103 de Drept \u0219i Afaceri Europene (ARDAE), Bucure\u0219ti;<br \/>\n\u2022 Centrul de Arbitraj \u0219i Mediere \u00een Asigur\u0103ri (ACAMA), Bucure\u0219ti.\u00a0<\/article>\n<h4><strong>Parteneri media:<\/strong><\/h4>\n<p>\u2022 Wolters Kluwer \u2013\u00a0<a href=\"http:\/\/www.wolterskluwer.ro\/\" target=\"_blank\" rel=\"noopener noreferrer\">wolterskluwer.ro<\/a>;<br \/>\n\u2022 Revista Economie Teoretic\u0103 \u0219i Aplicat\u0103 \u2013\u00a0<a href=\"http:\/\/www.ectap.ro\/\" target=\"_blank\" rel=\"noopener noreferrer\">ectap.ro<\/a>;<br \/>\n\u2022 Universul Juridic \u2013\u00a0<a href=\"http:\/\/www.universuljudiric.ro\/\" target=\"_blank\" rel=\"noopener noreferrer\">universuljuridic.ro<\/a>;<br \/>\n\u2022 Juridice.ro \u2013\u00a0<a href=\"http:\/\/www.juridice.ro\/\" target=\"_blank\" rel=\"noopener noreferrer\">juridice.ro<\/a>;<br \/>\n\u2022 Arbitrajul comercial \u00een Rom\u00e2nia \u00een context european \u2013\u00a0<a href=\"http:\/\/www.romanianarbitration.ro\/\" target=\"_blank\" rel=\"noopener noreferrer\">romanianarbitration.ro<\/a>;<br \/>\n\u2022 Revista Afaceri juridice europene \u2013\u00a0<a href=\"http:\/\/www.iaduer.ro\/\" target=\"_blank\" rel=\"noopener noreferrer\">iaduer.ro<\/a>;<br \/>\n\u2022 Publica\u021biile XPRIMM;<br \/>\n\u2022 Asociatia Pentru Promovarea Asigur\u0103rilor \u2013\u00a0<a href=\"http:\/\/www.appa-asigurari.ro\/\" target=\"_blank\" rel=\"noopener noreferrer\">appa-asigurari.ro<\/a>.<\/p>\n<h4>Conferin\u021b\u0103 \u00een curs de acreditare de c\u0103tre\u00a0Institutul Na\u021bional pentru Preg\u0103tirea \u0219i Perfec\u021bionarea Avoca\u021bilor.<\/h4>\n<\/div>\n<\/div>\n<\/div>\n<\/div>\n<div id=\"gkPageContent\">\n<section id=\"gkContent\">\n<div id=\"gkContentWrap\">\n<div id=\"gkMainbody\">\n<div>\n<h3>ORGANIZATORI \/ PARTENERI<\/h3>\n<div>\n<div><a href=\"http:\/\/www.isfin.ro\/\" target=\"_blank\" rel=\"noopener\"><img decoding=\"async\" alt=\"001.jpg\" src=\"https:\/\/i2.wp.com\/ecfs.jus.ro\/images\/parteneri\/001.jpg\" \/><\/a><a href=\"http:\/\/www.upm.ro\/\" target=\"_blank\" rel=\"noopener\"><img decoding=\"async\" alt=\"002.jpg\" src=\"https:\/\/i1.wp.com\/ecfs.jus.ro\/images\/parteneri\/002.jpg\" \/><\/a><a href=\"http:\/\/www.sorocapp.jus.ro\/\" target=\"_blank\" rel=\"noopener\"><img decoding=\"async\" alt=\"003.jpg\" src=\"https:\/\/i2.wp.com\/ecfs.jus.ro\/images\/parteneri\/003.jpg\" \/><\/a><a href=\"http:\/\/www.unitbv.ro\/\" target=\"_blank\" rel=\"noopener\"><img decoding=\"async\" alt=\"004.jpg\" src=\"https:\/\/i0.wp.com\/ecfs.jus.ro\/images\/parteneri\/004.jpg\" \/><\/a><a href=\"http:\/\/www.ubbcluj.ro\/\" target=\"_blank\" rel=\"noopener\"><img decoding=\"async\" alt=\"005.jpg\" src=\"https:\/\/i1.wp.com\/ecfs.jus.ro\/images\/parteneri\/005.jpg\" \/><\/a><a href=\"http:\/\/www.ase.ro\/\" target=\"_blank\" rel=\"noopener\"><img decoding=\"async\" alt=\"006.jpg\" src=\"https:\/\/i1.wp.com\/ecfs.jus.ro\/images\/parteneri\/006.jpg\" \/><\/a><a href=\"http:\/\/www.ardae.ro\/\" target=\"_blank\" rel=\"noopener\"><img decoding=\"async\" alt=\"008.jpg\" src=\"https:\/\/i0.wp.com\/ecfs.jus.ro\/images\/parteneri\/008.jpg\" \/><\/a><a href=\"http:\/\/www.acama.ro\/\" target=\"_blank\" rel=\"noopener\"><img decoding=\"async\" alt=\"009.jpg\" src=\"https:\/\/i2.wp.com\/ecfs.jus.ro\/images\/parteneri\/009.jpg\" \/><\/a><a href=\"https:\/\/wolterskluwer.ro\/\" target=\"_blank\" rel=\"noopener\"><img decoding=\"async\" alt=\"010-WOLTERS.jpg\" src=\"https:\/\/i1.wp.com\/ecfs.jus.ro\/images\/parteneri\/010-WOLTERS.jpg\" \/><\/a><a href=\"http:\/\/www.ectap.ro\/\" target=\"_blank\" rel=\"noopener\"><img decoding=\"async\" alt=\"011-ECTAP.jpg\" src=\"https:\/\/i0.wp.com\/ecfs.jus.ro\/images\/parteneri\/011-ECTAP.jpg\" \/><\/a><a href=\"https:\/\/www.universuljuridic.ro\/\" target=\"_blank\" rel=\"noopener\"><img decoding=\"async\" alt=\"012-UNIV-JURIDIC.jpg\" src=\"https:\/\/i0.wp.com\/ecfs.jus.ro\/images\/parteneri\/012-UNIV-JURIDIC.jpg\" \/><\/a><a href=\"https:\/\/www.juridice.ro\/\" target=\"_blank\" rel=\"noopener\"><img decoding=\"async\" alt=\"013-JURIDICE.jpg\" src=\"https:\/\/i0.wp.com\/ecfs.jus.ro\/images\/parteneri\/013-JURIDICE.jpg\" \/><\/a><a href=\"http:\/\/www.romanianarbitration.ro\/\" target=\"_blank\" rel=\"noopener\"><img decoding=\"async\" alt=\"014-arbitraj-com.jpg\" src=\"https:\/\/i0.wp.com\/ecfs.jus.ro\/images\/parteneri\/014-arbitraj-com.jpg\" \/><\/a><a href=\"http:\/\/iaduer.ro\/\" target=\"_blank\" rel=\"noopener\"><img decoding=\"async\" alt=\"015-IAUDER.jpg\" src=\"https:\/\/i2.wp.com\/ecfs.jus.ro\/images\/parteneri\/015-IAUDER.jpg\" \/><\/a><a href=\"http:\/\/ecfs.jus.ro\/\" target=\"_blank\" rel=\"noopener\"><img decoding=\"async\" alt=\"016-xprimm-publications.jpg\" src=\"https:\/\/i1.wp.com\/ecfs.jus.ro\/images\/parteneri\/016-xprimm-publications.jpg\" \/><\/a><a href=\"http:\/\/www.appa-asigurari.ro\/\" target=\"_blank\" rel=\"noopener\"><img decoding=\"async\" alt=\"017-APPA-albastru.jpg\" src=\"https:\/\/i0.wp.com\/ecfs.jus.ro\/images\/parteneri\/017-APPA-albastru.jpg\" \/><\/a><\/div>\n<\/div>\n<\/div>\n<\/div>\n<\/div>\n<\/section>\n<\/div>\n<div id=\"gkBottom1\">\n<div>\n<div id=\"gkBottom1-1\">\n<h3>AGENDA<\/h3>\n<h3><small>CONFERIN\u021aA EUROPEAN\u0102 A SERVICIILOR FINANCIARE ECFS 2017<\/small><\/h3>\n<div>\n<div>\n<p>Temele de discu\u021bie vor fi sus\u021binute de profesioni\u0219ti ai finan\u021belor \u0219i ai dreptului, practicieni ai pie\u021bei de capital \u0219i ai asigur\u0103rilor \u0219i pensiilor private, \u00eempreun\u0103 cu cadre universitare \u0219i cercet\u0103tori ai domeniului serviciilor financiare, at\u00e2t din Rom\u00e2nia, c\u00e2t \u0219i din str\u0103in\u0103tate.<\/p>\n<p><strong>Joi, 19 octombrie:<\/strong><br \/>\n10:00 \u2013 10:15 \u2013 Deschiderea ECFS 2017;<br \/>\n10:15 \u2013 13:15 \u2013 \u201eProtec\u021bia Datelor cu Caracter Personal pentru furnizorii de servicii financiare\u201d.<br \/>\n<em>Speakeri:<\/em><\/p>\n<table>\n<tbody>\n<tr>\n<td align=\"center\" valign=\"middle\"><img decoding=\"async\" alt=\"001 Alexe Irina poza\" src=\"https:\/\/i1.wp.com\/ecfs.jus.ro\/images\/speakers\/001-Alexe-Irina-poza.JPG\" width=\"103\" \/><\/td>\n<td>Dr. Irina ALEXE, cercet\u0103tor \u0219tiin\u021bific asociat, Institutul de Cercet\u0103ri Juridice \u201eAcad. Andrei R\u0103dulescu\u201d al Academiei Rom\u00e2ne<br \/>\n\u201e<em>Regimul sanctionator prev\u0103zut de Regulamentul (UE) 2016\/679 privind protec\u021bia datelor cu caracter personal<\/em>\u201e<\/td>\n<\/tr>\n<tr>\n<td align=\"center\" valign=\"middle\"><img decoding=\"async\" alt=\"001 Cobuz Alina poza\" src=\"https:\/\/i2.wp.com\/ecfs.jus.ro\/images\/speakers\/001-Cobuz-Alina-poza.jpg\" width=\"103\" \/><\/td>\n<td>Dr. Alina Mioara COBUZ-BAGNARU, lector, Academia de Studii Economice, Bucure\u0219ti; partener, Cobuz &amp; Asocia\u021bii<br \/>\n\u201e<em>Importan\u021ba \u0219i semnifica\u021bia legii protec\u021biei datelor cu caracter personal\u00a0pentru furnizorii de servicii financiare<\/em>\u201e<\/td>\n<\/tr>\n<tr>\n<td align=\"center\" valign=\"middle\"><img decoding=\"async\" alt=\"002 Cucliciu Maria poza\" src=\"https:\/\/i2.wp.com\/ecfs.jus.ro\/images\/speakers\/002-Cucliciu-Maria-poza.jpg\" width=\"103\" \/><\/td>\n<td>Maria CUCLICIU, director executiv, Musliu &amp; Asocia\u021bii<br \/>\n\u201e<em>GDPR:\u00a0cine, cum \u0219i \u00eencotro?<\/em>\u201e<\/td>\n<\/tr>\n<tr>\n<td align=\"center\" valign=\"middle\"><img decoding=\"async\" alt=\"001 Ploesteanu N poza\" src=\"https:\/\/i0.wp.com\/ecfs.jus.ro\/images\/speakers\/001-Ploesteanu-N-poza.jpg\" width=\"103\" \/><\/td>\n<td>Dr. Nicolae-Drago\u0219 PLOE\u0218TEANU, conferen\u021biar, Universitatea \u201ePetru Maior\u201d, T\u00eergu-Mure\u0219<br \/>\n\u201e<em>Riscuri asupra datelor personale \u00een sectorul bancar<\/em>\u201e<\/td>\n<\/tr>\n<tr>\n<td align=\"center\" valign=\"middle\"><img decoding=\"async\" alt=\"001 Sandru Mihai poza\" src=\"https:\/\/i2.wp.com\/ecfs.jus.ro\/images\/speakers\/001-Sandru-Mihai-poza.jpg\" width=\"103\" \/><\/td>\n<td>Dr. Daniel-Mihail \u0218ANDRU, profesor, Universitatea Cre\u0219tin\u0103 \u201eDimitrie Cantemir\u201d, Bucure\u0219ti<br \/>\n\u201e<em>Elemente privind reglementarea consim\u021b\u0103m\u00e2ntului \u00een prelucrarea datelor cu caracter personal, potrivit art. 6 din Regulamentul 2016\/679<\/em>\u201e<\/td>\n<\/tr>\n<tr>\n<td align=\"center\" valign=\"middle\"><img decoding=\"async\" alt=\"002 Schiopu Silviu poza\" src=\"https:\/\/i1.wp.com\/ecfs.jus.ro\/images\/speakers\/002-Schiopu-Silviu-poza.jpg\" width=\"103\" \/><\/td>\n<td>Drd. Silviu-Dorin \u0218CHIOPU, asistent, Universitatea \u201eTransilvania\u201d, Bra\u0219ov<br \/>\n<em>\u201eObliga\u021bia de informare \u00een cazul datelor negative transmise Biroului de Credit\u201d<\/em><\/td>\n<\/tr>\n<tr>\n<td align=\"center\" valign=\"middle\"><img decoding=\"async\" alt=\"002 Serbanescu Cosmin poza\" src=\"https:\/\/i2.wp.com\/ecfs.jus.ro\/images\/speakers\/002-Serbanescu-Cosmin-poza.jpeg\" width=\"103\" \/><\/td>\n<td>Cosmin \u0218ERB\u0102NESCU, pre\u0219edinte, Institutul Na\u021bional de Control Intern din Rom\u00e2nia<br \/>\n\u201e<em>The role and responsibilities of the Data Protection Officer (DPO) under the GDPR regulation\u201d<\/em><\/td>\n<\/tr>\n<\/tbody>\n<\/table>\n<p>14:30 \u2013 17:30 \u2013 \u201eSolu\u021bionarea alternativ\u0103 a litigiilor financiare\u201d<br \/>\n<em>Speakeri:<\/em><\/p>\n<table>\n<tbody>\n<tr>\n<td align=\"center\" valign=\"middle\"><img decoding=\"async\" alt=\"001 Cobuz Alina poza\" src=\"https:\/\/i2.wp.com\/ecfs.jus.ro\/images\/speakers\/001-Cobuz-Alina-poza.jpg\" width=\"103\" \/><\/td>\n<td>\u00a0Dr. Alina Mioara COBUZ-BAGNARU, lector, Academia de Studii Economice, Bucure\u0219ti; partener, Cobuz &amp; Asocia\u021bii<br \/>\n\u201e<em>Alternativa la justi\u021bia statal\u0103 \u2013 un alt mod de solu\u021bionare a litigiilor financiare\u201d<\/em><\/td>\n<\/tr>\n<tr>\n<td align=\"center\" valign=\"middle\"><img decoding=\"async\" alt=\"001 Golub Sergiu poza\" src=\"https:\/\/i2.wp.com\/ecfs.jus.ro\/images\/speakers\/001-Golub-Sergiu-poza.jpg\" width=\"103\" \/><\/td>\n<td>\u00a0Dr. Sergiu GOLUB, lector, Universitatea \u201eBabe\u0219-Bolyai\u201d, Cluj-Napoca<br \/>\n\u201e<em>C\u00e2teva curiozit\u0103\u021bi \u0219i bizarerii \u00een Ordonan\u021ba Guvernului nr. 38\/2015 privind solu\u021bionarea alternativ\u0103 a litigiilor dintre consumatori \u0219i comercian\u021bi<\/em>\u201e<\/td>\n<\/tr>\n<tr>\n<td align=\"center\" valign=\"middle\"><img decoding=\"async\" alt=\"002 Jantea R poza\" src=\"https:\/\/i2.wp.com\/ecfs.jus.ro\/images\/speakers\/002-Jantea-R-poza.jpg\" width=\"103\" \/><\/td>\n<td>Romeo JANTEA, consultant,\u00a0Jantea Profesional<br \/>\n<em>\u201eArbitraj \u00een dispute legate de asigur\u0103ri \u2013 func\u021bionare \u0219i beneficii\u201d<\/em><\/td>\n<\/tr>\n<tr>\n<td align=\"center\" valign=\"middle\"><img decoding=\"async\" alt=\"man\" src=\"https:\/\/i0.wp.com\/ecfs.jus.ro\/images\/speakers\/man.jpg\" width=\"103\" \/><\/td>\n<td>Narcis P\u0102V\u0102LA\u0218CU, pre\u0219edinte, Asocia\u021bia Centrul de Arbitraj \u0219i Mediere \u00een Asigur\u0103ri (ACAMA); managing director, Pavalascu Risk Consultants<br \/>\n<em>Titlu \u00een curs de comunicare<\/em><\/td>\n<\/tr>\n<tr>\n<td align=\"center\" valign=\"middle\"><img decoding=\"async\" alt=\"002 Popescu Ioana poza\" src=\"https:\/\/i2.wp.com\/ecfs.jus.ro\/images\/speakers\/002-Popescu-Ioana-poza.png\" width=\"103\" \/><\/td>\n<td>Ioana POPESCU, \u0219ef Serviciu Rela\u021bii cu Publicul, Direc\u021bia Rela\u021bii cu Publicul, Peti\u021bii, \u0219i Educa\u021bie Financiar\u0103 din cadrul Autorit\u0103\u021bii de Supraveghere Financiar\u0103<br \/>\n\u201e<em>Activitatea \u0219i organizarea Entit\u0103\u021bii de Solu\u021bionare Alternativ\u0103 a Litigiilor \u00een domeniul financiar nonbancar<\/em>\u201e<\/td>\n<\/tr>\n<tr>\n<td align=\"center\" valign=\"middle\"><img decoding=\"async\" alt=\"002 SESCU Marius poza\" src=\"https:\/\/i1.wp.com\/ecfs.jus.ro\/images\/speakers\/002-SESCU-Marius-poza.jpg\" width=\"103\" \/><\/td>\n<td>Marius SESCU, pre\u015fedinte, Corpul Profesional al Mediatorilor din jude\u021bul Mure\u015f<br \/>\n\u201e<em>Solu\u021bionarea conflictelor \u00een materia asigur\u0103rilor prin procedura medierii<\/em>\u201e<\/td>\n<\/tr>\n<tr>\n<td align=\"center\" valign=\"middle\">\u00a0<img decoding=\"async\" alt=\"001 Sustac Zeno poza\" src=\"https:\/\/i0.wp.com\/ecfs.jus.ro\/images\/speakers\/001-Sustac-Zeno-poza.jpg\" width=\"103\" \/><\/td>\n<td>Dr. Zeno-Daniel \u0218U\u0218TAC, profesor asociat, Universitatea de Vest, Timi\u0219oara; mediator<br \/>\n\u201e<em>Medierea, procedura SAL<\/em>\u201e<\/td>\n<\/tr>\n<\/tbody>\n<\/table>\n<p><strong><br \/>\nVineri, 20 octombrie:<\/strong><br \/>\n09:30 \u2013 11:30 \u2013 Emiten\u021bi de valori mobiliare. Prevenirea practicilor abuzive. Integritatea raport\u0103rilor financiare.<br \/>\n<em>Speakeri:<br \/>\n<\/em><\/p>\n<table cellspacing=\"1\" cellpadding=\"1\">\n<tbody>\n<tr>\n<td align=\"center\" valign=\"bottom\"><img decoding=\"async\" alt=\"001 Bolos Bradut poza\" src=\"https:\/\/i1.wp.com\/ecfs.jus.ro\/images\/speakers\/001-Bolos-Bradut-poza.jpg\" width=\"103\" \/><\/td>\n<td>Ec. dr. Br\u0103du\u021b Vasile BOLO\u0218, profesor asociat, Universitatea \u201ePetru Maior\u201d, T\u00eergu-Mure\u0219<br \/>\n\u201e<em>Acumularea cazuisticii fraudelor, evolu\u021bia legislativ\u0103 \u0219i eficien\u021ba economic\u0103 proten\u021bial\u0103<\/em>\u201e<\/td>\n<\/tr>\n<tr>\n<td align=\"center\" valign=\"bottom\"><img decoding=\"async\" alt=\"002 Botez Ileana poza\" src=\"https:\/\/i0.wp.com\/ecfs.jus.ro\/images\/speakers\/002-Botez-Ileana-poza.jpg\" width=\"103\" \/><\/td>\n<td>Ileana BOTEZ, Head of Listing Department, Bursa de Valori Bucure\u0219ti<br \/>\n\u201e<em>Rela\u021bia cu investitorii \u2013 transparen\u021b\u0103 \u0219i \u00eencredere<\/em>\u201e<\/td>\n<\/tr>\n<tr>\n<td align=\"center\" valign=\"bottom\"><img decoding=\"async\" alt=\"001 Calin Dragos Po\" src=\"https:\/\/i2.wp.com\/ecfs.jus.ro\/images\/speakers\/001-Calin-Dragos-Po.jpg\" width=\"103\" \/><\/td>\n<td>Dr. Drago\u0219 C\u0102LIN, \u0218ef al Departamentului Juridic, S.I.F. Transilvania S.A., Bra\u0219ov<br \/>\n<em>\u201eSanc\u021bionarea administrativ\u0103 a practicilor abuzive \u00een cazul emiten\u021bilor de valori mobiliare\u201d<\/em><\/td>\n<\/tr>\n<tr>\n<td align=\"center\" valign=\"bottom\"><img decoding=\"async\" alt=\"001 Mita Baciu Angela\" src=\"https:\/\/i2.wp.com\/ecfs.jus.ro\/images\/speakers\/001-Mita-Baciu-Angela.png\" width=\"103\" \/><\/td>\n<td>Dr. Angela M\u00ce\u021a\u0102 \u2013 BACIU, conferen\u021biar, Universitatea \u201ePetre Andrei\u201d, Ia\u0219i; lector, Institutul Na\u021bional pentru Preg\u0103tirea \u0219i Perfec\u021bionarea Avoca\u021bilor, Ia\u0219i<br \/>\n<em>\u201eProspectul de ofert\u0103 \u00een oferta public\u0103 de v\u00e2nzare transfrontalier\u0103\u201d<\/em><\/td>\n<\/tr>\n<tr>\n<td align=\"center\" valign=\"bottom\"><img decoding=\"async\" alt=\"001 Paun Ciprian Poza\" src=\"https:\/\/i0.wp.com\/ecfs.jus.ro\/images\/speakers\/001-Paun-Ciprian-Poza.jpg\" width=\"103\" \/><img decoding=\"async\" alt=\"001 Vecerdea Stefania Po\" src=\"https:\/\/i2.wp.com\/ecfs.jus.ro\/images\/speakers\/001-Vecerdea-Stefania-Po.jpg\" width=\"103\" \/><\/td>\n<td>Dr. Ciprian Adrian P\u0102UN, conferen\u021biar, Universitatea \u201eBabe\u0219-Bolyai\u201d, Cluj-Napoca<br \/>\n\u0218tefania-Claudia VECERDEA, avocat, Baroul Sibiu<br \/>\n\u201e<em>Lungul drum al Golgotei: Autorizarea A.S.F. a administratorilor \u00een SSIF-uri<\/em>\u201e<\/td>\n<\/tr>\n<tr>\n<td align=\"center\" valign=\"bottom\"><img decoding=\"async\" alt=\"001 Popa Manole Poza\" src=\"https:\/\/i1.wp.com\/ecfs.jus.ro\/images\/speakers\/001-Popa-Manole-Poza.jpg\" width=\"103\" \/><\/td>\n<td>Dr. Manole-Ciprian POPA, lector, Universitatea din Bucure\u0219ti<br \/>\n<em>Titlu \u00een curs de comunicare<\/em><\/td>\n<\/tr>\n<tr>\n<td align=\"center\" valign=\"bottom\"><img decoding=\"async\" alt=\"Spatacean Ovidiu poza\" src=\"https:\/\/i1.wp.com\/ecfs.jus.ro\/images\/speakers\/Spatacean-Ovidiu-poza.jpg\" width=\"103\" \/><\/td>\n<td>Dr. Ioan Ovidiu SP\u0102T\u0102CEAN, lector, Universitatea \u201ePetru Maior\u201d, T\u00eergu-Mure\u0219,<br \/>\n\u201e<em>Integritatea raport\u0103rii financiare \u2013 piatra de temelie \u00een comunicarea eficace cu investitorii<\/em>\u201e<\/td>\n<\/tr>\n<\/tbody>\n<\/table>\n<p>09:30 \u2013 11:30 \u2013 Asigur\u0103ri pentru agen\u021bii economici. Asigurarea pierderilor de profit. Asigurarea riscurilor cibernetice.<br \/>\n<em>Speakeri:<\/em><\/p>\n<table>\n<tbody>\n<tr>\n<td align=\"center\" valign=\"middle\"><img decoding=\"async\" alt=\"002 BORTA L poza\" src=\"https:\/\/i2.wp.com\/ecfs.jus.ro\/images\/speakers\/002-BORTA-L-poza.jpg\" width=\"103\" \/><\/td>\n<td>Lauren\u021biu BORTA, Managing Director, Prime Advisor<br \/>\n\u201e<em>Securizarea profitabilit\u0103\u021bii prin managementul riscului generat de credite comerciale neperformante<\/em>\u201e<\/td>\n<\/tr>\n<tr>\n<td align=\"center\" valign=\"middle\"><img decoding=\"async\" alt=\"man\" src=\"https:\/\/i0.wp.com\/ecfs.jus.ro\/images\/speakers\/man.jpg\" width=\"103\" \/><\/td>\n<td>Dr. Raul-Felix HODO\u0218, lector, Universitatea \u201ePetru Maior\u201d, T\u00eergu-Mure\u0219; avocat, UNBR \u2013 Baroul Bucure\u0219ti<br \/>\n<em>\u201ePia\u021ba unic\u0103 digital\u0103 \u00een Europa \u0219i impactul asupra securit\u0103\u021bii cibernetice\u201d.<\/em><\/td>\n<\/tr>\n<tr>\n<td scope=\"col\" align=\"center\" valign=\"middle\"><img decoding=\"async\" alt=\"002 Jantea R poza\" src=\"https:\/\/i2.wp.com\/ecfs.jus.ro\/images\/speakers\/002-Jantea-R-poza.jpg\" width=\"103\" \/><\/td>\n<td>Romeo JANTEA, consultant, Jantea Profesional<br \/>\n<em>\u201ePierderi financiare din riscuri asigurate\u201d<br \/>\n<\/em><\/td>\n<\/tr>\n<tr>\n<td scope=\"col\" align=\"center\" valign=\"middle\"><img decoding=\"async\" alt=\"woman\" src=\"https:\/\/i0.wp.com\/ecfs.jus.ro\/images\/speakers\/woman.jpg\" width=\"103\" \/><\/td>\n<td>Otilia Livia Florina MIHAI, pre\u0219edinte, PRBAR Academy; director general, Consultant A.A. \u2013 Broker de Asigurare<br \/>\n<em>\u201eServiciile \u00een asigur\u0103ri \u2013 o alt\u0103 viziune\u201d<\/em><\/td>\n<\/tr>\n<tr>\n<td scope=\"col\" align=\"center\" valign=\"middle\"><img decoding=\"async\" alt=\"man\" src=\"https:\/\/i0.wp.com\/ecfs.jus.ro\/images\/speakers\/man.jpg\" width=\"103\" \/><\/td>\n<td>Narcis P\u0102V\u0102LA\u0218CU, pre\u0219edinte, Asocia\u021bia Centrul de Arbitraj \u0219i Mediere \u00een Asigur\u0103ri (ACAMA); managing director, Pavalascu Risk Consultants<br \/>\n<em>Titlu \u00een curs de comunicare<\/em><\/td>\n<\/tr>\n<\/tbody>\n<\/table>\n<p>11:45 \u2013 13:45 \u2013 Dreptul serviciilor financiare<br \/>\n<em>Speakeri:<br \/>\n<\/em><\/p>\n<table>\n<tbody>\n<tr>\n<td align=\"center\" valign=\"middle\"><img decoding=\"async\" alt=\"001 Bolos Mihaela poza\" src=\"https:\/\/i1.wp.com\/ecfs.jus.ro\/images\/speakers\/001-Bolos-Mihaela-poza.jpg\" width=\"103\" \/><\/td>\n<td>Dr. Mihaela-Daciana BOLO\u0218, lector, Universitatea \u201ePetru Maior\u201d, T\u00eergu-Mure\u0219<br \/>\n\u201e<em>Dezvoltarea pie\u021bei financiare \u0219i dileme de securitate na\u021bional\u0103<\/em>\u201e<\/td>\n<\/tr>\n<tr>\n<td align=\"center\" valign=\"middle\"><img decoding=\"async\" alt=\"man\" src=\"https:\/\/i0.wp.com\/ecfs.jus.ro\/images\/speakers\/man.jpg\" width=\"103\" \/><\/td>\n<td>Drd. Lauren\u021biu Paul BARANG\u0102, Universitatea din Bucure\u0219ti \u2013 Academia de Studii Economice, Bucure\u0219ti<br \/>\n<em>\u201eNoul pachet legislativ MiFID II \u0219i impactul implement\u0103rii acestuia\u201d<\/em><\/td>\n<\/tr>\n<tr>\n<td align=\"center\" valign=\"middle\"><img decoding=\"async\" alt=\"001 Boila Rodica poza\" src=\"https:\/\/i1.wp.com\/ecfs.jus.ro\/images\/speakers\/001-Boila-Rodica-poza.jpg\" width=\"103\" \/><\/td>\n<td>Dr. Lacrima Rodica BOIL\u0102, conferen\u021biar, Universitatea \u201ePetru Maior\u201d, T\u00eergu-Mure\u0219; avocat, UNBR \u2013 Baroul Mure\u0219<br \/>\n\u201e<em>Natura juridic\u0103 a r\u0103spunderii civile \u00een etapa negocierilor precontractuale \u0219i \u00eencheierea contractelor preparatorii<\/em>\u201e<\/td>\n<\/tr>\n<tr>\n<td align=\"center\" valign=\"middle\"><img decoding=\"async\" alt=\"001 POPOVICI Paul poza\" src=\"https:\/\/i1.wp.com\/ecfs.jus.ro\/images\/speakers\/001-POPOVICI-Paul-poza.jpg\" width=\"103\" \/><\/td>\n<td>Dr. Paul POPOVICI, conferen\u021biar, Universitatea Cre\u015ftin\u0103 \u201eDimitrie Cantemir\u201d, Bucure\u015fti \u2013 Facultatea de Drept, Cluj-Napoca; avocat, UNBR \u2013 Baroul Arad<br \/>\n\u201e<em>Rebranding in financial industry<\/em>\u201e<\/td>\n<\/tr>\n<\/tbody>\n<\/table>\n<p>11:45 \u2013 13:45 \u2013 Asigur\u0103ri de via\u021b\u0103, pensii private \u2013 alternative la cre\u0219terea de salarii<br \/>\n<em>Speakeri:<br \/>\n<\/em><\/p>\n<table>\n<tbody>\n<tr>\n<td align=\"center\" valign=\"middle\"><img decoding=\"async\" alt=\"002 Antoniu Vlad poza\" src=\"https:\/\/i2.wp.com\/ecfs.jus.ro\/images\/speakers\/002-Antoniu-Vlad-poza.jpg\" width=\"103\" \/><\/td>\n<td>\u00a0Vlad-Ioan ANTONIU, director comercial, ERGO Asigur\u0103ri de Via\u021b\u0103<br \/>\n<em>Titlu \u00een curs de comunicare.<\/em><\/td>\n<\/tr>\n<tr>\n<td align=\"center\" valign=\"middle\"><img decoding=\"async\" alt=\"001 Coman Ramona poza\" src=\"https:\/\/i0.wp.com\/ecfs.jus.ro\/images\/speakers\/001-Coman-Ramona-poza.jpg\" width=\"103\" \/><\/td>\n<td>Dr. Ramona Mihaela COMAN, asistent, Universitatea \u201ePetru Maior\u201d,\u00a0T\u00eergu-Mure\u0219<br \/>\n\u201e<em>O viziune din prisma dreptului penal asupra asigur\u0103rilor de via\u021b\u0103 ca alternativ\u0103 la cre\u0219terea de salarii<\/em>\u201e<\/td>\n<\/tr>\n<tr>\n<td align=\"center\" valign=\"middle\"><img decoding=\"async\" alt=\"001 Luntraru Bianca poza\" src=\"https:\/\/i1.wp.com\/ecfs.jus.ro\/images\/speakers\/001-Luntraru-Bianca-poza.JPG\" width=\"103\" \/><\/td>\n<td>\u00a0Dr. Lacrima Bianca LUNTRARU, asistent,\u00a0Universitatea \u201ePetru Maior\u201d, T\u00eergu-Mure\u0219; avocat, UNBR \u2013 Baroul Mure\u0219<br \/>\n\u201e<em>Variabilele angaj\u0103rii r\u0103spunderii civile a profesionistului pentru malpraxis<\/em>\u201e<\/td>\n<\/tr>\n<tr>\n<td align=\"center\" valign=\"middle\"><img decoding=\"async\" alt=\"001 Mitroi A poza\" src=\"https:\/\/i1.wp.com\/ecfs.jus.ro\/images\/speakers\/001-Mitroi-A-poza.jpg\" width=\"103\" \/><\/td>\n<td>Dr. Adrian MITROI, conferen\u021biar, Academia de Studii Economice, Bucure\u0219ti; membru, Consiliul \u0218tiin\u021bific al Institutului de Studii Financiare.<br \/>\n\u201e<em>Edificarea averii consumatorului modern de servicii financiare: bricolajul investi\u021bional individual<\/em>\u201e<\/td>\n<\/tr>\n<tr>\n<td align=\"center\" valign=\"middle\"><img decoding=\"async\" alt=\"woman\" src=\"https:\/\/i0.wp.com\/ecfs.jus.ro\/images\/speakers\/woman.jpg\" width=\"103\" \/><\/td>\n<td>Simona MU\u0218AT, Deputy Manager, Mercer Marsh Benefits<br \/>\n\u201e<em>Benefits Trends in Romania\u201d<\/em><\/td>\n<\/tr>\n<\/tbody>\n<\/table>\n<p><em>\u00a0<\/em><\/p>\n<\/div>\n<\/div>\n<\/div>\n<div id=\"gkBottom1-2\">\n<h3>ORGANIZARE<small>CONFERIN\u021aA EUROPEAN\u0102 A SERVICIILOR FINANCIARE ECFS 2017<\/small><\/h3>\n<div>\n<div>\n<h4>Comitetul \u0219tiin\u021bific:<\/h4>\n<p>\u2022 Dr. Titus PRESCURE, profesor, Universitatea \u201eTransilvania\u201d, Bra\u0219ov;<br \/>\n\u2022 Dr. Ioan SCHIAU, profesor, Universitatea \u201eTransilvania\u201d, Bra\u0219ov;<br \/>\n\u2022 Dr. Ion STANCU, profesor, Academia de \u0218tiin\u021be Economice, Bucure\u0219ti; vice-pre\u0219edinte, Institutul de Studii Financiare, Bucure\u0219ti;<br \/>\n\u2022 Dr. Daniel-Mihail \u0218ANDRU, profesor, Universitatea Cre\u0219tin\u0103 \u201eDimitrie Cantemir\u201d, Bucure\u0219ti; coordonator, Centrul de Studii de Drept European din cadrul Institutului de Cercet\u0103ri Juridice \u201eAcad. Andrei R\u0103dulescu\u201d al Academiei Rom\u00e2ne, Bucure\u0219ti.<\/p>\n<h4>Comitetul de organizare:<\/h4>\n<p>\u2022 Dr. Irina ALEXE, cercet\u0103tor \u0219tiin\u021bific asociat, Institutul de Cercet\u0103ri Juridice \u201eAcad. Andrei R\u0103dulescu\u201d al Academiei Rom\u00e2ne;<br \/>\n\u2022 Dr. Drago\u0219 C\u0102LIN, consilier juridic, director al Direc\u021biei Juridice, S.I.F. Transilvania, Bra\u0219ov;<br \/>\n\u2022 Dr. Sergiu GOLUB, lector, Universitatea \u201eBabe\u0219-Bolyai\u201d, Cluj-Napoca;<br \/>\n\u2022 Dr. Raul-Felix HODO\u0218, lector, Universitatea \u201ePetru Maior\u201d, T\u00eergu-Mure\u0219;<br \/>\n\u2022 Dr. Laura Elly NAGHI, conferen\u021biar, Academia de Studii Economice, Bucure\u0219ti; director, Centrul de Formare Profesional\u0103 al Institutului de Studii Financiare, Bucure\u0219ti;<br \/>\n\u2022 Dr. Ciprian P\u0102UN, conferen\u021biar, Universitatea \u201eBabe\u0219-Bolyai\u201d, Cluj-Napoca;<br \/>\n\u2022 Narcis P\u0102V\u0102LA\u0218CU, pre\u0219edinte, Centrul de Arbitraj \u0219i Mediere \u00een Asigur\u0103ri, Bucure\u0219ti;<br \/>\n\u2022 Dr. Nicolae-Drago\u0219 PLOE\u0218TEANU, conferen\u021biar, Universitatea \u201ePetru Maior\u201d, T\u00eergu-Mure\u0219;<br \/>\n\u2022 Dr. Ioan \u2013 Ovidiu SP\u0102T\u0102CEAN, lector, Universitatea \u201ePetru Maior\u201d, T\u00eergu-Mure\u0219.<\/p>\n<h4>Publicarea comunic\u0103rilor<\/h4>\n<p>Lucr\u0103rile \u0219tiin\u021bifice ce vor fi prezentate cu ocazia acestui eveniment vor fi transmise p\u00e2n\u0103 \u00een data de\u00a0<strong>1 octombrie 2017<\/strong>.\u00a0Cele mai relevante articole vor fi publicate, prin selec\u021bie, \u00een\u00a0<strong>Revista de Studii Financiare<\/strong>, \u00een\u00a0<strong>Revista Rom\u00e2n\u0103 de Dreptul Afacerilor\u00a0<\/strong>\u0219i \u00een\u00a0<strong>Revista de Economie Teoretic\u0103 \u0219i Aplicat\u0103<\/strong>. Pentru introducerea acestor lucr\u0103ri \u00een procesul de recenzare, versiunea lor final\u0103 va fi transmis\u0103 p\u00e2n\u0103 \u00een data de\u00a0<strong>20 noiembrie 2017<\/strong>prin email, la adresa:\u00a0ecfs@jus.ro.<\/p>\n<h4>Taxa de participare<\/h4>\n<p>Taxa de participare este de 200 lei \/ persoan\u0103 pentru ambele zile \u0219i de 120 lei \/ persoan\u0103 pentru 1 zi. Taxa de participare acoper\u0103 \u00eenregistrarea la eveniment, accesul la panelurile Conferin\u021bei, pauzele de cafea, pauzele de pr\u00e2nz \u0219i cina festiv\u0103.<br \/>\nTaxa de participare se achit\u0103 p\u00e2n\u0103 \u00een data de\u00a0<strong>16 octombrie 2017<\/strong>\u00a0\u00een contul Societ\u0103\u021bii Rom\u00e2ne de Cercetare pentru Afaceri Publice \u0219i Private, deschis la Libra Internet Bank, av\u00e2nd IBAN RO17 BREL 0002 0010 6313 0100. Este necesar ca transferul s\u0103 aib\u0103 men\u021biunea \u201eTax\u0103 de participare la ECFS 2017\u201d.<br \/>\n\u00cen cazul prezent\u0103rii unei lucr\u0103ri cu caracter \u0219tiin\u021bific, autorii nu vor achita taxa de participare.<br \/>\nParticipan\u021bii sunt responsabili pentru aspectele legate de transport \u0219i cazare, cheltuielile cu acestea nefiind incluse \u00een taxa de participare.<\/p>\n<h4>Cazare<\/h4>\n<p>\u00cen cazul \u00een care participan\u021bii opteaz\u0103 pentru cazarea la Hotel Aro Palace***** sau la Hotel Capitol***, ace\u0219tia beneficiaz\u0103 de tarife preferen\u021biale.<br \/>\nPreturile propuse de Hotel Aro Palace***** pentru cazarea participan\u021bilor la ECFS 2017 sunt urm\u0103toarele:<br \/>\n\u2013 Camera single cu mic dejun \u2013 77 euro\/noapte;<br \/>\n\u2013 Camera double cu mic dejun \u2013 94 euro\/noapte.<br \/>\nAceast\u0103 ofert\u0103 este valabil\u0103 p\u00e2n\u0103 \u00een data de 5\u00a0octombrie\u00a02017, motiv pentru care persoanele interesate sunt rugate ca, p\u00e2n\u0103 la aceast\u0103 dat\u0103, s\u0103 transmit\u0103 organizatorilor urm\u0103toarele informa\u021bii:<br \/>\na) data la care doresc s\u0103 se cazeze la Hotel Aro Palace*****\u00a0 (18 \/ 19 octombrie 2017\u00a0sau 19 \/ 20 octombrie 2017),<br \/>\nb) perioada de cazare,<br \/>\nc) tipul camerei alese (camer\u0103 single \/ camer\u0103 double),<br \/>\nd) datele necesare pentru refacturare.<br \/>\nPersoanele interesate\u00a0pot achita, p\u00e2n\u0103 \u00een data de 15 octombrie\u00a02017, contravaloarea caz\u0103rii \u00eentr-unul din conturile deschise pe numele Societ\u0103\u021bii Rom\u00e2ne de Cercetare pentru Afaceri Publice \u0219i Private la Libra Internet Bank, IBAN RO06 BREL 0002 0010 6313 0201 (EURO) \/ IBAN RO17 BREL 0002 0010 6313 0100 (RON), cu men\u021biunea \u201ecazare ECFS 2017 la Hotel Aro Palace*****\u201d, urm\u00e2nd ca SOROCAPP s\u0103 refactureze costurile cu cazarea.<br \/>\n\u00cen ipoteza \u00een care contravaloarea caz\u0103rii se face \u00een lei, cuantumul acesteia se va calcula \u00een func\u021bie de cursul valutar afi\u0219at de Libra Internet\u00a0 Bank la data pl\u0103\u021bii pentru v\u00e2nzarea unui euro.<\/p>\n<p>Descarca formularul de inscriere ECFS 2017<\/p>\n<p><a href=\"http:\/\/ecfs.jus.ro\/images\/pdf\/formular-inscriere-ECFS-2017.pdf\" target=\"_blank\" rel=\"noopener noreferrer\">FORMULAR INSCRIERE<\/a><\/p>\n<\/div>\n<\/div>\n<\/div>\n<div id=\"gkBottom1-3\">\n<h3>PROGRAM<small>CONFERIN\u021aA EUROPEAN\u0102 A SERVICIILOR FINANCIARE ECFS 2017<\/small><\/h3>\n<div>\n<div>\n<p><img decoding=\"async\" alt=\"logo ecfs 1 64px\" src=\"https:\/\/i1.wp.com\/ecfs.jus.ro\/images\/logo-ecfs-1-48px.png\" \/><\/p>\n<h4>Joi, 19 octombrie<\/h4>\n<p>\u2022 \u00cenregistrare<br \/>\n\u2022 Sesiune plenar\u0103<br \/>\n\u2022 Pr\u00e2nz<br \/>\n\u2022 Sesiune plenar\u0103<br \/>\n\u2022 Gal\u0103 festiv\u0103<\/p>\n<h4>Vineri, 20 octombrie<\/h4>\n<p>\u2022 Sesiuni paralele<br \/>\n\u2022 Pr\u00e2nz<br \/>\n\u2022 Sesiuni paralele.<\/p>\n<\/div>\n<\/div>\n<\/div>\n<div id=\"gkBottom1-4\">\n<h3>CONTACT<\/h3>\n<div>\n<div>\n<p>Pentru detalii privind \u00eenscrierea la sesiunile ECFS 2017, v\u0103 rug\u0103m s\u0103 ne contacta\u021bi prin email sau telefonic:<\/p>\n<p><strong>Telefon:<\/strong><\/p>\n<p>\u2013 (+4)0758\/491.984 \u2013 Andreea PETRACHE, Institutul de Studii Financiare, Bucure\u0219ti;<\/p>\n<p>\u2013 (+4)0751\/109.049 \u2013 Daniela MICU, Societatea Rom\u00e2n\u0103 de Cercetare pentru Afaceri Publice \u0219i Private, T\u00eergu-Mure\u0219.<\/p>\n<p><strong>E-mail:<\/strong>\u00a0ecfs@jus.ro<\/p>\n<p>Revenim cu informa\u021bii suplimentare pe m\u0103sur\u0103 ce acestea sunt disponibile. V\u0103 mul\u021bumim pentru interesul acordat pentru acest eveniment \u0219tiin\u021bific.<\/p>\n<\/div>\n<\/div>\n<\/div>\n<\/div>\n<\/div>\n","protected":false},"excerpt":{"rendered":"","protected":false},"author":1,"featured_media":0,"comment_status":"closed","ping_status":"open","sticky":false,"template":"","format":"standard","meta":{"footnotes":""},"categories":[48],"tags":[],"class_list":["post-3402","post","type-post","status-publish","format-standard","hentry","category-evenimente"],"_links":{"self":[{"href":"http:\/\/www.ardae.ro\/index.php?rest_route=\/wp\/v2\/posts\/3402"}],"collection":[{"href":"http:\/\/www.ardae.ro\/index.php?rest_route=\/wp\/v2\/posts"}],"about":[{"href":"http:\/\/www.ardae.ro\/index.php?rest_route=\/wp\/v2\/types\/post"}],"author":[{"embeddable":true,"href":"http:\/\/www.ardae.ro\/index.php?rest_route=\/wp\/v2\/users\/1"}],"replies":[{"embeddable":true,"href":"http:\/\/www.ardae.ro\/index.php?rest_route=%2Fwp%2Fv2%2Fcomments&post=3402"}],"version-history":[{"count":3,"href":"http:\/\/www.ardae.ro\/index.php?rest_route=\/wp\/v2\/posts\/3402\/revisions"}],"predecessor-version":[{"id":3486,"href":"http:\/\/www.ardae.ro\/index.php?rest_route=\/wp\/v2\/posts\/3402\/revisions\/3486"}],"wp:attachment":[{"href":"http:\/\/www.ardae.ro\/index.php?rest_route=%2Fwp%2Fv2%2Fmedia&parent=3402"}],"wp:term":[{"taxonomy":"category","embeddable":true,"href":"http:\/\/www.ardae.ro\/index.php?rest_route=%2Fwp%2Fv2%2Fcategories&post=3402"},{"taxonomy":"post_tag","embeddable":true,"href":"http:\/\/www.ardae.ro\/index.php?rest_route=%2Fwp%2Fv2%2Ftags&post=3402"}],"curies":[{"name":"wp","href":"https:\/\/api.w.org\/{rel}","templated":true}]}}