{"id":3369,"date":"2017-09-18T15:17:21","date_gmt":"2017-09-18T15:17:21","guid":{"rendered":"http:\/\/www.ardae.ro\/?p=3369"},"modified":"2017-09-18T15:17:45","modified_gmt":"2017-09-18T15:17:45","slug":"gabriela-raducan","status":"publish","type":"post","link":"http:\/\/www.ardae.ro\/?p=3369","title":{"rendered":"Gabriela R\u0103ducan"},"content":{"rendered":"<p><b>Gabriela R\u0103ducan<\/b><\/p>\n<p><b>\u00a0<\/b><\/p>\n<p>A absolvit <b>Facultatea de Drept din cadrul Univerist\u0103\u021bii Bucure\u0219ti<\/b> \u00een iunie 1996, a ob\u021binut un <b>master \u00een Dreptul afacerilor<\/b> \u00een anul 2004, \u00een anii 2003-2005 a urmat cursurile <b>Academiei de Drept European<\/b> de la Trier,Germania ((<i>Drept penal interna\u0163ional \u015fi al Consiliului de Ap\u0103rare Provizoriu al Cur\u0163ii Penale Interna\u0163ionale de la HAGA<\/i>) \u0219i cursurile <b>Institutului Diplomatic Rom\u00e2n<\/b> (<i>Drept diplomatic \u0219i consular<\/i>).\u00a0 A ob\u021binut titlul de <b>doctor \u00een drept &#8211; \u201d<i>Magna cum laudae<\/i>\u201d<\/b>, coordonator: Prof.univ.dr.Gabriel Boroi (\u201d<i>Nulitatea actului juridic civil \u00een dreptul intern \u0219i \u00een dreptul comparat european<\/i>\u201d).<\/p>\n<p>&nbsp;<\/p>\n<p>Este <b>PROFESOR UNIVERSITAR DOCTOR<\/b> (<b><i>Drept procesual civil<\/i><\/b>) la Facultatea de Drept-Universitatea Titu Maiorescu din Bucure\u0219ti, <b>AVOCAT <\/b>\u00een Baroul Bucure\u0219ti din anul 1996 (co-fondator al societ\u0103\u021bii de avocatur\u0103 <b>R\u0102DUCAN LICARI GIAMBA\u0218U \u0218I ASOCIA\u021aII),<\/b> <b>FORMATOR la Institutul Na\u021bional de Preg\u0103tire Profesional\u0103 a Avoca\u021bilor<\/b>, <b>EXPERT-FORMATOR<\/b> \u00een proiectele de formare continu\u0103 a magistra\u021bilor organizate de <b>Consiliul Superior al Magistraturii -Institutul Na\u021bional al Magistraturii, AUTOR a numerose publica\u021bii de drept, <i>key-note speaker \u2013 moderator<\/i> <\/b>la seminarii \u015fi conferin\u0163e na\u0163ionale \u0219i interna\u021bionale.<\/p>\n<p>Dintre cele mai relevante c\u0103r\u021bi publicate, amintim: <b><i>Drept procesual civil<\/i><\/b><i>,<\/i>\u00a0 Ed.ALL-BECK-2005, <b><i>Nulitatea actului juridic civil \u015fi \u00een dreptul comparat european<\/i><span style=\"text-decoration: underline;\">,<\/span><\/b> Ed.Hamangiu, 2009; <b><i>Dreptul executarii silite. Titlul executoriu european<\/i>,<\/b> Ed.Hamangiu, 2009 \u0219i 2010 ; <b><i>Regulamentul CE n. 44\/2001 privind competen\u0163a judiciar\u0103, recunoa\u015fterea \u015fi executarea hot\u0103r\u00e2rilor \u00een materie civil\u0103 \u015fi comercial\u0103. Comentat \u015fi adnotat<\/i><\/b>; \u00een co-autorat cu Carolina Maria Ni\u0163\u0103, Ed. Hamangiu, 2009 \u0219i 2011; <b><i>Drept procesual civil<\/i><\/b><i> <b>rom\u00e2n \u015fi comunitar european<\/b><\/i><b>,<\/b> Ed.Hamangiu, 2009;<b><i> Drept civil. Obligatiile.<\/i><\/b> <b>Curs universitar. Aplicatii<\/b>; \u00een co-autorat cu Gabriel Boroi<b>, <\/b>Ed.Hamangiu, 2009,<b><i> Fi\u0219e de procedur\u0103 civil\u0103 pentru admiterea \u00een magistratur\u0103 \u0219i avocatur\u0103<\/i><\/b>, \u00een co-autorat cu M\u0103d\u0103lina Dinu<b>\u00a0 <i>(curs universitar<\/i><\/b><i>)<\/i><i>, <\/i>Ed. Hamangiu, 2014, 2015, 2016 (4 edi\u021bii); co-autor la <b>: \u201dNoul Cod civil. <i>Comentarii, doctrin\u0103 \u015fi jurispruden\u0163\u0103\u201d, <\/i><\/b>Ed. Hamangiu 2012,\u00a0 la <b>\u201dNoul Cod de Procedur\u0103 Civil\u0103. <i>Comentariu pe articole\u201d Coord. Gabriel Boroi<\/i>, <\/b>Ed. Hamangiu 2013<b> <\/b>\u0219i la<b> <\/b>\u201e<b><i>Executarea silita \u2013 dificultati si solutii practice.<\/i><\/b> Volumul 1\u201d, Ed.Universul Juridic 2016, <b><i>Drept procesual civil.C\u0103ile de atac.Procedura necontencioas\u0103 judiciar\u0103.Proceduri speciale<\/i><\/b>, Ed.Hamangiu 2017.<b><\/b><\/p>\n<p>&nbsp;<\/p>\n<p>***<\/p>\n<p><strong><a href=\"http:\/\/www.ardae.ro\/?p=47\" target=\"_blank\">Dobandirea calitatii de membru aderent<\/a><\/strong><\/p>\n<p><a href=\"http:\/\/www.ardae.ro\/?p=436\" target=\"_blank\"><strong>Lista membri aderenti ARDAE \u2013 Asociatia romana de drept si afaceri europene<\/strong><\/a><\/p>\n<p><strong>Revista ARDAE<\/strong>\u00a0\u2013\u00a0<a href=\"http:\/\/iaduer.ro\/\"><em>Afaceri juridice europene<\/em><\/a><a href=\"http:\/\/iaduer.ro\/?p=1285\" target=\"_blank\"><br \/>\n<\/a><\/p>\n<p><strong>PROIECTUL IADUER<\/strong>\u00a0\u2013 interpretarea si aplicarea dreptului Uniunii Europene in Romania \u2013\u00a0<a href=\"http:\/\/iaduer.ro\/?p=162\" target=\"_blank\">Lista trimiterilor preliminare din Romania, inregistrate la CJUE<\/a><\/p>\n<p><a href=\"http:\/\/www.csde.ro\/?page_id=2038\" target=\"_blank\">Dialog &amp; forum Drept si afaceri europene in Romania<\/a><\/p>\n<p><a href=\"https:\/\/eubusinesslaw.wordpress.com\/evenimente-drept-european-ardae\/\" target=\"_blank\"><strong>Evenimente drept european \u2013 ARDAE \u2013 Asociatia romana de drept si afaceri europene<\/strong><\/a><\/p>\n<p>&nbsp;<\/p>\n","protected":false},"excerpt":{"rendered":"<p>Gabriela R\u0103ducan \u00a0 A absolvit Facultatea de Drept din cadrul Univerist\u0103\u021bii Bucure\u0219ti \u00een iunie 1996, a ob\u021binut un master \u00een Dreptul afacerilor \u00een anul 2004, \u00een anii 2003-2005 a urmat cursurile Academiei de Drept European de la Trier,Germania ((Drept penal interna\u0163ional \u015fi al Consiliului de Ap\u0103rare Provizoriu al Cur\u0163ii Penale Interna\u0163ionale de la HAGA) \u0219i [&hellip;]<\/p>\n","protected":false},"author":1,"featured_media":0,"comment_status":"closed","ping_status":"open","sticky":false,"template":"","format":"standard","meta":{"footnotes":""},"categories":[10],"tags":[],"class_list":["post-3369","post","type-post","status-publish","format-standard","hentry","category-membri-aderenti"],"_links":{"self":[{"href":"http:\/\/www.ardae.ro\/index.php?rest_route=\/wp\/v2\/posts\/3369"}],"collection":[{"href":"http:\/\/www.ardae.ro\/index.php?rest_route=\/wp\/v2\/posts"}],"about":[{"href":"http:\/\/www.ardae.ro\/index.php?rest_route=\/wp\/v2\/types\/post"}],"author":[{"embeddable":true,"href":"http:\/\/www.ardae.ro\/index.php?rest_route=\/wp\/v2\/users\/1"}],"replies":[{"embeddable":true,"href":"http:\/\/www.ardae.ro\/index.php?rest_route=%2Fwp%2Fv2%2Fcomments&post=3369"}],"version-history":[{"count":2,"href":"http:\/\/www.ardae.ro\/index.php?rest_route=\/wp\/v2\/posts\/3369\/revisions"}],"predecessor-version":[{"id":3371,"href":"http:\/\/www.ardae.ro\/index.php?rest_route=\/wp\/v2\/posts\/3369\/revisions\/3371"}],"wp:attachment":[{"href":"http:\/\/www.ardae.ro\/index.php?rest_route=%2Fwp%2Fv2%2Fmedia&parent=3369"}],"wp:term":[{"taxonomy":"category","embeddable":true,"href":"http:\/\/www.ardae.ro\/index.php?rest_route=%2Fwp%2Fv2%2Fcategories&post=3369"},{"taxonomy":"post_tag","embeddable":true,"href":"http:\/\/www.ardae.ro\/index.php?rest_route=%2Fwp%2Fv2%2Ftags&post=3369"}],"curies":[{"name":"wp","href":"https:\/\/api.w.org\/{rel}","templated":true}]}}