{"id":3352,"date":"2017-08-29T15:51:36","date_gmt":"2017-08-29T15:51:36","guid":{"rendered":"http:\/\/www.ardae.ro\/?p=3352"},"modified":"2017-08-29T15:52:12","modified_gmt":"2017-08-29T15:52:12","slug":"revista-ardae-afaceri-juridice-europene-este-partener-al-conferintei-nedes-2017-nedes-2017-11th-international-conference-on-nondiscrimination-and-equal-opportunities-14-16-november-2017","status":"publish","type":"post","link":"http:\/\/www.ardae.ro\/?p=3352","title":{"rendered":"Revista ARDAE &#8211; Afaceri juridice europene este partener al conferintei NEDES 2017: NEDES 2017 \u2013 11TH INTERNATIONAL CONFERENCE ON NONDISCRIMINATION AND EQUAL OPPORTUNITIES 14-16 NOVEMBER 2017, PARLIAMENT PALACE, HUMAN RIGHTS HALL"},"content":{"rendered":"<p><!--more--><\/p>\n<p><a href=\"http:\/\/www.ardae.ro\/wp-content\/uploads\/CALL-FOR-PAPERS-2017.jpg\"><img loading=\"lazy\" decoding=\"async\" class=\"alignleft size-medium wp-image-3353\" alt=\"CALL FOR PAPERS 2017\" src=\"http:\/\/www.ardae.ro\/wp-content\/uploads\/CALL-FOR-PAPERS-2017-300x224.jpg\" width=\"300\" height=\"224\" srcset=\"http:\/\/www.ardae.ro\/wp-content\/uploads\/CALL-FOR-PAPERS-2017-300x224.jpg 300w, http:\/\/www.ardae.ro\/wp-content\/uploads\/CALL-FOR-PAPERS-2017-1024x767.jpg 1024w, http:\/\/www.ardae.ro\/wp-content\/uploads\/CALL-FOR-PAPERS-2017.jpg 1058w\" sizes=\"(max-width: 300px) 100vw, 300px\" \/><\/a><\/p>\n<table width=\"97%\">\n<tbody>\n<tr>\n<td width=\"87%\"><strong>NEDES 2017<\/strong><br \/>\n<strong>11TH\u00a0\u00a0 INTERNATIONAL CONFERENCE ON NONDISCRIMINATION AND EQUAL OPPORTUNITIES<\/strong><br \/>\n<strong>14-16 NOVEMBER 2017,\u00a0<\/strong><br \/>\n<strong>PARLIAMENT PALACE, HUMAN RIGHTS HALL<\/strong><br \/>\n<strong>BUCHAREST,\u00a0<\/strong><br \/>\n<strong>ROMANIA<\/strong><strong><em>EXERCITAREA DREPTULUI LA NEDISCRIMINARE SI EGALITATE DE SANSE IN SOCIETATEA CONTEMPORAN\u0102<\/em><\/strong><br \/>\n<strong>FULL-PAPER Submissions Deadline:\u00a009.10.2017<\/strong><a href=\"http:\/\/nedes.ucdc.ro\/callforpapers2017.pdf\">CALL FOR PAPERS<\/a><strong>MOTTO:<\/strong><br \/>\n<strong>\u201c<em>\u2026Sunt doar un om, dar sunt cineva! Nu pot face totul, dar pot face ceva! Nu voi refuza\u00a0 s\u0103\u00a0 fac\u00a0 acel\u00a0 lucru\u00a0pe care pot s\u0103-l fac!\u201d<\/em><\/strong><br \/>\n<strong><em>(<\/em>Hellen Keller)<\/strong><\/td>\n<td width=\"13%\"><\/td>\n<\/tr>\n<\/tbody>\n<\/table>\n<p>&nbsp;<\/p>\n<table width=\"100%\">\n<tbody>\n<tr>\n<td width=\"74%\"><strong>ACASA<\/strong><br \/>\n<em>Conferinta International\u0103 a Nediscrimin\u0103rii si Egalit\u0103tii de Sanse \u2013 NEDES este organizata in parteneriat de Universitatea Crestina \u201dDimitrie Cantemir\u201d Bucuresti si Consiliul National pentru Combaterea Discriminarii cu Comisia Pentru Drepturile Omului, Culte si Problemele Minoritatilor Nationale din Camera Deputatilor si cu Centrul European pentru Promovarea Nediscriminarii si Egalitatii de Sanse \u2013 NEDES 2014+<\/em>\u00a0in\u00a0<em>cadrul proiectului de cercetare-dezvoltare \u201dModalitati de promovare a principiilor nediscriminarii si egalitatii de sanse in societatea actual\u0103\u201d.<\/em><br \/>\n<em>Organizata pentru prima data in 2007, cu ocazia\u00a0 Anului European al Egalitatii de Sanse pentru toti si bucurandu-se de un real interes atat in r\u00e2ndurile speciali\u0219tilor in domeniul drepturilor omului, c\u00e2t si printre\u00a0 elevi, studenti si masteranzi, NEDES s-a dezvoltat, ajungand la editia a X-a in anul 2016.\u00a0\u00a0<\/em><br \/>\n<em>Ca obiectiv principal, NEDES \u00eesi propune s\u0103 ofere specialistilor din domeniul drepturilor omului posibilitatea de a se \u00eent\u00e2lni \u0219i, mai ales, de a schimba p\u0103reri despre modul in care principiul nediscrimin\u0103rii si cel al egalitatii de sanse\u00a0 sunt respectate in societatea romaneasc\u0103 si internationala.<\/em><br \/>\n<em>NEDES are caracter international si se adreseaz\u0103 tuturor celor interesati din Romania, dar si din strainatate, dorind sa puna in valoare cercetarile interdisciplinare si multidisciplinare.<\/em><\/td>\n<\/tr>\n<\/tbody>\n<\/table>\n<p>&nbsp;<\/p>\n<p><a href=\"http:\/\/iaduer.ro\/?p=5373\" target=\"_blank\"><strong>REVISTA AFACERI JURIDICE EUROPENE &#8211; iaduer.ro<\/strong><\/a><\/p>\n<p><a href=\"https:\/\/evenimente.juridice.ro\/2017\/08\/conferinta-internationala-a-nediscriminarii-si-egalitatii-de-sanse-nedes-ed-11-14-16-noiembrie-2017-bucuresti.html\" target=\"_blank\" rel=\"noopener\">evenimente.juridice.ro<\/a><\/p>\n<p>nedes.ucdc.ro<\/p>\n<p><a href=\"https:\/\/eubusinesslaw.wordpress.com\/2017\/08\/22\/nedes-2017-11th-international-conference-on-nondiscrimination-and-equal-opportunities-14-16-november-2017-parliament-palace-human-rights-hall\/\" target=\"_blank\">blog Afaceri juridice europene \u2013 ARDAE<\/a><\/p>\n<p><a href=\"https:\/\/www.facebook.com\/events\/383013382102013\/\" target=\"_blank\">eveniment facebook<\/a><\/p>\n<p>&nbsp;<\/p>\n","protected":false},"excerpt":{"rendered":"","protected":false},"author":1,"featured_media":0,"comment_status":"closed","ping_status":"open","sticky":false,"template":"","format":"standard","meta":{"footnotes":""},"categories":[48],"tags":[],"class_list":["post-3352","post","type-post","status-publish","format-standard","hentry","category-evenimente"],"_links":{"self":[{"href":"http:\/\/www.ardae.ro\/index.php?rest_route=\/wp\/v2\/posts\/3352"}],"collection":[{"href":"http:\/\/www.ardae.ro\/index.php?rest_route=\/wp\/v2\/posts"}],"about":[{"href":"http:\/\/www.ardae.ro\/index.php?rest_route=\/wp\/v2\/types\/post"}],"author":[{"embeddable":true,"href":"http:\/\/www.ardae.ro\/index.php?rest_route=\/wp\/v2\/users\/1"}],"replies":[{"embeddable":true,"href":"http:\/\/www.ardae.ro\/index.php?rest_route=%2Fwp%2Fv2%2Fcomments&post=3352"}],"version-history":[{"count":2,"href":"http:\/\/www.ardae.ro\/index.php?rest_route=\/wp\/v2\/posts\/3352\/revisions"}],"predecessor-version":[{"id":3355,"href":"http:\/\/www.ardae.ro\/index.php?rest_route=\/wp\/v2\/posts\/3352\/revisions\/3355"}],"wp:attachment":[{"href":"http:\/\/www.ardae.ro\/index.php?rest_route=%2Fwp%2Fv2%2Fmedia&parent=3352"}],"wp:term":[{"taxonomy":"category","embeddable":true,"href":"http:\/\/www.ardae.ro\/index.php?rest_route=%2Fwp%2Fv2%2Fcategories&post=3352"},{"taxonomy":"post_tag","embeddable":true,"href":"http:\/\/www.ardae.ro\/index.php?rest_route=%2Fwp%2Fv2%2Ftags&post=3352"}],"curies":[{"name":"wp","href":"https:\/\/api.w.org\/{rel}","templated":true}]}}