{"id":3315,"date":"2017-08-03T19:52:31","date_gmt":"2017-08-03T19:52:31","guid":{"rendered":"http:\/\/www.ardae.ro\/?p=3315"},"modified":"2017-08-03T20:03:18","modified_gmt":"2017-08-03T20:03:18","slug":"laura-farca","status":"publish","type":"post","link":"http:\/\/www.ardae.ro\/?p=3315","title":{"rendered":"Laura Farca"},"content":{"rendered":"<p><!--more--><\/p>\n<p><a href=\"http:\/\/www.ardae.ro\/wp-content\/uploads\/Laura-Farca.jpg\"><img loading=\"lazy\" decoding=\"async\" class=\"alignleft size-full wp-image-3317\" alt=\"Laura Farca\" src=\"http:\/\/www.ardae.ro\/wp-content\/uploads\/Laura-Farca.jpg\" width=\"200\" height=\"200\" srcset=\"http:\/\/www.ardae.ro\/wp-content\/uploads\/Laura-Farca.jpg 200w, http:\/\/www.ardae.ro\/wp-content\/uploads\/Laura-Farca-150x150.jpg 150w\" sizes=\"(max-width: 200px) 100vw, 200px\" \/><\/a>\u00a0<strong>Laura Farca<\/strong> este avocat cu peste 10 ani de experien\u0163\u0103 at\u00e2t \u00een activitatea de consultan\u0163\u0103, c\u00e2t \u015fi \u00een reprezentarea clien\u0163ilor \u00een fa\u0163a instan\u0163elor judec\u0103tore\u015fti \u015fi administrativ-jurisdic\u0163ionale, experien\u0163\u0103 dob\u00e2ndit\u0103 \u00een cadrul unor prestigioase societ\u0103\u0163i de avocatur\u0103. Laura s-a specializat \u00een acordarea de asisten\u0163\u0103 juridic\u0103 unor societ\u0103\u0163i rom\u00e2ne \u015fi str\u0103ine \u00een domeniul achizi\u0163iilor publice (incluz\u00e2nd procedurile de reprezentare \u00een fa\u0163a Consiliului Na\u0163ional de Solu\u0163ionare a Contesta\u0163iilor), real estate \u015fi drept societar. Experien\u0163a Laurei acoper\u0103 \u015fi dreptul muncii, protec\u0163ia datelor cu caracter personal \u015fi dreptul mediului.<\/p>\n<p>Una dintre priorit\u0103\u0163ile Laurei a fost \u00eemp\u0103rt\u0103\u015firea experien\u0163ei acumulate prin publicarea de articole \u00een domeniul achizi\u0163iilor publice.<\/p>\n<p>Laura Farca a absolvit Facultatea de Drept a Universit\u0103\u0163ii Bucure\u015fti \u00een 2004 \u015fi este membr\u0103 a Baroului Bucure\u015fti din 2005. A absolvit cursurile Masterului de Dreptul Afacerilor al Facult\u0103\u0163ii de Drept, Universitatea Bucure\u015fti \u00een 2005 \u015fi al Masterului Achizi\u0163ii Publice, Concesiuni \u015fi PPP din cadrul aceleia\u015fi facult\u0103\u0163i \u00een anul 2014.<\/p>\n<p>E-mail: <b>laura.farca@farcalaw.ro<\/b><\/p>\n<p>membru aderent ARDAE<\/p>\n<p>&nbsp;<\/p>\n<p>***<\/p>\n<p><strong><a href=\"http:\/\/www.ardae.ro\/?p=47\" target=\"_blank\">Dobandirea calitatii de membru aderent<\/a><\/strong><\/p>\n<p><a href=\"http:\/\/www.ardae.ro\/?p=436\" target=\"_blank\"><strong>Lista membri aderenti ARDAE \u2013 Asociatia romana de drept si afaceri europene<\/strong><\/a><\/p>\n<p><strong>Revista ARDAE<\/strong>\u00a0\u2013\u00a0<a href=\"http:\/\/iaduer.ro\/\"><em>Afaceri juridice europene<\/em><\/a><a href=\"http:\/\/iaduer.ro\/?p=1285\" target=\"_blank\"><br \/>\n<\/a><\/p>\n<p><strong>PROIECTUL IADUER<\/strong>\u00a0\u2013 interpretarea si aplicarea dreptului Uniunii Europene in Romania \u2013\u00a0<a href=\"http:\/\/iaduer.ro\/?p=162\" target=\"_blank\">Lista trimiterilor preliminare din Romania, inregistrate la CJUE<\/a><\/p>\n<p><a href=\"http:\/\/www.csde.ro\/?page_id=2038\" target=\"_blank\">Dialog &amp; forum Drept si afaceri europene in Romania<\/a><\/p>\n<p><a href=\"https:\/\/eubusinesslaw.wordpress.com\/evenimente-drept-european-ardae\/\" target=\"_blank\"><strong>Evenimente drept european \u2013 ARDAE \u2013 Asociatia romana de drept si afaceri europene<\/strong><\/a><\/p>\n<p>&nbsp;<\/p>\n<p>&nbsp;<\/p>\n","protected":false},"excerpt":{"rendered":"","protected":false},"author":1,"featured_media":0,"comment_status":"closed","ping_status":"open","sticky":false,"template":"","format":"standard","meta":{"footnotes":""},"categories":[10],"tags":[],"class_list":["post-3315","post","type-post","status-publish","format-standard","hentry","category-membri-aderenti"],"_links":{"self":[{"href":"http:\/\/www.ardae.ro\/index.php?rest_route=\/wp\/v2\/posts\/3315"}],"collection":[{"href":"http:\/\/www.ardae.ro\/index.php?rest_route=\/wp\/v2\/posts"}],"about":[{"href":"http:\/\/www.ardae.ro\/index.php?rest_route=\/wp\/v2\/types\/post"}],"author":[{"embeddable":true,"href":"http:\/\/www.ardae.ro\/index.php?rest_route=\/wp\/v2\/users\/1"}],"replies":[{"embeddable":true,"href":"http:\/\/www.ardae.ro\/index.php?rest_route=%2Fwp%2Fv2%2Fcomments&post=3315"}],"version-history":[{"count":5,"href":"http:\/\/www.ardae.ro\/index.php?rest_route=\/wp\/v2\/posts\/3315\/revisions"}],"predecessor-version":[{"id":3322,"href":"http:\/\/www.ardae.ro\/index.php?rest_route=\/wp\/v2\/posts\/3315\/revisions\/3322"}],"wp:attachment":[{"href":"http:\/\/www.ardae.ro\/index.php?rest_route=%2Fwp%2Fv2%2Fmedia&parent=3315"}],"wp:term":[{"taxonomy":"category","embeddable":true,"href":"http:\/\/www.ardae.ro\/index.php?rest_route=%2Fwp%2Fv2%2Fcategories&post=3315"},{"taxonomy":"post_tag","embeddable":true,"href":"http:\/\/www.ardae.ro\/index.php?rest_route=%2Fwp%2Fv2%2Ftags&post=3315"}],"curies":[{"name":"wp","href":"https:\/\/api.w.org\/{rel}","templated":true}]}}