{"id":328,"date":"2013-03-16T07:53:40","date_gmt":"2013-03-16T07:53:40","guid":{"rendered":"http:\/\/www.ardae.ro\/?p=328"},"modified":"2013-12-03T11:10:22","modified_gmt":"2013-12-03T11:10:22","slug":"328","status":"publish","type":"post","link":"http:\/\/www.ardae.ro\/?p=328","title":{"rendered":"Norel Neagu"},"content":{"rendered":"<p><strong><br \/>\n<a href=\"http:\/\/www.ardae.ro\/wp-content\/uploads\/Norel_Neagu.jpg\"><img loading=\"lazy\" decoding=\"async\" class=\"alignleft size-thumbnail wp-image-329\" alt=\"Norel_Neagu\" src=\"http:\/\/www.ardae.ro\/wp-content\/uploads\/Norel_Neagu-150x150.jpg\" width=\"150\" height=\"150\" srcset=\"http:\/\/www.ardae.ro\/wp-content\/uploads\/Norel_Neagu-150x150.jpg 150w, http:\/\/www.ardae.ro\/wp-content\/uploads\/Norel_Neagu-300x300.jpg 300w, http:\/\/www.ardae.ro\/wp-content\/uploads\/Norel_Neagu.jpg 311w\" sizes=\"(max-width: 150px) 100vw, 150px\" \/><\/a><strong>Norel\u00a0<\/strong>Neagu<\/strong><br \/>\nAvocat colaborator al HOTCA &amp; ASOCIA\u0162II<br \/>\nMembru al Baroului Bucure\u015fti<br \/>\nCS II Institutul de Cercet\u0103ri Juridice al Academiei Rom\u00e2ne, doctor \u00een drept<br \/>\nSTUDII:<br \/>\n&#8211; licen\u0163\u0103 \u00een Drept (Academia de Poli\u021bie \u201dAlexandru Ioan Cuza\u201d);<br \/>\n&#8211; studii postuniversitare \u00een domeniul \u015etiin\u0163elor Penale (Academia de Poli\u021bie \u201dAlexandru Ioan Cuza\u201d);<br \/>\n&#8211; master \u015etiin\u0163e Penale (Universitatea Nicolae Titulescu);<br \/>\nDomenii de expertiz\u0103:<br \/>\n&#8211;\u00a0\u00a0\u00a0\u00a0\u00a0\u00a0\u00a0\u00a0\u00a0 Drept penal:<br \/>\no\u00a0\u00a0 Infrac\u0163iuni prev\u0103zute \u00een Codul penal<br \/>\no\u00a0\u00a0 Infrac\u0163iuni prev\u0103zute \u00een alte acte normative<br \/>\n&#8211;\u00a0\u00a0\u00a0\u00a0\u00a0\u00a0\u00a0\u00a0\u00a0 Protec\u0163ia intereselor financiare ale UE<br \/>\n&#8211;\u00a0\u00a0\u00a0\u00a0\u00a0\u00a0\u00a0\u00a0\u00a0 Cooperare judiciar\u0103 international \u00een materie penal\u0103<br \/>\n&#8211;\u00a0\u00a0\u00a0\u00a0\u00a0\u00a0\u00a0\u00a0\u00a0 Drept penal european<\/p>\n","protected":false},"excerpt":{"rendered":"<p>Norel\u00a0Neagu Avocat colaborator al HOTCA &amp; ASOCIA\u0162II Membru al Baroului Bucure\u015fti CS II Institutul de Cercet\u0103ri Juridice al Academiei Rom\u00e2ne, doctor \u00een drept STUDII: &#8211; licen\u0163\u0103 \u00een Drept (Academia de Poli\u021bie \u201dAlexandru Ioan Cuza\u201d); &#8211; studii postuniversitare \u00een domeniul \u015etiin\u0163elor Penale (Academia de Poli\u021bie \u201dAlexandru Ioan Cuza\u201d); &#8211; master \u015etiin\u0163e Penale (Universitatea Nicolae Titulescu); Domenii [&hellip;]<\/p>\n","protected":false},"author":1,"featured_media":0,"comment_status":"open","ping_status":"open","sticky":false,"template":"","format":"standard","meta":{"footnotes":""},"categories":[8,10],"tags":[63],"class_list":["post-328","post","type-post","status-publish","format-standard","hentry","category-despre-noi","category-membri-aderenti","tag-norel-neagu"],"_links":{"self":[{"href":"http:\/\/www.ardae.ro\/index.php?rest_route=\/wp\/v2\/posts\/328"}],"collection":[{"href":"http:\/\/www.ardae.ro\/index.php?rest_route=\/wp\/v2\/posts"}],"about":[{"href":"http:\/\/www.ardae.ro\/index.php?rest_route=\/wp\/v2\/types\/post"}],"author":[{"embeddable":true,"href":"http:\/\/www.ardae.ro\/index.php?rest_route=\/wp\/v2\/users\/1"}],"replies":[{"embeddable":true,"href":"http:\/\/www.ardae.ro\/index.php?rest_route=%2Fwp%2Fv2%2Fcomments&post=328"}],"version-history":[{"count":5,"href":"http:\/\/www.ardae.ro\/index.php?rest_route=\/wp\/v2\/posts\/328\/revisions"}],"predecessor-version":[{"id":415,"href":"http:\/\/www.ardae.ro\/index.php?rest_route=\/wp\/v2\/posts\/328\/revisions\/415"}],"wp:attachment":[{"href":"http:\/\/www.ardae.ro\/index.php?rest_route=%2Fwp%2Fv2%2Fmedia&parent=328"}],"wp:term":[{"taxonomy":"category","embeddable":true,"href":"http:\/\/www.ardae.ro\/index.php?rest_route=%2Fwp%2Fv2%2Fcategories&post=328"},{"taxonomy":"post_tag","embeddable":true,"href":"http:\/\/www.ardae.ro\/index.php?rest_route=%2Fwp%2Fv2%2Ftags&post=328"}],"curies":[{"name":"wp","href":"https:\/\/api.w.org\/{rel}","templated":true}]}}