{"id":3178,"date":"2014-04-13T19:05:09","date_gmt":"2014-04-13T19:05:09","guid":{"rendered":"http:\/\/www.ardae.ro\/?p=3178"},"modified":"2017-04-14T01:43:05","modified_gmt":"2017-04-14T01:43:05","slug":"andra-nicoleta-puran","status":"publish","type":"post","link":"http:\/\/www.ardae.ro\/?p=3178","title":{"rendered":"Andra Nicoleta PURAN"},"content":{"rendered":"<p><!--more--><\/p>\n<p><b><b>Andra Nicoleta\u00a0<\/b>PURAN<\/b><\/p>\n<p><b>\u00a0<\/b><\/p>\n<p><b>Studii:<\/b> Facultatea de \u015etiin\u0163e Economice, Juridice \u015fi Administrative, Specializarea Drept, Universitatea din Pite\u015fti (2007); Facultatea de Administra\u0163ie \u015fi Schimburi Interna\u0163ionale, Administrarea \u015fi Gestiu\u00adnea \u00centreprinderilor, Universitatea Paris 12, Paris, Fran\u0163a (2006); studii de master, specializarea <i>Criminalistic\u0103<\/i>, Facultatea de \u015etiin\u0163e Economice, Juridice \u015fi Administrative, Universitatea Rom\u00e2n\u0103 de \u015etiin\u0163e \u015fi Arte \u201eGheorghe Cristea\u201d, Bucure\u015fti (2009); studii de master, specializarea <i>Medierea conflictelor \u00een drept<\/i>, Facultatea de Drept, Universitatea \u201eTitu Maiorescu\u201d din Bucure\u015fti (2008); studii doctorale Facultatea de Drept, Universitatea \u201eTitu Maiorescu\u201d din Bucure\u015fti; doctor \u00een drept (2014); studii postdoctorale \u00een cadrul Proiectului POSDRU\/159\/1.5\/S\/ 141699: Modernizarea legis\u00adla\u0163iei na\u0163ionale \u00een contextul uniformiz\u0103rii dreptului la nivel european \u015fi implica\u0163iile socio-politice asupra sistemului administrativ, Facultatea de Drept, Universitatea Titu Maiorescu din Bucure\u015fti (2014-2015).<b><\/b><\/p>\n<p><b>Activitate:<\/b> cadru didactic, Facultatea de Drept \u015fi \u015etiin\u0163e Administrative, Universitatea din Pite\u015fti (2008- prezent); consilier juridic (2007- prezent).<\/p>\n<p><b>Publica\u0163ii:<\/b> autor al lucr\u0103rii<b> <\/b><i>R\u0103spunderea disciplinar\u0103 a func\u0163ionarilor publici<\/i> (2015), coautor a 13 cursuri universitare; autor\/coautor a peste 60 de articole publicate \u00een reviste na\u0163ionale\/inter\u00adna\u00ad\u0163ionale de specialitate juridic\u0103, indexate \u00een baze de date interna\u021bionale \u015fi \u00een volumele unor conferin\u021be na\u0163ionale\/interna\u0163ionale de specialitate juridic\u0103.<b><\/b><\/p>\n<p>&nbsp;<\/p>\n<p>&nbsp;<\/p>\n<p>***<\/p>\n<p><strong><a href=\"http:\/\/www.ardae.ro\/?p=47\" target=\"_blank\">Dobandirea calitatii de membru aderent<\/a><\/strong><\/p>\n<p><a href=\"http:\/\/www.ardae.ro\/?p=436\" target=\"_blank\"><strong>Lista membri aderenti ARDAE \u2013 Asociatia romana de drept si afaceri europene<\/strong><\/a><\/p>\n<p><strong>Revista ARDAE<\/strong>\u00a0\u2013\u00a0<a href=\"http:\/\/iaduer.ro\/\"><em>Afaceri juridice europene<\/em><\/a><a href=\"http:\/\/iaduer.ro\/?p=1285\" target=\"_blank\"><br \/>\n<\/a><\/p>\n<p><strong>PROIECTUL IADUER<\/strong>\u00a0\u2013 interpretarea si aplicarea dreptului Uniunii Europene in Romania \u2013\u00a0<a href=\"http:\/\/iaduer.ro\/?p=162\" target=\"_blank\">Lista trimiterilor preliminare din Romania, inregistrate la CJUE<\/a><\/p>\n<p><a href=\"http:\/\/www.csde.ro\/?page_id=2038\" target=\"_blank\">Dialog &amp; forum Drept si afaceri europene in Romania<\/a><\/p>\n<p><a href=\"https:\/\/eubusinesslaw.wordpress.com\/evenimente-drept-european-ardae\/\" target=\"_blank\"><strong>Evenimente drept european \u2013 ARDAE \u2013 Asociatia romana de drept si afaceri europene<\/strong><\/a><\/p>\n","protected":false},"excerpt":{"rendered":"","protected":false},"author":1,"featured_media":0,"comment_status":"closed","ping_status":"open","sticky":false,"template":"","format":"standard","meta":{"footnotes":""},"categories":[10],"tags":[],"class_list":["post-3178","post","type-post","status-publish","format-standard","hentry","category-membri-aderenti"],"_links":{"self":[{"href":"http:\/\/www.ardae.ro\/index.php?rest_route=\/wp\/v2\/posts\/3178"}],"collection":[{"href":"http:\/\/www.ardae.ro\/index.php?rest_route=\/wp\/v2\/posts"}],"about":[{"href":"http:\/\/www.ardae.ro\/index.php?rest_route=\/wp\/v2\/types\/post"}],"author":[{"embeddable":true,"href":"http:\/\/www.ardae.ro\/index.php?rest_route=\/wp\/v2\/users\/1"}],"replies":[{"embeddable":true,"href":"http:\/\/www.ardae.ro\/index.php?rest_route=%2Fwp%2Fv2%2Fcomments&post=3178"}],"version-history":[{"count":4,"href":"http:\/\/www.ardae.ro\/index.php?rest_route=\/wp\/v2\/posts\/3178\/revisions"}],"predecessor-version":[{"id":3190,"href":"http:\/\/www.ardae.ro\/index.php?rest_route=\/wp\/v2\/posts\/3178\/revisions\/3190"}],"wp:attachment":[{"href":"http:\/\/www.ardae.ro\/index.php?rest_route=%2Fwp%2Fv2%2Fmedia&parent=3178"}],"wp:term":[{"taxonomy":"category","embeddable":true,"href":"http:\/\/www.ardae.ro\/index.php?rest_route=%2Fwp%2Fv2%2Fcategories&post=3178"},{"taxonomy":"post_tag","embeddable":true,"href":"http:\/\/www.ardae.ro\/index.php?rest_route=%2Fwp%2Fv2%2Ftags&post=3178"}],"curies":[{"name":"wp","href":"https:\/\/api.w.org\/{rel}","templated":true}]}}