{"id":3163,"date":"2014-03-30T08:44:20","date_gmt":"2014-03-30T08:44:20","guid":{"rendered":"http:\/\/www.ardae.ro\/?p=3163"},"modified":"2017-04-14T01:43:48","modified_gmt":"2017-04-14T01:43:48","slug":"ciprian-grumaz","status":"publish","type":"post","link":"http:\/\/www.ardae.ro\/?p=3163","title":{"rendered":"Ciprian Grumaz"},"content":{"rendered":"<p><!--more--><\/p>\n<p>Dorin-Ciprian Grumaz este student \u00een anul IV \u00een cadrul Facult\u0103\u021bii de Drept a Universit\u0103\u021bii Babe\u0219-Bolyai din Cluj-Napoca. Domeniile lui de interes sunt dreptul interna\u021bional public \u0219i dreptul european. Pe parcursul anului 2016 a beneficiat de o burs\u0103 ERASMUS la Universitatea Utrecht, \u00een Olanda, unde a participat la cursurile programelui de master pe Drept European \u0219i a celui pe Drept Public \u0219i Economie.<\/p>\n<p>\u00cen plan profesional, Dorin-Ciprian Grumaz a desf\u0103\u0219urat un stagiu de practic\u0103 \u00een cadrul Misiunii Permanente a Rom\u00e2niei la ONU, \u00een New York. Aici el a interac\u021bionat \u00een mod direct cu problema terorismului, a neprolifer\u0103rii nucleare \u0219i a refugia\u021biilor, dezb\u0103tute \u00een cadrul Consiliului de Securitate ONU \u0219i \u00een alte foruri \u0219i \u0219edin\u021be specializate. Anterior, el a desf\u0103\u0219urat un stagiu de practic\u0103 \u00een cadrul Ministerului Afacerilor Externe \u00een cadrul Departamentului Juridic. Aici a interac\u021bionat cu noile tratate \u0219i conven\u021bii ratificate de Rom\u00e2nia \u0219i cu domeniul sac\u021biunilor interna\u021bionale dispuse de c\u0103tre ONU \u0219i UE. De asemenea, pentru o scurt\u0103 perioad\u0103, s-a familiarizat cu munca institu\u021biei Agentului Guvernamental al Rom\u00e2niei la CEDO \u0219i a Agentului Guvernamental al Rom\u00e2niei la UE.<\/p>\n<p>***<\/p>\n<p><strong><a href=\"http:\/\/www.ardae.ro\/?p=47\" target=\"_blank\">Dobandirea calitatii de membru aderent<\/a><\/strong><\/p>\n<p><a href=\"http:\/\/www.ardae.ro\/?p=436\" target=\"_blank\"><strong>Lista membri aderenti ARDAE \u2013 Asociatia romana de drept si afaceri europene<\/strong><\/a><\/p>\n<p><strong>Revista ARDAE<\/strong>\u00a0\u2013\u00a0<a href=\"http:\/\/iaduer.ro\/\"><em>Afaceri juridice europene<\/em><\/a><a href=\"http:\/\/iaduer.ro\/?p=1285\" target=\"_blank\"><br \/>\n<\/a><\/p>\n<p><strong>PROIECTUL IADUER<\/strong>\u00a0\u2013 interpretarea si aplicarea dreptului Uniunii Europene in Romania \u2013\u00a0<a href=\"http:\/\/iaduer.ro\/?p=162\" target=\"_blank\">Lista trimiterilor preliminare din Romania, inregistrate la CJUE<\/a><\/p>\n<p><a href=\"http:\/\/www.csde.ro\/?page_id=2038\" target=\"_blank\">Dialog &amp; forum Drept si afaceri europene in Romania<\/a><\/p>\n<p><a href=\"https:\/\/eubusinesslaw.wordpress.com\/evenimente-drept-european-ardae\/\" target=\"_blank\"><strong>Evenimente drept european \u2013 ARDAE \u2013 Asociatia romana de drept si afaceri europene<\/strong><\/a><\/p>\n","protected":false},"excerpt":{"rendered":"","protected":false},"author":1,"featured_media":0,"comment_status":"closed","ping_status":"open","sticky":false,"template":"","format":"standard","meta":{"footnotes":""},"categories":[10],"tags":[],"class_list":["post-3163","post","type-post","status-publish","format-standard","hentry","category-membri-aderenti"],"_links":{"self":[{"href":"http:\/\/www.ardae.ro\/index.php?rest_route=\/wp\/v2\/posts\/3163"}],"collection":[{"href":"http:\/\/www.ardae.ro\/index.php?rest_route=\/wp\/v2\/posts"}],"about":[{"href":"http:\/\/www.ardae.ro\/index.php?rest_route=\/wp\/v2\/types\/post"}],"author":[{"embeddable":true,"href":"http:\/\/www.ardae.ro\/index.php?rest_route=\/wp\/v2\/users\/1"}],"replies":[{"embeddable":true,"href":"http:\/\/www.ardae.ro\/index.php?rest_route=%2Fwp%2Fv2%2Fcomments&post=3163"}],"version-history":[{"count":2,"href":"http:\/\/www.ardae.ro\/index.php?rest_route=\/wp\/v2\/posts\/3163\/revisions"}],"predecessor-version":[{"id":3193,"href":"http:\/\/www.ardae.ro\/index.php?rest_route=\/wp\/v2\/posts\/3163\/revisions\/3193"}],"wp:attachment":[{"href":"http:\/\/www.ardae.ro\/index.php?rest_route=%2Fwp%2Fv2%2Fmedia&parent=3163"}],"wp:term":[{"taxonomy":"category","embeddable":true,"href":"http:\/\/www.ardae.ro\/index.php?rest_route=%2Fwp%2Fv2%2Fcategories&post=3163"},{"taxonomy":"post_tag","embeddable":true,"href":"http:\/\/www.ardae.ro\/index.php?rest_route=%2Fwp%2Fv2%2Ftags&post=3163"}],"curies":[{"name":"wp","href":"https:\/\/api.w.org\/{rel}","templated":true}]}}