{"id":3142,"date":"2014-03-29T11:43:42","date_gmt":"2014-03-29T11:43:42","guid":{"rendered":"http:\/\/www.ardae.ro\/?p=3142"},"modified":"2017-04-14T01:44:00","modified_gmt":"2017-04-14T01:44:00","slug":"arina-dragodan","status":"publish","type":"post","link":"http:\/\/www.ardae.ro\/?p=3142","title":{"rendered":"Arina Dragodan"},"content":{"rendered":"<p><!--more--><\/p>\n<p>Arina Dragodan -Consilier juridic cu o vechime de aproape 14 ani, \u00een prezent lucreaz\u0103 \u00een administra\u021bia public\u0103 central\u0103.<\/p>\n<p>Doctor \u00een \u0219tiin\u021be administrative(2011) al \u0218colii Na\u021bionale de \u0218tiin\u021be Politice \u0219i Administrative din Bucure\u0219ti cu o tez\u0103 \u00een drept fiscal european despre asisten\u021ba reciproc\u0103 \u00eentre statele membre ale Uniunii Europene pentru recuperarea crean\u021belor fiscale, av\u00e2nd un stagiu doctoral \u00een cadrul Universit\u0103\u0163ii Paris 1 Pantheon-Sorbonne, Fran\u0163a (activit\u0103\u0163i de cercetare efectuate \u00een domeniile: dreptul Uniunii Europene, drept administrativ \u015fi drept financiar-fiscal rom\u00e2n \u015fi francez).<\/p>\n<p>Este licen\u021biat\u0103 \u00een drept(2002) \u0219i are un master \u00een Studii\u00a0 Administrative Europene(2009) la SNSPA \u0219i studii postuniversitare de specializare drept\u00a0privat(2003) la Universitatea Bucure\u015fti, Facultatea de Drept.<\/p>\n<p>\u00cen anul 2011 a urmat cursul de formare de o lun\u0103 : Cycle international sp\u00e9cialis\u00e9 d\u2019administration publique) \u201eLes politiques publiques: de la conception \u00e0 l\u2019\u00e9valuation\u201d la \u00c9cole Nationale d\u2019Administration (ENA), Paris, Fran\u0163a, iar \u00een 2010 \u201cS\u00e9minaire de formation au Recouvrement\u201d, organizat de ENI \u2013 Minist\u00e8re de Budget des Comptes Publics et de la Reforme de l\u2019Etat, Paris, Fran\u0163a.<\/p>\n<p>Autor de articole de specialitate, aria de expertiz\u0103: drept fiscal, drept administrativ, dreptul Uniunii Europene.<\/p>\n<p>&nbsp;<\/p>\n<p>***<\/p>\n<p><strong><a href=\"http:\/\/www.ardae.ro\/?p=47\" target=\"_blank\">Dobandirea calitatii de membru aderent<\/a><\/strong><\/p>\n<p><a href=\"http:\/\/www.ardae.ro\/?p=436\" target=\"_blank\"><strong>Lista membri aderenti ARDAE \u2013 Asociatia romana de drept si afaceri europene<\/strong><\/a><\/p>\n<p><strong>Revista ARDAE<\/strong>\u00a0\u2013\u00a0<a href=\"http:\/\/iaduer.ro\/\"><em>Afaceri juridice europene<\/em><\/a><a href=\"http:\/\/iaduer.ro\/?p=1285\" target=\"_blank\"><br \/>\n<\/a><\/p>\n<p><strong>PROIECTUL IADUER<\/strong>\u00a0\u2013 interpretarea si aplicarea dreptului Uniunii Europene in Romania \u2013\u00a0<a href=\"http:\/\/iaduer.ro\/?p=162\" target=\"_blank\">Lista trimiterilor preliminare din Romania, inregistrate la CJUE<\/a><\/p>\n<p><a href=\"http:\/\/www.csde.ro\/?page_id=2038\" target=\"_blank\">Dialog &amp; forum Drept si afaceri europene in Romania<\/a><\/p>\n<p><a href=\"https:\/\/eubusinesslaw.wordpress.com\/evenimente-drept-european-ardae\/\" target=\"_blank\"><strong>Evenimente drept european \u2013 ARDAE \u2013 Asociatia romana de drept si afaceri europene<\/strong><\/a><\/p>\n","protected":false},"excerpt":{"rendered":"","protected":false},"author":1,"featured_media":0,"comment_status":"closed","ping_status":"open","sticky":false,"template":"","format":"standard","meta":{"footnotes":""},"categories":[10],"tags":[],"class_list":["post-3142","post","type-post","status-publish","format-standard","hentry","category-membri-aderenti"],"_links":{"self":[{"href":"http:\/\/www.ardae.ro\/index.php?rest_route=\/wp\/v2\/posts\/3142"}],"collection":[{"href":"http:\/\/www.ardae.ro\/index.php?rest_route=\/wp\/v2\/posts"}],"about":[{"href":"http:\/\/www.ardae.ro\/index.php?rest_route=\/wp\/v2\/types\/post"}],"author":[{"embeddable":true,"href":"http:\/\/www.ardae.ro\/index.php?rest_route=\/wp\/v2\/users\/1"}],"replies":[{"embeddable":true,"href":"http:\/\/www.ardae.ro\/index.php?rest_route=%2Fwp%2Fv2%2Fcomments&post=3142"}],"version-history":[{"count":2,"href":"http:\/\/www.ardae.ro\/index.php?rest_route=\/wp\/v2\/posts\/3142\/revisions"}],"predecessor-version":[{"id":3194,"href":"http:\/\/www.ardae.ro\/index.php?rest_route=\/wp\/v2\/posts\/3142\/revisions\/3194"}],"wp:attachment":[{"href":"http:\/\/www.ardae.ro\/index.php?rest_route=%2Fwp%2Fv2%2Fmedia&parent=3142"}],"wp:term":[{"taxonomy":"category","embeddable":true,"href":"http:\/\/www.ardae.ro\/index.php?rest_route=%2Fwp%2Fv2%2Fcategories&post=3142"},{"taxonomy":"post_tag","embeddable":true,"href":"http:\/\/www.ardae.ro\/index.php?rest_route=%2Fwp%2Fv2%2Ftags&post=3142"}],"curies":[{"name":"wp","href":"https:\/\/api.w.org\/{rel}","templated":true}]}}