{"id":3124,"date":"2014-03-24T04:14:39","date_gmt":"2014-03-24T04:14:39","guid":{"rendered":"http:\/\/www.ardae.ro\/?p=3124"},"modified":"2017-04-14T01:44:44","modified_gmt":"2017-04-14T01:44:44","slug":"ion-craiovan","status":"publish","type":"post","link":"http:\/\/www.ardae.ro\/?p=3124","title":{"rendered":"Ion Craiovan"},"content":{"rendered":"<p><!--more--><\/p>\n<p><strong>Ion Craiovan<\/strong><\/p>\n<p>Este licen\u0163iat \u00een drept, licen\u0163iat \u00een filosofie \u015fi doctor \u00een drept al Universit\u0103\u0163ii din Bucure\u015fti.<\/p>\n<p>\u00cen calitate de universitar a desf\u0103\u0219urat activit\u0103\u021bi didactice la Academia de Poli\u021bie, Universitatea Ecologic\u0103 \u0219i la alte institu\u021bii de \u00eenv\u0103\u021b\u0103m\u00e2nt juridic. A de\u021binut func\u021biile didactice de decan \u0219i rector al Universit\u0103\u021bii \u201eGeorge Bari\u021biu\u201d din Bra\u0219ov, fiind \u00een prezent rector onorific al acestei universit\u0103\u021bi \u0219i cercet\u0103tor \u0219tiin\u021bific onorific al Institutului de cercet\u0103ri juridice \u201eAcad. Andrei R\u0103dulescu\u201d al Academiei Rom\u00e2ne.<\/p>\n<p>A publicat mai multe lucr\u0103ri, \u00eentre care:<\/p>\n<p>&#8211; \u201eItinerar metodic \u00een studiul dreptului\u201d (1992);<br \/>\n&#8211; \u201eFinalit\u0103\u0163ile dreptului\u201d (1995);<br \/>\n&#8211; \u201eConcepte fundamentale \u00een teoria generala a dreptului\u201d (1996);<br \/>\n&#8211; \u201eIntroducere \u00een filosofia dreptului\u201d (1998);<br \/>\n&#8211; \u201eDoctrina juridic\u0103\u201d (1999);<br \/>\n&#8211; \u201eMetodologie juridic\u0103\u201d (premiul \u201eMircea Manolescu\u201d &#8211; 2005, acordat de c\u0103tre \u201eAsocia\u021bia Juri\u0219tilor din Rom\u00e2nia\u201d)<br \/>\n&#8211; \u201ePrin labirintul juridic\u201d (2009 &#8211; Premiul \u201eSimion B\u0103rnu\u021biu\u201d al Academiei Rom\u00e2ne);<br \/>\n&#8211; \u201eFilosofia dreptului sau dreptul ca filosofie\u201d (2010 \u2013 Premiul \u201eMircea Djuvara\u201d al Asocia\u021biei Juri\u0219tilor din Rom\u00e2nia), \u015f.a.<\/p>\n<p>Pentru activitatea didactic\u0103 desf\u0103\u0219urat\u0103 a fost distins, \u00een anul 2004, cu Ordinul \u201eMeritul pentru \u00eenv\u0103\u0163\u0103m\u00e2nt\u201d \u00een grad de Cavaler. De asemenea, i s-a conferit Ordinul de merit \u0219i insigna &#8220;Who is Who&#8221;.<\/p>\n<p>\u00cen calitate de membru al \u201eAsocia\u0163iei de Filosofie a Dreptului \u015fi Filosofie social\u0103\u201d a participat la Congresele mondiale ale acestui forum, unde a prezentat comunic\u0103ri \u015ftiin\u0163ifice: Islanda (1993); Italia (1995); Argentina (1997); S.U.A. (1999); Suedia (2003); Spania (2005); Polonia (2007), China (2009), Germania (2011), Brazilia (2013), S.U.A (2015), \u015f.a.<\/p>\n<p><a href=\"http:\/\/www.universuljuridic.ro\/autor\/craiovan-ion\/\" target=\"_blank\">SURSA<\/a><\/p>\n<p>&nbsp;<\/p>\n<p>***<\/p>\n<p><strong><a href=\"http:\/\/www.ardae.ro\/?p=47\" target=\"_blank\">Dobandirea calitatii de membru aderent<\/a><\/strong><\/p>\n<p><a href=\"http:\/\/www.ardae.ro\/?p=436\" target=\"_blank\"><strong>Lista membri aderenti ARDAE \u2013 Asociatia romana de drept si afaceri europene<\/strong><\/a><\/p>\n<p><strong>Revista ARDAE<\/strong>\u00a0\u2013\u00a0<a href=\"http:\/\/iaduer.ro\/\"><em>Afaceri juridice europene<\/em><\/a><a href=\"http:\/\/iaduer.ro\/?p=1285\" target=\"_blank\"><br \/>\n<\/a><\/p>\n<p><strong>PROIECTUL IADUER<\/strong>\u00a0\u2013 interpretarea si aplicarea dreptului Uniunii Europene in Romania \u2013\u00a0<a href=\"http:\/\/iaduer.ro\/?p=162\" target=\"_blank\">Lista trimiterilor preliminare din Romania, inregistrate la CJUE<\/a><\/p>\n<p><a href=\"http:\/\/www.csde.ro\/?page_id=2038\" target=\"_blank\">Dialog &amp; forum Drept si afaceri europene in Romania<\/a><\/p>\n<p><a href=\"https:\/\/eubusinesslaw.wordpress.com\/evenimente-drept-european-ardae\/\" target=\"_blank\"><strong>Evenimente drept european \u2013 ARDAE \u2013 Asociatia romana de drept si afaceri europene<\/strong><\/a><\/p>\n","protected":false},"excerpt":{"rendered":"","protected":false},"author":1,"featured_media":0,"comment_status":"closed","ping_status":"open","sticky":false,"template":"","format":"standard","meta":{"footnotes":""},"categories":[10],"tags":[],"class_list":["post-3124","post","type-post","status-publish","format-standard","hentry","category-membri-aderenti"],"_links":{"self":[{"href":"http:\/\/www.ardae.ro\/index.php?rest_route=\/wp\/v2\/posts\/3124"}],"collection":[{"href":"http:\/\/www.ardae.ro\/index.php?rest_route=\/wp\/v2\/posts"}],"about":[{"href":"http:\/\/www.ardae.ro\/index.php?rest_route=\/wp\/v2\/types\/post"}],"author":[{"embeddable":true,"href":"http:\/\/www.ardae.ro\/index.php?rest_route=\/wp\/v2\/users\/1"}],"replies":[{"embeddable":true,"href":"http:\/\/www.ardae.ro\/index.php?rest_route=%2Fwp%2Fv2%2Fcomments&post=3124"}],"version-history":[{"count":4,"href":"http:\/\/www.ardae.ro\/index.php?rest_route=\/wp\/v2\/posts\/3124\/revisions"}],"predecessor-version":[{"id":3129,"href":"http:\/\/www.ardae.ro\/index.php?rest_route=\/wp\/v2\/posts\/3124\/revisions\/3129"}],"wp:attachment":[{"href":"http:\/\/www.ardae.ro\/index.php?rest_route=%2Fwp%2Fv2%2Fmedia&parent=3124"}],"wp:term":[{"taxonomy":"category","embeddable":true,"href":"http:\/\/www.ardae.ro\/index.php?rest_route=%2Fwp%2Fv2%2Fcategories&post=3124"},{"taxonomy":"post_tag","embeddable":true,"href":"http:\/\/www.ardae.ro\/index.php?rest_route=%2Fwp%2Fv2%2Ftags&post=3124"}],"curies":[{"name":"wp","href":"https:\/\/api.w.org\/{rel}","templated":true}]}}