{"id":3026,"date":"2014-03-03T13:09:44","date_gmt":"2014-03-03T13:09:44","guid":{"rendered":"http:\/\/www.ardae.ro\/?p=3026"},"modified":"2017-04-14T01:47:15","modified_gmt":"2017-04-14T01:47:15","slug":"mirela-carmen-dobrila","status":"publish","type":"post","link":"http:\/\/www.ardae.ro\/?p=3026","title":{"rendered":"Mirela Carmen DOBRILA"},"content":{"rendered":"<p><!--more--><\/p>\n<p><strong>Mirela Carmen DOBRILA<\/strong><\/p>\n<p>Asistent univ. dr. \u00een cadrul Facult\u0103\u021bii de Drept, Universitatea Alexandru Ioan Cuza din Ia\u0219i, seminarii la disciplinele Drept civil. Contracte \u0219i Drept civil. Succesiuni.<\/p>\n<p>Lucr\u0103ri publicate: Noul Cod civil, editura CH Beck, coordonatori Flavius-Antoniu Baias, Eugen Chelaru, Rodica Constantinovici, Ioan Macovei; coautorul comentariilor unui num\u0103r de 210 de articole, al\u0103turi de dl. prof. Codrin Macovei; Infrac\u021biunea de \u00een\u0219el\u0103ciune \u00een vechiul \u0219i Noul Cod penal, Editura Hamangiu, Bucure\u0219ti, 2014; peste 50 de articole \u0219i studii de specialitate \u00een domeniul \u00een care desf\u0103\u0219or seminariile, \u00een domeniul de cercetare doctoral\u0103 sau postdoctoral\u0103.<\/p>\n<p>&nbsp;<\/p>\n<p>***<\/p>\n<p><strong><a href=\"http:\/\/www.ardae.ro\/?p=47\" target=\"_blank\">Dobandirea calitatii de membru aderent<\/a><\/strong><\/p>\n<p><a href=\"http:\/\/www.ardae.ro\/?p=436\" target=\"_blank\"><strong>Lista membri aderenti ARDAE \u2013 Asociatia romana de drept si afaceri europene<\/strong><\/a><\/p>\n<p><strong>Revista ARDAE<\/strong>\u00a0\u2013\u00a0<a href=\"http:\/\/iaduer.ro\/\"><em>Afaceri juridice europene<\/em><\/a><a href=\"http:\/\/iaduer.ro\/?p=1285\" target=\"_blank\"><br \/>\n<\/a><\/p>\n<p><strong>PROIECTUL IADUER<\/strong>\u00a0\u2013 interpretarea si aplicarea dreptului Uniunii Europene in Romania \u2013\u00a0<a href=\"http:\/\/iaduer.ro\/?p=162\" target=\"_blank\">Lista trimiterilor preliminare din Romania, inregistrate la CJUE<\/a><\/p>\n<p><a href=\"http:\/\/www.csde.ro\/?page_id=2038\" target=\"_blank\">Dialog &amp; forum Drept si afaceri europene in Romania<\/a><\/p>\n<p><a href=\"https:\/\/eubusinesslaw.wordpress.com\/evenimente-drept-european-ardae\/\" target=\"_blank\"><strong>Evenimente drept european \u2013 ARDAE \u2013 Asociatia romana de drept si afaceri europene<\/strong><\/a><\/p>\n<p>&nbsp;<\/p>\n<p>&nbsp;<\/p>\n","protected":false},"excerpt":{"rendered":"","protected":false},"author":1,"featured_media":0,"comment_status":"closed","ping_status":"open","sticky":false,"template":"","format":"standard","meta":{"footnotes":""},"categories":[10],"tags":[],"class_list":["post-3026","post","type-post","status-publish","format-standard","hentry","category-membri-aderenti"],"_links":{"self":[{"href":"http:\/\/www.ardae.ro\/index.php?rest_route=\/wp\/v2\/posts\/3026"}],"collection":[{"href":"http:\/\/www.ardae.ro\/index.php?rest_route=\/wp\/v2\/posts"}],"about":[{"href":"http:\/\/www.ardae.ro\/index.php?rest_route=\/wp\/v2\/types\/post"}],"author":[{"embeddable":true,"href":"http:\/\/www.ardae.ro\/index.php?rest_route=\/wp\/v2\/users\/1"}],"replies":[{"embeddable":true,"href":"http:\/\/www.ardae.ro\/index.php?rest_route=%2Fwp%2Fv2%2Fcomments&post=3026"}],"version-history":[{"count":7,"href":"http:\/\/www.ardae.ro\/index.php?rest_route=\/wp\/v2\/posts\/3026\/revisions"}],"predecessor-version":[{"id":3204,"href":"http:\/\/www.ardae.ro\/index.php?rest_route=\/wp\/v2\/posts\/3026\/revisions\/3204"}],"wp:attachment":[{"href":"http:\/\/www.ardae.ro\/index.php?rest_route=%2Fwp%2Fv2%2Fmedia&parent=3026"}],"wp:term":[{"taxonomy":"category","embeddable":true,"href":"http:\/\/www.ardae.ro\/index.php?rest_route=%2Fwp%2Fv2%2Fcategories&post=3026"},{"taxonomy":"post_tag","embeddable":true,"href":"http:\/\/www.ardae.ro\/index.php?rest_route=%2Fwp%2Fv2%2Ftags&post=3026"}],"curies":[{"name":"wp","href":"https:\/\/api.w.org\/{rel}","templated":true}]}}