{"id":3004,"date":"2014-03-02T05:05:02","date_gmt":"2014-03-02T05:05:02","guid":{"rendered":"http:\/\/www.ardae.ro\/?p=3004"},"modified":"2017-04-14T01:49:48","modified_gmt":"2017-04-14T01:49:48","slug":"anca-monica-ardeleanu","status":"publish","type":"post","link":"http:\/\/www.ardae.ro\/?p=3004","title":{"rendered":"Anca Monica ARDELEANU"},"content":{"rendered":"<p><!--more--><\/p>\n<p><b><a href=\"http:\/\/www.ardae.ro\/wp-content\/uploads\/monica-ardeleanu-2.jpg\"><img loading=\"lazy\" decoding=\"async\" class=\"alignleft  wp-image-3014\" alt=\"monica ardeleanu 2\" src=\"http:\/\/www.ardae.ro\/wp-content\/uploads\/monica-ardeleanu-2-279x300.jpg\" width=\"167\" height=\"180\" srcset=\"http:\/\/www.ardae.ro\/wp-content\/uploads\/monica-ardeleanu-2-279x300.jpg 279w, http:\/\/www.ardae.ro\/wp-content\/uploads\/monica-ardeleanu-2.jpg 855w\" sizes=\"(max-width: 167px) 100vw, 167px\" \/><\/a>Anca Monica ARDELEANU <\/b><\/p>\n<p>Anca Monica ARDELEANU este doctor \u00een Drept, ob\u021bin\u00e2nd acest titlu \u00een anul 2005 la Universitatea din Bucure\u0219ti. \u00cen prezent este Conferen\u021biar universitar la Facultatea de Administra\u021bie \u0219i Afaceri din cadrul Universit\u0103\u021bii din Bucure\u0219ti, iar principalele zone de interes sunt legate de dreptul familiei, dreptul muncii \u0219i solu\u021bionarea alternativ\u0103 a conflictelor. \u00cen cadrul \u0218colii Postdoctorale urmate la Academia Rom\u00e2n\u0103 \u2013 Institutul Na\u021bional de Cercet\u0103ri Economice \u201dCostin C. Kiri\u021bescu\u201d a efectuat cercetarea cu tema \u201d<b><i>Medierea \u2013 component\u0103 important\u0103 a managementului conflictelor la nivel microeconomic. Rolul ei \u00een diminuarea costurilor \u015fi asigurarea unui suport sustenabil dezvolt\u0103rii firmei\u201d<\/i>. <\/b>\u00cen zonele de interes a publicat un <b><i>Curs universitar de Dreptul familiei<\/i><\/b> precum \u0219i mai multe articole \u0219tiin\u021bifice, printre cele mai recente num\u0103r\u00e2ndu-se: \u201d<b><i>Solu\u0163ionarea prin mediere a cazurilor de malpraxis medical<\/i><\/b>\u201d (Revista Dreptul nr.8\/2016), <i>\u201d<b>Principles of European Family Law Regarding Divorce \u2013 Special View over The Romanian Civil Code<\/b><\/i>\u201d<i> (<\/i>Acta Universitatis Danubius. Juridica, vol.9, nr.2\/2013). Este Editor al Revistei Analele Universit\u0103\u0163ii din Bucure\u015fti \u2013 Seria \u015etiin\u0163e Economice \u015fi Administrative (ISSN 1842-9327) \u0219i Associate<b> <\/b>Editor al Revistei Manager (ISSN 1453-0503). Totodat\u0103 este Expert evaluator \u00een cadrul Agen\u021biei Rom\u00e2ne de Asigurarea Calit\u0103\u021bii \u00een \u00cenv\u0103\u021b\u0103m\u00e2ntul Superior, Avocat \u00een cadrul Baroului Bucure\u0219ti, mediator autorizat \u0219i Pre\u0219edinte al Asocia\u021biei Rom\u00e2ne pentru Mediere Familial\u0103. (<a href=\"mailto:monica.ardeleanu@faa.unibuc.ro\">monica.ardeleanu@faa.unibuc.ro<\/a>)<\/p>\n<p>&nbsp;<\/p>\n<p>***<\/p>\n<p><strong><a href=\"http:\/\/www.ardae.ro\/?p=47\" target=\"_blank\">Dobandirea calitatii de membru aderent<\/a><\/strong><\/p>\n<p><a href=\"http:\/\/www.ardae.ro\/?p=436\" target=\"_blank\"><strong>Lista membri aderenti ARDAE \u2013 Asociatia romana de drept si afaceri europene<\/strong><\/a><\/p>\n<p><strong>Revista ARDAE<\/strong>\u00a0\u2013\u00a0<a href=\"http:\/\/iaduer.ro\/\"><em>Afaceri juridice europene<\/em><\/a><a href=\"http:\/\/iaduer.ro\/?p=1285\" target=\"_blank\"><br \/>\n<\/a><\/p>\n<p><strong>PROIECTUL IADUER<\/strong>\u00a0\u2013 interpretarea si aplicarea dreptului Uniunii Europene in Romania \u2013\u00a0<a href=\"http:\/\/iaduer.ro\/?p=162\" target=\"_blank\">Lista trimiterilor preliminare din Romania, inregistrate la CJUE<\/a><\/p>\n<p><a href=\"http:\/\/www.csde.ro\/?page_id=2038\" target=\"_blank\">Dialog &amp; forum Drept si afaceri europene in Romania<\/a><\/p>\n<p><a href=\"https:\/\/eubusinesslaw.wordpress.com\/evenimente-drept-european-ardae\/\" target=\"_blank\"><strong>Evenimente drept european \u2013 ARDAE \u2013 Asociatia romana de drept si afaceri europene<\/strong><\/a><\/p>\n","protected":false},"excerpt":{"rendered":"","protected":false},"author":1,"featured_media":0,"comment_status":"closed","ping_status":"open","sticky":false,"template":"","format":"standard","meta":{"footnotes":""},"categories":[10],"tags":[],"class_list":["post-3004","post","type-post","status-publish","format-standard","hentry","category-membri-aderenti"],"_links":{"self":[{"href":"http:\/\/www.ardae.ro\/index.php?rest_route=\/wp\/v2\/posts\/3004"}],"collection":[{"href":"http:\/\/www.ardae.ro\/index.php?rest_route=\/wp\/v2\/posts"}],"about":[{"href":"http:\/\/www.ardae.ro\/index.php?rest_route=\/wp\/v2\/types\/post"}],"author":[{"embeddable":true,"href":"http:\/\/www.ardae.ro\/index.php?rest_route=\/wp\/v2\/users\/1"}],"replies":[{"embeddable":true,"href":"http:\/\/www.ardae.ro\/index.php?rest_route=%2Fwp%2Fv2%2Fcomments&post=3004"}],"version-history":[{"count":4,"href":"http:\/\/www.ardae.ro\/index.php?rest_route=\/wp\/v2\/posts\/3004\/revisions"}],"predecessor-version":[{"id":3212,"href":"http:\/\/www.ardae.ro\/index.php?rest_route=\/wp\/v2\/posts\/3004\/revisions\/3212"}],"wp:attachment":[{"href":"http:\/\/www.ardae.ro\/index.php?rest_route=%2Fwp%2Fv2%2Fmedia&parent=3004"}],"wp:term":[{"taxonomy":"category","embeddable":true,"href":"http:\/\/www.ardae.ro\/index.php?rest_route=%2Fwp%2Fv2%2Fcategories&post=3004"},{"taxonomy":"post_tag","embeddable":true,"href":"http:\/\/www.ardae.ro\/index.php?rest_route=%2Fwp%2Fv2%2Ftags&post=3004"}],"curies":[{"name":"wp","href":"https:\/\/api.w.org\/{rel}","templated":true}]}}