{"id":2989,"date":"2017-03-02T04:46:29","date_gmt":"2017-03-02T04:46:29","guid":{"rendered":"http:\/\/www.ardae.ro\/?p=2989"},"modified":"2017-03-02T04:54:51","modified_gmt":"2017-03-02T04:54:51","slug":"ardae-protocol-de-colaborare-cu-emea-conferences-si-cia-raluca-nechimis","status":"publish","type":"post","link":"http:\/\/www.ardae.ro\/?p=2989","title":{"rendered":"ARDAE. Protocol de colaborare cu EMEA Conferences \u0219i CIA Raluca Nechimis"},"content":{"rendered":"<p><!--more--><br \/>\nS\u00e2mb\u0103t\u0103, 31 ianuarie 2017, <a href=\"http:\/\/www.ardae.ro\/?page_id=33\" target=\"_blank\">Asocia\u021bia Rom\u00e2n\u0103 de Drept \u0219i Afaceri Europene (ARDAE )<\/a> a anun\u021bat c\u0103 a \u00eencheiat un protocol de colaborare cu <a href=\"https:\/\/emeaconferences.com\/\" target=\"_blank\">EMEA Conferences<\/a> \u0219i <a href=\"http:\/\/ralucanechimis-lawoffice.com\/\" target=\"_blank\">CIA Raluca Nechimis<\/a>, \u00een vederea promov\u0103rii evenimentelor organizate de cele dou\u0103 entit\u0103\u021bi, \u00een special \u00een domeniul achizi\u021biilor publice, dar \u015fi \u00een alte domenii ale dreptului Uniunii Europene, potrivit unui\u00a0<a href=\"https:\/\/www.juridice.ro\/wp-content\/uploads\/2017\/03\/comunicat-ARDAE.pdf\" target=\"_blank\">comunicat<\/a>\u00a0al ARDAE.<\/p>\n<p>EMEA Conferences a organizat recent\u00a0Conferin\u021ba\u00a0<a href=\"https:\/\/emeaconferences.com\/public-procurement\/\" target=\"_blank\"><em>Noile directive europene privind achizi\u021biile publice<\/em>, 26 ianuarie 2017<\/a>, la care au fost invita\u021bi doi reputa\u021bi exper\u021bi europeni \u00een Dreptul Achizi\u021biilor Publice \u2013 prof.\u00a0<strong>Sue Arrowsmith<\/strong>\u00a0(expert Comisia European\u0103, OECD, Banca Mondial\u0103, WTO, ECB, UN, ILO) \u0219i\u00a0<strong>Virginie Dor<\/strong>\u00a0(expert Comisia European\u0103, partener coordonator al practicii de achizi\u021bii publice al unei prestigioase firme de avocatur\u0103 interna\u021bionale).<\/p>\n<p>EMEA Conferences invit\u0103 \u00een Rom\u00e2nia exper\u021bi recunoscu\u021bi pe plan interna\u021bional \u00een domeniul legal (\u0219i nu numai). Formatul evenimentelor pune accent pe r\u0103spunsuri punctuale la problemele de actualitate ale comunit\u0103\u021bii, pe con\u021binut relevant \u0219i de calitate livrat \u00eentr-un mod eficient \u0219i personalizat. Participan\u021bii sunt \u00eencuraja\u021bi s\u0103 discute, s\u0103 interac\u021bioneze, s\u0103 comenteze \u00een oricare moment al conferin\u021bei.<\/p>\n<p><a href=\"https:\/\/www.juridice.ro\/496788\/ardae-protocol-de-colaborare-cu-emea-conferences-si-cia-raluca-nechimis.html\" target=\"_blank\">JURIDICE.ro<\/a><\/p>\n","protected":false},"excerpt":{"rendered":"","protected":false},"author":1,"featured_media":0,"comment_status":"closed","ping_status":"open","sticky":false,"template":"","format":"standard","meta":{"footnotes":""},"categories":[74],"tags":[],"class_list":["post-2989","post","type-post","status-publish","format-standard","hentry","category-parteneriate"],"_links":{"self":[{"href":"http:\/\/www.ardae.ro\/index.php?rest_route=\/wp\/v2\/posts\/2989"}],"collection":[{"href":"http:\/\/www.ardae.ro\/index.php?rest_route=\/wp\/v2\/posts"}],"about":[{"href":"http:\/\/www.ardae.ro\/index.php?rest_route=\/wp\/v2\/types\/post"}],"author":[{"embeddable":true,"href":"http:\/\/www.ardae.ro\/index.php?rest_route=\/wp\/v2\/users\/1"}],"replies":[{"embeddable":true,"href":"http:\/\/www.ardae.ro\/index.php?rest_route=%2Fwp%2Fv2%2Fcomments&post=2989"}],"version-history":[{"count":8,"href":"http:\/\/www.ardae.ro\/index.php?rest_route=\/wp\/v2\/posts\/2989\/revisions"}],"predecessor-version":[{"id":2994,"href":"http:\/\/www.ardae.ro\/index.php?rest_route=\/wp\/v2\/posts\/2989\/revisions\/2994"}],"wp:attachment":[{"href":"http:\/\/www.ardae.ro\/index.php?rest_route=%2Fwp%2Fv2%2Fmedia&parent=2989"}],"wp:term":[{"taxonomy":"category","embeddable":true,"href":"http:\/\/www.ardae.ro\/index.php?rest_route=%2Fwp%2Fv2%2Fcategories&post=2989"},{"taxonomy":"post_tag","embeddable":true,"href":"http:\/\/www.ardae.ro\/index.php?rest_route=%2Fwp%2Fv2%2Ftags&post=2989"}],"curies":[{"name":"wp","href":"https:\/\/api.w.org\/{rel}","templated":true}]}}