{"id":2944,"date":"2017-01-31T07:38:20","date_gmt":"2017-01-31T07:38:20","guid":{"rendered":"http:\/\/www.ardae.ro\/?p=2944"},"modified":"2017-03-01T16:39:39","modified_gmt":"2017-03-01T16:39:39","slug":"protocol-intre-ardae-asociatia-romana-de-drept-si-afaceri-europene-emea-consultans-si-cia-raluca-nechimis","status":"publish","type":"post","link":"http:\/\/www.ardae.ro\/?p=2944","title":{"rendered":"Parteneriat de colaborare \u00eentre ARDAE \u2013 Asocia\u021bia Rom\u00e2n\u0103 de Drept \u0219i Afaceri Europene, EMEA Conferences \u0219i CIA Raluca Nechimi\u0219"},"content":{"rendered":"<p><!--more--><\/p>\n<p><strong><a href=\"http:\/\/www.ardae.ro\/?p=2944\" target=\"_blank\" data-saferedirecturl=\"https:\/\/www.google.com\/url?hl=ro&amp;q=http:\/\/www.ardae.ro\/?p%3D2944&amp;source=gmail&amp;ust=1488472105682000&amp;usg=AFQjCNF4LXqCjZS-xzy5gt3z3cBvSZdpWg\">Parteneriat de colaborare \u00eentre ARDAE \u2013 Asocia\u021bia Rom\u00e2n\u0103 de Drept \u0219i Afaceri Europene, EMEA Conferences \u0219i CIA Raluca Nechimi<\/a>\u0219<\/strong><\/p>\n<p>ARDAE \u2013 Asocia\u021bia Rom\u00e2n\u0103 de Drept \u0219i Afaceri Europene &#8211; a \u00eencheiat un protocol de colaborare cu EMEA Conferences \u0219i CIA Raluca Nechimis, \u00een vederea promov\u0103rii evenimentelor organizate de cele dou\u0103 entit\u0103\u021bi, \u00een special \u00een domeniul achizi\u021biilor publice, dar \u015fi \u00een alte domenii ale dreptului Uniunii Europene.<\/p>\n<p>EMEA Conferences a organizat recent\u00a0<a href=\"https:\/\/emeaconferences.com\/public-procurement\/\" target=\"_blank\" data-saferedirecturl=\"https:\/\/www.google.com\/url?hl=ro&amp;q=https:\/\/emeaconferences.com\/public-procurement\/&amp;source=gmail&amp;ust=1488472105682000&amp;usg=AFQjCNGYb7uJ0mfGYSbTE6bm3pWcxOwkXg\">Conferinta\u00a0<em>Noile directive europene privind achizi\u021biile publice<\/em>, 26 ianuarie 2017<\/a>, la care au fost invita\u021bi doi reputa\u021bi exper\u021bi europeni \u00een Dreptul Achizi\u021biilor Publice &#8211; Prof. Sue Arrowsmith (Expert Comisia Europeana, OECD, Banca Mondial\u0103, WTO, ECB, UN, ILO) \u0219i Virginie Dor (partener coordonator al practicii de achizi\u021bii publice al unei prestigioase firme de avocatur\u0103 interna\u021bionale, expert Comisia European\u0103).<\/p>\n<p>EMEA Conferences invit\u0103 \u00een Rom\u00e2nia exper\u021bi recunoscu\u021bi pe plan interna\u021bional \u00een domeniul legal (\u0219i nu numai). Formatul evenimentelor pune accent pe r\u0103spunsuri punctuale la problemele de actualitate ale comunit\u0103\u021bii, pe con\u021binut relevant \u0219i de calitate livrat \u00eentr-un mod eficient \u0219i personalizat. Participan\u021bii sunt \u00eencuraja\u021bi s\u0103 discute, s\u0103 interac\u021bioneze, s\u0103 comenteze \u00een oricare moment al conferin\u021bei.<\/p>\n<p>&nbsp;<\/p>\n","protected":false},"excerpt":{"rendered":"","protected":false},"author":1,"featured_media":0,"comment_status":"closed","ping_status":"open","sticky":false,"template":"","format":"standard","meta":{"footnotes":""},"categories":[74],"tags":[],"class_list":["post-2944","post","type-post","status-publish","format-standard","hentry","category-parteneriate"],"_links":{"self":[{"href":"http:\/\/www.ardae.ro\/index.php?rest_route=\/wp\/v2\/posts\/2944"}],"collection":[{"href":"http:\/\/www.ardae.ro\/index.php?rest_route=\/wp\/v2\/posts"}],"about":[{"href":"http:\/\/www.ardae.ro\/index.php?rest_route=\/wp\/v2\/types\/post"}],"author":[{"embeddable":true,"href":"http:\/\/www.ardae.ro\/index.php?rest_route=\/wp\/v2\/users\/1"}],"replies":[{"embeddable":true,"href":"http:\/\/www.ardae.ro\/index.php?rest_route=%2Fwp%2Fv2%2Fcomments&post=2944"}],"version-history":[{"count":8,"href":"http:\/\/www.ardae.ro\/index.php?rest_route=\/wp\/v2\/posts\/2944\/revisions"}],"predecessor-version":[{"id":2983,"href":"http:\/\/www.ardae.ro\/index.php?rest_route=\/wp\/v2\/posts\/2944\/revisions\/2983"}],"wp:attachment":[{"href":"http:\/\/www.ardae.ro\/index.php?rest_route=%2Fwp%2Fv2%2Fmedia&parent=2944"}],"wp:term":[{"taxonomy":"category","embeddable":true,"href":"http:\/\/www.ardae.ro\/index.php?rest_route=%2Fwp%2Fv2%2Fcategories&post=2944"},{"taxonomy":"post_tag","embeddable":true,"href":"http:\/\/www.ardae.ro\/index.php?rest_route=%2Fwp%2Fv2%2Ftags&post=2944"}],"curies":[{"name":"wp","href":"https:\/\/api.w.org\/{rel}","templated":true}]}}