{"id":2929,"date":"2017-02-28T07:20:31","date_gmt":"2017-02-28T07:20:31","guid":{"rendered":"http:\/\/www.ardae.ro\/?p=2929"},"modified":"2017-02-28T07:20:31","modified_gmt":"2017-02-28T07:20:31","slug":"conferinta-dreptul-comercial-si-sistemul-unitatii-dreptului-privat-roman-15-septembrie-2017","status":"publish","type":"post","link":"http:\/\/www.ardae.ro\/?p=2929","title":{"rendered":"Conferinta Dreptul comercial \u0219i sistemul unit\u0103\u021bii dreptului privat rom\u00e2n, 15 septembrie 2017"},"content":{"rendered":"<p><!--more--><\/p>\n<div><strong>Universitatea Rom\u00e2no-American\u0103<\/strong>\u00a0\u0219i\u00a0<strong>Universitatea Nicolae Titulescu<\/strong>\u00a0organizeaz\u0103 Conferin\u021ba Na\u021bional\u0103<\/div>\n<h1>Dreptul comercial \u0219i sistemul unit\u0103\u021bii dreptului privat rom\u00e2n<\/h1>\n<p>Universitatea Rom\u00e2no-American\u0103, Sala Senatului<\/p>\n<p>15 septembrie 2017<\/p>\n<div>Partener media: JURIDICE.ro<\/div>\n<p>Conferin\u021ba va reuni reputa\u021bi speciali\u0219ti rom\u00e2ni \u00een domeniul Dreptului comercial, profesori de Drept comercial de la majoritatea universit\u0103\u021bilor din \u021bar\u0103, judec\u0103tori \u0219i avoca\u021bi parteneri ai caselor de avocatur\u0103 de top, pentru a discuta stadiul, con\u021binutul \u0219i perspectivele Dreptului comercial \u00een contextul actual, precum \u0219i necesitatea unui nou Cod Comercial.<\/p>\n<p>La acest eveniment \u0219tiin\u021bific vor participa: prof. univ. dr.\u00a0<strong>Smaranda Angheni<\/strong>, rector Universitatea Titu Maiorescu;\u00a0<strong>M\u0103d\u0103lina Afr\u0103sinie<\/strong>, judec\u0103tor Tribunalul Bucure\u0219ti, sec\u021bia a VI-a civil\u0103; prof. univ. av. dr.\u00a0<strong>Lucian Bercea<\/strong>, Decanul Facult\u0103\u021bii de Drept, Universitatea de Vest Timi\u0219oara; conf. univ. av. dr.\u00a0<strong>Lucian Bojin<\/strong>, Facultatea de Drept, Universitatea de Vest Timi\u0219oara; prof. univ. dr.\u00a0<strong>Gabriel Boroi<\/strong>, Facultatea de Drept, Rector Universitatea Nicolae Titulescu; av. dr.\u00a0<strong>Gheorghe Buta<\/strong>, partener Mu\u0219at \u0219i Asocia\u021bii; prof. univ. dr.\u00a0<strong>Stanciu C\u0103rpenaru<\/strong>; prof. univ. dr.\u00a0<strong>Radu Catan\u0103<\/strong>, Facultatea de Drept, Universitatea Babe\u0219-Bolyai, Cluj Napoca; dr.\u00a0<strong>Marcela Com\u0219a<\/strong>, judec\u0103tor deta\u0219at Ministerul Justi\u021biei; conf. univ. av. dr.\u00a0<strong>Sorin David<\/strong>, Facultatea de Drept, Universitatea Bucure\u0219ti;\u00a0<strong>Horatius Dumbrav\u0103<\/strong>, judec\u0103tor Curtea de Apel T\u00eergu Mure\u0219; conf. univ. av. dr.\u00a0<strong>Gina Orga Dumitriu<\/strong>, Facultatea de Drept, Universitatea \u201eLucian Blaga\u201d, Sibiu; dr.\u00a0<strong>Gabriela Fierbin\u021beanu<\/strong>, Facultatea de Drept, Universitatea Nicolae Titulescu; lector univ. dr.\u00a0<strong>Sergiu Golub<\/strong>, Facultatea de Drept, Universitatea Babe\u0219-Bolyai, Cluj Napoca; prof. univ. dr.\u00a0<strong>Florin Mo\u021biu<\/strong>, Facultatea de Drept, Universitatea de Vest, Timi\u0219oara, judec\u0103tor Curtea de Apel Timi\u0219oara; conf. univ. av. dr.\u00a0<strong>Vasile Neme\u0219<\/strong>, Facultatea de Drept, Universitatea Nicolae Titulescu; av.\u00a0<strong>Sorina Olaru<\/strong>, partener NNKDP; conf. univ. av. dr.\u00a0<strong>Ciprian P\u0103un<\/strong>, Universitatea Babe\u0219-Bolyai, Cluj Napoca; prof. univ. av. dr.\u00a0<strong>Gheorghe Piperea<\/strong>\u00a0(\u00een curs de confirmare), Facultatea de Drept, Universitatea din Bucure\u0219ti; lector univ. dr.\u00a0<strong>Manole Popa<\/strong>, Facultatea de Drept, Universitatea din Bucure\u0219ti; prof. univ. dr.<strong>Titus Prescure<\/strong>, prodecan, Facultatea de Drept, Universitatea Transilvania, Bra\u0219ov;\u00a0<strong>Claudia Ro\u0219ianu<\/strong>, consilier juridic Ministerul Justi\u021biei;\u00a0<strong>Elisabeta Ro\u0219u<\/strong>, judec\u0103tor, pre\u0219edinte Curtea de Apel Bucure\u0219ti; prof. univ. av. dr.\u00a0<strong>Lucian S\u0103uleanu<\/strong>, Facultatea de Drept, Universitatea din Craiova, Decanul Baroului Dolj; av. dr.\u00a0<strong>Andrei S\u0103vescu<\/strong>, Societatea de \u0218tiin\u021be Juridice; conf. univ. dr.<strong>Ion Schiau<\/strong>, Facultatea de Drept, Universitatea Transilvania, Bra\u0219ov; prof. univ. dr.\u00a0<strong>Mihai \u0218andru<\/strong>, Academia Rom\u00e2n\u0103, Universitatea Cre\u0219tin\u0103 Dimitrie Cantemir; conf. univ. av. dr.\u00a0<strong>Lavinia Tec<\/strong>, Facultatea de Drept, Universitatea de Vest, Timi\u0219oara; av. dr.\u00a0<strong>Florentin \u021auca<\/strong>, Managing Partner \u021aUCA ZB\u00c2RCEA &amp; ASOCIA\u021aII, conf. univ. dr.\u00a0<strong>Diana Ungureanu<\/strong>, judec\u0103tor \u0219i formator INM; dr.\u00a0<strong>Eugenia Voicheci<\/strong>, judec\u0103tor, \u00cenalta Curte de Casa\u021bie \u0219i Justi\u021bie; lector univ. av. dr.\u00a0<strong>Cosmin Vasile<\/strong>, Managing Partner ZAMFIRESCU RACO\u021aI &amp; PARTNERS; conf. univ. av. dr.\u00a0<strong>Lumini\u021ba Tulea\u0219c\u0103<\/strong>, Facultatea de Drept, Universitatea Rom\u00e2no-American\u0103, Managing Partner\u00a0<a href=\"http:\/\/www.tuleasca.ro\/\" target=\"_blank\">TULEA\u0218C\u0102 LAWYERS<\/a>.<\/p>\n<p>Comitetul de organizare: conf. univ. dr.\u00a0<strong>Lumini\u021ba Tulea\u0219c\u0103<\/strong>\u00a0(Project Manager), prof. univ. dr.\u00a0<strong>Vasile Neme\u0219<\/strong>, conf. univ. dr.<strong>Ciprian P\u0103un<\/strong>, conf. univ. av. dr.\u00a0<strong>Sorin David<\/strong>, prof. univ. dr.\u00a0<strong>Mihai \u0218andru<\/strong>, lector univ. dr.\u00a0<strong>Manole Popa<\/strong>, lector univ. dr.\u00a0<strong>Sergiu Golub<\/strong>, conf. univ. av. dr.\u00a0<strong>Lucian Bojin<\/strong>, conf. univ. av. dr.\u00a0<strong>Lavinia Tec<\/strong>, conf. univ. dr.\u00a0<strong>Gina Orga Dumitriu<\/strong>, dr.\u00a0<strong>Gabriela Fierbin\u021beanu<\/strong>, lector univ. dr.\u00a0<strong>Dan Alexandru Sitaru<\/strong>,\u00a0<strong>Alina Purice<\/strong>,\u00a0<strong>Diana Harrocks<\/strong>.<\/p>\n<p>Comitetul \u0219tiin\u021bific: prof. univ. dr. h.c.\u00a0<strong>Stanciu D. C\u0103rpenaru<\/strong>, prof. univ. dr.\u00a0<strong>Smaranda Angheni<\/strong>, Rector al Universit\u0103\u021bii Titu Maiorescu, prof. univ. dr.\u00a0<strong>Radu Catan\u0103<\/strong>, Facultatea de Drept, Universitatea Babe\u0219 Bolyai, prof. univ. dr.\u00a0<strong>Florin Mo\u021biu<\/strong>, Facultatea de Drept, Universitatea de Vest Timi\u0219oara, prof. univ. av. dr.\u00a0<strong>Lucian S\u0103uleanu<\/strong>, Facultatea de Drept, Universitatea din Craiova, Decanul Baroului Dolj.<\/p>\n<p><a href=\"https:\/\/evenimente.juridice.ro\/2017\/02\/dreptul-comercial-si-sistemul-unitatii-dreptului-privat-roman-15-septembrie-2017-bucuresti.html\" target=\"_blank\">Evenimente.Juridice.ro<\/a><\/p>\n","protected":false},"excerpt":{"rendered":"","protected":false},"author":1,"featured_media":0,"comment_status":"closed","ping_status":"open","sticky":false,"template":"","format":"standard","meta":{"footnotes":""},"categories":[48],"tags":[],"class_list":["post-2929","post","type-post","status-publish","format-standard","hentry","category-evenimente"],"_links":{"self":[{"href":"http:\/\/www.ardae.ro\/index.php?rest_route=\/wp\/v2\/posts\/2929"}],"collection":[{"href":"http:\/\/www.ardae.ro\/index.php?rest_route=\/wp\/v2\/posts"}],"about":[{"href":"http:\/\/www.ardae.ro\/index.php?rest_route=\/wp\/v2\/types\/post"}],"author":[{"embeddable":true,"href":"http:\/\/www.ardae.ro\/index.php?rest_route=\/wp\/v2\/users\/1"}],"replies":[{"embeddable":true,"href":"http:\/\/www.ardae.ro\/index.php?rest_route=%2Fwp%2Fv2%2Fcomments&post=2929"}],"version-history":[{"count":1,"href":"http:\/\/www.ardae.ro\/index.php?rest_route=\/wp\/v2\/posts\/2929\/revisions"}],"predecessor-version":[{"id":2930,"href":"http:\/\/www.ardae.ro\/index.php?rest_route=\/wp\/v2\/posts\/2929\/revisions\/2930"}],"wp:attachment":[{"href":"http:\/\/www.ardae.ro\/index.php?rest_route=%2Fwp%2Fv2%2Fmedia&parent=2929"}],"wp:term":[{"taxonomy":"category","embeddable":true,"href":"http:\/\/www.ardae.ro\/index.php?rest_route=%2Fwp%2Fv2%2Fcategories&post=2929"},{"taxonomy":"post_tag","embeddable":true,"href":"http:\/\/www.ardae.ro\/index.php?rest_route=%2Fwp%2Fv2%2Ftags&post=2929"}],"curies":[{"name":"wp","href":"https:\/\/api.w.org\/{rel}","templated":true}]}}