{"id":2865,"date":"2017-02-25T17:01:47","date_gmt":"2017-02-25T17:01:47","guid":{"rendered":"http:\/\/www.ardae.ro\/?p=2865"},"modified":"2017-02-25T17:01:47","modified_gmt":"2017-02-25T17:01:47","slug":"dragos-alexandru-efrim","status":"publish","type":"post","link":"http:\/\/www.ardae.ro\/?p=2865","title":{"rendered":"Dragos Alexandru Efrim"},"content":{"rendered":"<p><!--more--><\/p>\n<p>Dragos Alexandru Efrim<\/p>\n<p>Avocat definitiv, membru al Barului Bucure\u0219ti \u00eencep\u00e2nd cu luna februarie 2017, membru al Baroului Dolj \u00een perioada noiembrie 2009 \u2013 februarie 2017. Specializat \u00een drept civil \u0219i comercial, precum \u0219i protec\u021bia consumatorilor. A fost implicat \u00een principal \u00een litigii privind executarea contractelor comerciale, clauzele abuzive \u00een contractele \u00eencheiate \u00eentre profesioni\u0219ti \u0219i consumatori, dar \u0219i \u00een litigii de drept fiscal, administrativ, procedura insolven\u021bei \u0219i conflicte de munc\u0103. A beneficiat, de asemenea, de experien\u021b\u0103 \u00een litigii care implic\u0103 protec\u021bia drepturilor omului \u00een materia \u00eenc\u0103lc\u0103rii dreptului de proprietate, drepturile personalit\u0103\u021bii \u0219i libertatea de exprimare. Doctor \u00een drept, titlu ob\u021binut prin sus\u021binerea tezei cu titlul \u201eDreptul la educa\u021bie\u201d \u00een data de 7 mai 2014. Activitate de cercetare \u00eenceput\u0103 \u00een perioada studiilor doctorale \u0219i continuat\u0103 prin participarea la multiple conferin\u021be \u0219i alte proiecte interna\u021bionale. \u00cen prezent continua implicarea \u00een cercetarea \u0219tiin\u021bific\u0103 \u00een mod special \u00een domeniul protec\u021biei dreptului fundamental la educa\u021bie \u0219i a drepturilor \u00een educa\u021bie. \u00cen acest sens, prin participarea la mai multe proiecte, a dob\u00e2ndit calitatea de membru al <a href=\"http:\/\/www.lawandeducation.com\/main.aspx?c=.ELA&amp;n=63187\" target=\"_blank\">ELA \u2013 European Associations for Education Law and Policy<\/a>, coordonat\u0103 de prof. Jan De Groof \u0219i prof. Gracienne Lauwers<\/p>\n<p>&nbsp;<\/p>\n<p>***<\/p>\n<p><a href=\"http:\/\/www.ardae.ro\/?p=436\" target=\"_blank\"><strong>Lista membri aderenti ARDAE \u2013 Asociatia romana de drept si afaceri europene<\/strong><\/a><\/p>\n<p><strong>Revista ARDAE<\/strong>\u00a0\u2013\u00a0<a href=\"http:\/\/iaduer.ro\/\"><em>Afaceri juridice europene<\/em><\/a><a href=\"http:\/\/iaduer.ro\/?p=1285\" target=\"_blank\"><br \/>\n<\/a><\/p>\n<p><strong>PROIECTUL IADUER<\/strong>\u00a0\u2013 interpretarea si aplicarea dreptului Uniunii Europene in Romania \u2013\u00a0<a href=\"http:\/\/iaduer.ro\/?p=162\" target=\"_blank\">Lista trimiterilor preliminare din Romania, inregistrate la CJUE<\/a><\/p>\n<p><a href=\"http:\/\/www.csde.ro\/?page_id=2038\" target=\"_blank\">Dialog &amp; forum Drept si afaceri europene in Romania<\/a><\/p>\n<p><a href=\"https:\/\/eubusinesslaw.wordpress.com\/evenimente-drept-european-ardae\/\" target=\"_blank\"><strong>Evenimente drept european \u2013 ARDAE \u2013 Asociatia romana de drept si afaceri europene<\/strong><\/a><\/p>\n<p>&nbsp;<\/p>\n<p>&nbsp;<\/p>\n","protected":false},"excerpt":{"rendered":"","protected":false},"author":1,"featured_media":0,"comment_status":"closed","ping_status":"open","sticky":false,"template":"","format":"standard","meta":{"footnotes":""},"categories":[10],"tags":[],"class_list":["post-2865","post","type-post","status-publish","format-standard","hentry","category-membri-aderenti"],"_links":{"self":[{"href":"http:\/\/www.ardae.ro\/index.php?rest_route=\/wp\/v2\/posts\/2865"}],"collection":[{"href":"http:\/\/www.ardae.ro\/index.php?rest_route=\/wp\/v2\/posts"}],"about":[{"href":"http:\/\/www.ardae.ro\/index.php?rest_route=\/wp\/v2\/types\/post"}],"author":[{"embeddable":true,"href":"http:\/\/www.ardae.ro\/index.php?rest_route=\/wp\/v2\/users\/1"}],"replies":[{"embeddable":true,"href":"http:\/\/www.ardae.ro\/index.php?rest_route=%2Fwp%2Fv2%2Fcomments&post=2865"}],"version-history":[{"count":1,"href":"http:\/\/www.ardae.ro\/index.php?rest_route=\/wp\/v2\/posts\/2865\/revisions"}],"predecessor-version":[{"id":2866,"href":"http:\/\/www.ardae.ro\/index.php?rest_route=\/wp\/v2\/posts\/2865\/revisions\/2866"}],"wp:attachment":[{"href":"http:\/\/www.ardae.ro\/index.php?rest_route=%2Fwp%2Fv2%2Fmedia&parent=2865"}],"wp:term":[{"taxonomy":"category","embeddable":true,"href":"http:\/\/www.ardae.ro\/index.php?rest_route=%2Fwp%2Fv2%2Fcategories&post=2865"},{"taxonomy":"post_tag","embeddable":true,"href":"http:\/\/www.ardae.ro\/index.php?rest_route=%2Fwp%2Fv2%2Ftags&post=2865"}],"curies":[{"name":"wp","href":"https:\/\/api.w.org\/{rel}","templated":true}]}}