{"id":2839,"date":"2017-02-23T13:52:37","date_gmt":"2017-02-23T13:52:37","guid":{"rendered":"http:\/\/www.ardae.ro\/?p=2839"},"modified":"2017-02-25T17:23:00","modified_gmt":"2017-02-25T17:23:00","slug":"codrin-codrea","status":"publish","type":"post","link":"http:\/\/www.ardae.ro\/?p=2839","title":{"rendered":"Codrin Codrea"},"content":{"rendered":"<p><!--more--><\/p>\n<p>Dr. Codrin Codrea<\/p>\n<p>Cadru didactic la Facultatea de Drept, Universitatea \u201eAlexandru Ioan Cuza\u201d din Ia\u0219i, pentru disciplinele Drept Civil &#8211; Drepturi Reale, Drept Civil &#8211; Obliga\u021bii, Drept European General, Conven\u021bia European\u0103 a Drepturilor Omului &#8211; Jurispruden\u021b\u0103 CEDO\u00a0<br id=\"m_1029862881883873172yui_3_16_0_1_1487926280236_7026\" \/>Coordonator, al\u0103turi de Domnul profesor universitar doctor Valerius M. Ciuc\u0103, al Cercului de Hermeneutic\u0103 Juridic\u0103 \u201e\u0218coala Dreptului Organic\u201d, din cadrul Centrului Robertianum de Drept Privat al Facult\u0103\u021bii de Drept a Universit\u0103\u021bii \u201eAlexandru Ioan Cuza\u201d din Ia\u0219i\u00a0<br id=\"m_1029862881883873172yui_3_16_0_1_1487926280236_7027\" \/>Autor de c\u0103r\u021bi, articole de specialitate, studii, \u00een domeniile: Drept Privat Comparat, Filosofia Dreptului, Drept European, Drepturile Omului<\/p>\n<p>&nbsp;<\/p>\n<p>Membru aderent ARDAE de la 23 februarie 2017<\/p>\n<p>***<\/p>\n<p><a href=\"http:\/\/www.ardae.ro\/?p=436\" target=\"_blank\"><strong>Lista membri aderenti ARDAE \u2013 Asociatia romana de drept si afaceri europene<\/strong><\/a><\/p>\n<p><strong>Revista ARDAE<\/strong>\u00a0\u2013\u00a0<a href=\"http:\/\/iaduer.ro\/\"><em>Afaceri juridice europene<\/em><\/a><a href=\"http:\/\/iaduer.ro\/?p=1285\" target=\"_blank\"><br \/>\n<\/a><\/p>\n<p><strong>PROIECTUL IADUER<\/strong>\u00a0\u2013 interpretarea si aplicarea dreptului Uniunii Europene in Romania \u2013\u00a0<a href=\"http:\/\/iaduer.ro\/?p=162\" target=\"_blank\">Lista trimiterilor preliminare din Romania, inregistrate la CJUE<\/a><\/p>\n<p><a href=\"http:\/\/www.csde.ro\/?page_id=2038\" target=\"_blank\">Dialog &amp; forum Drept si afaceri europene in Romania<\/a><\/p>\n<p><a href=\"https:\/\/eubusinesslaw.wordpress.com\/evenimente-drept-european-ardae\/\" target=\"_blank\"><strong>Evenimente drept european \u2013 ARDAE \u2013 Asociatia romana de drept si afaceri europene<\/strong><\/a><\/p>\n","protected":false},"excerpt":{"rendered":"","protected":false},"author":1,"featured_media":0,"comment_status":"closed","ping_status":"open","sticky":false,"template":"","format":"standard","meta":{"footnotes":""},"categories":[10],"tags":[],"class_list":["post-2839","post","type-post","status-publish","format-standard","hentry","category-membri-aderenti"],"_links":{"self":[{"href":"http:\/\/www.ardae.ro\/index.php?rest_route=\/wp\/v2\/posts\/2839"}],"collection":[{"href":"http:\/\/www.ardae.ro\/index.php?rest_route=\/wp\/v2\/posts"}],"about":[{"href":"http:\/\/www.ardae.ro\/index.php?rest_route=\/wp\/v2\/types\/post"}],"author":[{"embeddable":true,"href":"http:\/\/www.ardae.ro\/index.php?rest_route=\/wp\/v2\/users\/1"}],"replies":[{"embeddable":true,"href":"http:\/\/www.ardae.ro\/index.php?rest_route=%2Fwp%2Fv2%2Fcomments&post=2839"}],"version-history":[{"count":2,"href":"http:\/\/www.ardae.ro\/index.php?rest_route=\/wp\/v2\/posts\/2839\/revisions"}],"predecessor-version":[{"id":2880,"href":"http:\/\/www.ardae.ro\/index.php?rest_route=\/wp\/v2\/posts\/2839\/revisions\/2880"}],"wp:attachment":[{"href":"http:\/\/www.ardae.ro\/index.php?rest_route=%2Fwp%2Fv2%2Fmedia&parent=2839"}],"wp:term":[{"taxonomy":"category","embeddable":true,"href":"http:\/\/www.ardae.ro\/index.php?rest_route=%2Fwp%2Fv2%2Fcategories&post=2839"},{"taxonomy":"post_tag","embeddable":true,"href":"http:\/\/www.ardae.ro\/index.php?rest_route=%2Fwp%2Fv2%2Ftags&post=2839"}],"curies":[{"name":"wp","href":"https:\/\/api.w.org\/{rel}","templated":true}]}}