{"id":2836,"date":"2017-02-22T19:45:46","date_gmt":"2017-02-22T19:45:46","guid":{"rendered":"http:\/\/www.ardae.ro\/?p=2836"},"modified":"2017-02-22T19:45:46","modified_gmt":"2017-02-22T19:45:46","slug":"dezbatere-cultura-dreptului-european-drept-si-politica-in-uniunea-europeana-24-februarie-2017","status":"publish","type":"post","link":"http:\/\/www.ardae.ro\/?p=2836","title":{"rendered":"DEZBATERE CULTURA DREPTULUI EUROPEAN: DREPT \u015eI POLITIC\u0102 \u00ceN UNIUNEA EUROPEAN\u0102, 24 februarie 2017"},"content":{"rendered":"<p><!--more--><\/p>\n<p><strong><a href=\"http:\/\/www.univ-danubius.ro\/nout%C4%83%C5%A3i\/cultura-dreptului-european-drept-%C5%9Fi-politic%C4%83-%C3%AEn-uniunea-european%C4%83.html\" target=\"_blank\"><img loading=\"lazy\" decoding=\"async\" class=\"alignleft size-medium wp-image-2837\" alt=\"CULTURA-DREPTULUI-EUROPEAN\" src=\"http:\/\/www.ardae.ro\/wp-content\/uploads\/CULTURA-DREPTULUI-EUROPEAN-212x300.jpg\" width=\"212\" height=\"300\" srcset=\"http:\/\/www.ardae.ro\/wp-content\/uploads\/CULTURA-DREPTULUI-EUROPEAN-212x300.jpg 212w, http:\/\/www.ardae.ro\/wp-content\/uploads\/CULTURA-DREPTULUI-EUROPEAN-726x1024.jpg 726w, http:\/\/www.ardae.ro\/wp-content\/uploads\/CULTURA-DREPTULUI-EUROPEAN.jpg 1200w\" sizes=\"(max-width: 212px) 100vw, 212px\" \/><\/a>Mas\u0103 rotund\u0103 cu dl. Prof. univ. dr. Mihai \u0218ANDRU \u0219i dl. dr. Tudor AVRIGEANU \u2013<\/strong><\/p>\n<p><strong>Vineri, 24 februarie, ora 12.00, Sala Senatului<\/strong><\/p>\n<p><strong>Organizatori:<\/strong><\/p>\n<p><strong>Asocia\u021bia Rom\u00e2n\u0103 de Drept \u0219i Afaceri Europene<\/strong><\/p>\n<p><strong>Facultatea de Drept a Universit\u0103\u021bii \u201dDanubius\u201d<\/strong><\/p>\n<p>Studen\u021bii \u0219i cadrele didactice ale\u00a0<a href=\"http:\/\/www.univ-danubius.ro\/facultatea-de-drept-2\/prezentare-facultatea-de-drept.html\">Facult\u0103\u021bii de Drept<\/a>\u00a0\u2013\u00a0<a href=\"http:\/\/www.univ-danubius.ro\/\">Universitatea \u201dDanubius\u201d<\/a>\u00a0sunt invita\u021bi s\u0103 participe, vineri, 24 februarie, ora 12.00, Sala Senatului, la dezbaterile extraordinare din cadrul mesei rotunde cu tema:\u00a0<strong><em>Cultura Dreptului European: Drept \u0219i Politic\u0103 \u00een Uniunea European\u0103.<\/em><\/strong><\/p>\n<p>Europa, identitatea european\u0103, locul \u0219i rolul dreptului \u0219i al politicii \u00een Uniunea European\u0103 sunt termenii- cheie ai interac\u021biunii \u0219tiin\u021bifice dintre studen\u021bi, profesori \u0219i invita\u021bii speciali.<\/p>\n<p>Invita\u021bii<strong>\u00a0speciali ai acestui eveniment sunt:<\/strong><\/p>\n<p><strong>MIHAI \u0218ANDRU<\/strong>\u00a0\u2013 profesor universitar la Universitatea Cre\u015ftin\u0103 \u201eDimitrie Cantemir\u201d \u015fi Universitatea din Bucure\u015fti. A fondat \u015fi coordoneaz\u0103 Centrul de Studii de Drept European al Institutului de Cercet\u0103ri Juridice \u201eAcad. Andrei R\u0103dulescu\u201d al Academiei Rom\u00e2ne. Judec\u0103tor ad hoc la Curtea European\u0103 a Drepturilor Omului \u015fi arbitru la Curtea de Arbitraj Comercial Interna\u0163ional de pe l\u00e2ng\u0103 Camera de Comer\u0163 \u015fi Industrie a Rom\u00e2niei. Pre\u015fedinte al Societ\u0103\u0163ii de \u015etiin\u0163e Juridice \u015fi al Asocia\u0163iei Rom\u00e2ne de Drept \u015fi Afaceri Europene. Redactor \u015fef al Revistei rom\u00e2ne de drept european (Wolters Kluwer).<\/p>\n<p><strong>TUDOR AVRIGEANU<\/strong>\u00a0\u2013\u00a0 cercet\u0103tor \u0219tiin\u021bific gradul II \u00een cadrul Institutului de Cercet\u0103ri Juridice \u201eAcad. Andrei R\u0103dulescu\u201d al Academiei Rom\u00e2ne, Magister \u00een drept comparat \u0219i doctor \u00een drept al Rheinische Friedrich-Wilhelms-Universit\u00e4t Bonn, specializat in filosofia dreptului \u0219i teoria dreptului penal.<\/p>\n<p>Intrarea este liber\u0103 iar cei prezen\u021bi vor primi diplome de participare.<\/p>\n<p>Purt\u0103tor de cuv\u00e2nt \u2013 Universitatea \u201dDanubius\u201d,<\/p>\n<p>Ana Alina IONESCU DUMITRACHE<\/p>\n","protected":false},"excerpt":{"rendered":"","protected":false},"author":1,"featured_media":0,"comment_status":"closed","ping_status":"open","sticky":false,"template":"","format":"standard","meta":{"footnotes":""},"categories":[48],"tags":[],"class_list":["post-2836","post","type-post","status-publish","format-standard","hentry","category-evenimente"],"_links":{"self":[{"href":"http:\/\/www.ardae.ro\/index.php?rest_route=\/wp\/v2\/posts\/2836"}],"collection":[{"href":"http:\/\/www.ardae.ro\/index.php?rest_route=\/wp\/v2\/posts"}],"about":[{"href":"http:\/\/www.ardae.ro\/index.php?rest_route=\/wp\/v2\/types\/post"}],"author":[{"embeddable":true,"href":"http:\/\/www.ardae.ro\/index.php?rest_route=\/wp\/v2\/users\/1"}],"replies":[{"embeddable":true,"href":"http:\/\/www.ardae.ro\/index.php?rest_route=%2Fwp%2Fv2%2Fcomments&post=2836"}],"version-history":[{"count":1,"href":"http:\/\/www.ardae.ro\/index.php?rest_route=\/wp\/v2\/posts\/2836\/revisions"}],"predecessor-version":[{"id":2838,"href":"http:\/\/www.ardae.ro\/index.php?rest_route=\/wp\/v2\/posts\/2836\/revisions\/2838"}],"wp:attachment":[{"href":"http:\/\/www.ardae.ro\/index.php?rest_route=%2Fwp%2Fv2%2Fmedia&parent=2836"}],"wp:term":[{"taxonomy":"category","embeddable":true,"href":"http:\/\/www.ardae.ro\/index.php?rest_route=%2Fwp%2Fv2%2Fcategories&post=2836"},{"taxonomy":"post_tag","embeddable":true,"href":"http:\/\/www.ardae.ro\/index.php?rest_route=%2Fwp%2Fv2%2Ftags&post=2836"}],"curies":[{"name":"wp","href":"https:\/\/api.w.org\/{rel}","templated":true}]}}